{"id":319491,"date":"2026-01-02T17:51:06","date_gmt":"2026-01-02T17:51:06","guid":{"rendered":"https:\/\/www.europesays.com\/es\/319491\/"},"modified":"2026-01-02T17:51:06","modified_gmt":"2026-01-02T17:51:06","slug":"la-onu-pide-a-israel-retirar-las-propuestas-para-imponer-la-pena-de-muerte-a-palestinos","status":"publish","type":"post","link":"https:\/\/www.europesays.com\/es\/319491\/","title":{"rendered":"La ONU pide a Israel retirar las propuestas para imponer la pena de muerte a palestinos"},"content":{"rendered":"<p>El Alto Comisionado de las Naciones Unidas para los Derechos Humanos inst\u00f3 este viernes a las autoridades israel\u00edes a retirar los proyectos de ley que buscan introducir la pena de muerte obligatoria exclusivamente para palestinos en determinadas circunstancias, tanto en el Territorio Palestino Ocupado como en Israel.<\/p>\n<p><a href=\"https:\/\/www.ohchr.org\/es\/about-us\/high-commissioner\/volker-turk\" rel=\"nofollow noopener\" target=\"_blank\">Volker T\u00fcrk <\/a>indic\u00f3 que las propuestas actualmente en debate en la Kn\u00e9set, el Parlamento israel\u00ed, reducen el umbral para la aplicaci\u00f3n de la pena capital y plantean \u201cgraves preocupaciones\u201d por su car\u00e1cter discriminatorio, la vulneraci\u00f3n de las garant\u00edas del debido proceso y m\u00faltiples violaciones del derecho internacional de los <a href=\"https:\/\/news.un.org\/es\/news\/topic\/human-rights\" rel=\"nofollow noopener\" target=\"_blank\">derechos humanos<\/a> y del derecho internacional humanitario.<\/p>\n<p>\u201cCuando se trata de la pena de muerte, las Naciones Unidas son muy claras y se oponen a ella en todas las circunstancias\u201d, afirm\u00f3 el Alto Comisionado. \u201cEs profundamente dif\u00edcil conciliar este castigo con la dignidad humana y conlleva el <strong>riesgo inaceptable de ejecutar a personas inocentes<\/strong>\u201d.<\/p>\n<p>T\u00fcrk se\u00f1al\u00f3 que los proyectos legislativos contravienen las obligaciones de Israel en virtud del <a href=\"https:\/\/www.ohchr.org\/es\/instruments-mechanisms\/instruments\/international-covenant-civil-and-political-rights\" rel=\"nofollow noopener\" target=\"_blank\">Pacto Internacional de Derechos Civiles y Pol\u00edtico<\/a>s, en particular por introducir sentencias de muerte obligatorias que no dejan margen de discreci\u00f3n a los tribunales y vulneran el derecho a la vida.<\/p>\n<p>Adem\u00e1s, subray\u00f3 que las propuestas ser\u00edan aplicadas exclusivamente a palestinos, lo que <strong>refuerza su car\u00e1cter discriminatorio<\/strong>. De acuerdo con el Alto Comisionado, el lenguaje de los proyectos de ley y las declaraciones de responsables pol\u00edticos israel\u00edes indican que estas medidas est\u00e1n dirigidas \u00fanicamente contra palestinos, quienes con frecuencia son condenados tras juicios que no cumplen con las normas internacionales de equidad.<\/p>\n<p>Modificaci\u00f3n de la legislaci\u00f3n en la Cisjordania ocupada<\/p>\n<p>Las reformas previstas modificar\u00edan la legislaci\u00f3n militar aplicable en Cisjordania ocupada, obligando a los tribunales militares a imponer la pena de muerte en todos los casos de condena por homicidio intencional. Asimismo, se propone enmendar el C\u00f3digo Penal israel\u00ed para introducir la pena capital en casos de asesinato intencional de ciudadanos israel\u00edes en actos considerados terroristas.<\/p>\n<p>T\u00fcrk advirti\u00f3 que estas disposiciones podr\u00edan aplicarse de manera retroactiva a personas condenadas por hechos relacionados con los ataques del 7 de octubre de 2023, lo que <strong>violar\u00eda el principio de legalidad reconocido en el derecho internacional<\/strong>.\u00a0<\/p>\n<p>Tambi\u00e9n alert\u00f3 sobre la inclusi\u00f3n de <strong>definiciones vagas y excesivamente amplias<\/strong> de delitos como \u201cterrorismo, racismo u hostilidad hacia el p\u00fablico\u201d.<\/p>\n<p>Finalmente, el Alto Comisionado record\u00f3 que el derecho internacional humanitario proh\u00edbe la imposici\u00f3n de la pena de muerte a personas que viven en un territorio ocupado sin las debidas garant\u00edas judiciales. Negar a palestinos de Cisjordania y <a href=\"https:\/\/news.un.org\/es\/events\/israel-palestina\" rel=\"nofollow noopener\" target=\"_blank\">Gaza<\/a> los derechos a un juicio justo establecidos en el Cuarto Convenio de Ginebra, concluy\u00f3, <strong>podr\u00eda constituir un crimen de guerra<\/strong>.<\/p>\n","protected":false},"excerpt":{"rendered":"El Alto Comisionado de las Naciones Unidas para los Derechos Humanos inst\u00f3 este viernes a las autoridades israel\u00edes&hellip;\n","protected":false},"author":2,"featured_media":319492,"comment_status":"","ping_status":"","sticky":false,"template":"","format":"standard","meta":{"footnotes":""},"categories":[42],"tags":[17,18,13,14,11,61,62,63,64,19,20,9,10,15,16,12,21,22,65,66,67],"class_list":{"0":"post-319491","1":"post","2":"type-post","3":"status-publish","4":"format-standard","5":"has-post-thumbnail","7":"category-internacional","8":"tag-breaking-news","9":"tag-breakingnews","10":"tag-featured-news","11":"tag-featurednews","12":"tag-headlines","13":"tag-internacional","14":"tag-international","15":"tag-international-news","16":"tag-internationalnews","17":"tag-latest-news","18":"tag-latestnews","19":"tag-news","20":"tag-noticias","21":"tag-noticias-destacadas","22":"tag-noticiasdestacadas","23":"tag-titulares","24":"tag-ultimas-noticias","25":"tag-ultimasnoticias","26":"tag-world","27":"tag-world-news","28":"tag-worldnews"},"share_on_mastodon":{"url":"https:\/\/pubeurope.com\/@es\/115826779527750988","error":""},"_links":{"self":[{"href":"https:\/\/www.europesays.com\/es\/wp-json\/wp\/v2\/posts\/319491","targetHints":{"allow":["GET"]}}],"collection":[{"href":"https:\/\/www.europesays.com\/es\/wp-json\/wp\/v2\/posts"}],"about":[{"href":"https:\/\/www.europesays.com\/es\/wp-json\/wp\/v2\/types\/post"}],"author":[{"embeddable":true,"href":"https:\/\/www.europesays.com\/es\/wp-json\/wp\/v2\/users\/2"}],"replies":[{"embeddable":true,"href":"https:\/\/www.europesays.com\/es\/wp-json\/wp\/v2\/comments?post=319491"}],"version-history":[{"count":0,"href":"https:\/\/www.europesays.com\/es\/wp-json\/wp\/v2\/posts\/319491\/revisions"}],"wp:featuredmedia":[{"embeddable":true,"href":"https:\/\/www.europesays.com\/es\/wp-json\/wp\/v2\/media\/319492"}],"wp:attachment":[{"href":"https:\/\/www.europesays.com\/es\/wp-json\/wp\/v2\/media?parent=319491"}],"wp:term":[{"taxonomy":"category","embeddable":true,"href":"https:\/\/www.europesays.com\/es\/wp-json\/wp\/v2\/categories?post=319491"},{"taxonomy":"post_tag","embeddable":true,"href":"https:\/\/www.europesays.com\/es\/wp-json\/wp\/v2\/tags?post=319491"}],"curies":[{"name":"wp","href":"https:\/\/api.w.org\/{rel}","templated":true}]}}