{"id":319505,"date":"2026-01-02T18:04:18","date_gmt":"2026-01-02T18:04:18","guid":{"rendered":"https:\/\/www.europesays.com\/es\/319505\/"},"modified":"2026-01-02T18:04:18","modified_gmt":"2026-01-02T18:04:18","slug":"es-literalmente-irte-a-hace-100-o-200-anos","status":"publish","type":"post","link":"https:\/\/www.europesays.com\/es\/319505\/","title":{"rendered":"\u201cEs literalmente irte a hace 100 o 200 a\u00f1os\u00bb"},"content":{"rendered":"<p class=\"description\"><b>Especial Navidad<\/b>: Suscr\u00edbete hoy a Viajes National Geographic por solo <b>1\u20ac\/mes<\/b>. \u00a1\u00daltima oportunidad -75%!<\/p>\n<p><a href=\"https:\/\/tienda.rba.es\/revistas\/landing-suscripcion-oferta-1e-12m-ngmv?ORIGIN=REF&amp;rba_click=RBA_rev_ngmv_es_web_conv_pur_pro_noa_oferta-especial-2025_sus-plu_precio_fns&amp;rba_bh=ngmv\" class=\"more-link\" data-ga4_event=\"custom_event\" data-ga4_event_name=\"click_cta\" data-ga4_link_url=\"https:\/\/tienda.rba.es\/revistas\/landing-suscripcion-oferta-1e-12m-ngmv?ORIGIN=REF&amp;rba_click=RBA_rev_ngmv_es_web_conv_pur_pro_noa_oferta-especial-2025_sus-plu_precio_fns&amp;rba_bh=ngmv\" data-ga4_content_type=\"lead\" data-ga4_element=\"article_phrase\" rel=\"nofollow noopener\" target=\"_blank\">DESC\u00daBRELO<\/a><\/p>\n<p>Hay arquitectos que hacen su trabajo bien. Y luego hay arquitectos que hacen de su trabajo algo \u00fanico. <strong>Pablo Farf\u00e1n<\/strong> \u2014capaz de buscar en archivos hist\u00f3ricos para descifrar manuscritos del siglo XVI escritos con pluma de ganso\u2014 es de los que se encuentran\u00a0en la segunda categor\u00eda. Mientras otros levantan estructuras con hormig\u00f3n y aislantes petroqu\u00edmicos, \u00e9l ha convencido a una f\u00e1brica de M\u00e1laga para que le produzca los bloques de tierra comprimida que necesita para <strong>resucitar t\u00e9cnicas constructivas milenarias cumpliendo con la normativa actual<\/strong>. Es en esencia, un detective del patrimonio: alguien que lee en los muros de tapial y las piedras de pizarra la historia olvidada del pa\u00eds.<\/p>\n<p>Los secretos de la Espa\u00f1a rural<\/p>\n<p>\u00a0<\/p>\n<p><img loading=\"lazy\" decoding=\"async\"   src=\"https:\/\/www.europesays.com\/es\/wp-content\/uploads\/2026\/01\/roblelacasa_ab5ad704_1834489189_260102142337_1200x800.webp.webp\" alt=\"Roblelacasa\" class=\"lazyload\" width=\"1200\" height=\"800\" data-aspectratio=\"1200\/800\"\/><br \/>\n&#13;Foto Shutterstock<\/p>\n<p>Para Farf\u00e1n, la arquitectura negra de Guadalajara es paradigm\u00e1tica.<\/p>\n<p>Especializado en rehabilitaci\u00f3n de arquitectura vern\u00e1cula y obra nueva bioclim\u00e1tica, <strong>Farf\u00e1n lleva m\u00e1s de una d\u00e9cada desentra\u00f1ando los secretos constructivos de la Espa\u00f1a rural<\/strong>. Su trabajo le ha llevado desde<a href=\"https:\/\/viajes.nationalgeographic.com.es\/a\/pueblos-guadalajara-marcados-por-arquitectura-negra_13609\" rel=\"nofollow noopener\" target=\"_blank\"> la arquitectura negra de Guadalajara<\/a> hasta las casas moriscas de <a href=\"https:\/\/viajes.nationalgeographic.com.es\/a\/pueblo-blanco-andalucia-fundado-por-griegos-que-es-mejor-balcon-axarquia_23586\" rel=\"nofollow noopener\" target=\"_blank\">la Axarqu\u00eda malague\u00f1a<\/a>, pasando por los pueblos de piedra gran\u00edtica de Sayago en Zamora.<\/p>\n<p>Cuando le contacto, Farf\u00e1n est\u00e1 a punto de iniciar una visita de obra en un pueblecito de la provincia de M\u00e1laga. Maneja simult\u00e1neamente once o doce proyectos entre rehabilitaciones y obra nueva. \u00abComo estoy muy especializado en ciertas cosas que son muy poco habituales&#8230;\u00bb, dice como disculp\u00e1ndose.<\/p>\n<p><a href=\"https:\/\/viajes.nationalgeographic.com.es\/lifestyle\/pueblo-abandonado-huesca-que-ha-revolucionado-arquitectura_17095\" class=\"rel\" rel=\"nofollow noopener\" target=\"_blank\">&#13;&#13;<img loading=\"lazy\" decoding=\"async\" src=\"https:\/\/www.europesays.com\/es\/wp-content\/uploads\/2026\/01\/casa-57_37358156_550x807.jpg\" alt=\"Casa 57\" class=\"imagenRelacionado lazyload\" width=\"550\" height=\"807\" data-aspectratio=\"550\/807\"\/>&#13;&#13;<\/p>\n<p class=\"relatedTitle\">Seguir viajando<\/p>\n<p class=\"supertitle\">Habitar el tiempo<\/p>\n<p class=\"title\">El pueblo abandonado que revolucion\u00f3 la arquitectura<\/p>\n<p class=\"subtitle\">Premio Hispania Nostra 2021, la intervenci\u00f3n en Ruesta fija el futuro del Camino de Santiago Franc\u00e9s y la memoria de la arquitectura vern\u00e1cula de los pueblos abandonados.<\/p>\n<p><a href=\"https:\/\/viajes.nationalgeographic.com.es\/lifestyle\/pueblo-abandonado-huesca-que-ha-revolucionado-arquitectura_17095\" class=\"readarticle\" rel=\"nofollow noopener\" target=\"_blank\">Leer art\u00edculo<\/a><\/p>\n<p><\/a>Regreso a lo tradicional<img loading=\"lazy\" decoding=\"async\"   src=\"https:\/\/www.europesays.com\/es\/wp-content\/uploads\/2026\/01\/torre-de-torrox_633269f7_251228065922_1200x1692.webp.webp\" alt=\"Torre de Torrox\" class=\"lazyload\" width=\"1200\" height=\"1692\" data-aspectratio=\"1200\/1692\"\/><br \/>\n&#13;Foto: Pablo Farf\u00e1n<\/p>\n<p>La Torre almohade de Torrox \u2014una estructura defensiva medieval construida entre los siglos XII y XIII mediante muros de tapial\u2014 en la que Farf\u00e1n Estudio realiza un proyecto de conservaci\u00f3n para su puesta en valor, restaurando los acabados y materiales originales.<\/p>\n<p><strong>\u00bfQu\u00e9 cosas son esas tan poco habituales a las que te dedicas?<\/strong><br \/>Pues a la rehabilitaci\u00f3n de arquitectura vern\u00e1cula con materiales tradicionales. Eso es lo que resumir\u00eda todo mi trabajo. Por ejemplo, ahora tengo un proyecto de rehabilitaci\u00f3n de una torre almohade del siglo XII en Torrox. Para rehabilitar ese tipo de edificios, los requerimientos que te hace Cultura son s\u00faper exigentes: tienes que utilizar los mismos materiales, quitar todo lo que sea cemento porque ya se ha demostrado que estropea el bien.<\/p>\n<p><strong>\u00bfY qu\u00e9 le pas\u00f3 a esa torre?<\/strong><br \/>En los a\u00f1os 90 se cubri\u00f3 de cemento. \u00bfTe lo puedes creer? Es un edificio construido con tierra comprimida, con tapial. Ahora la Consejer\u00eda de Cultura nos obliga a quitar ese cemento y poner cal o barro, materiales que transpiren. Lo que se aplica a un Bien de Inter\u00e9s Cultural, yo lo aplico a cualquier tipo de vivienda que rehabilito. Cualquier vivienda que tenga m\u00e1s de cien a\u00f1os est\u00e1 construida con muy pocos materiales: cal, tierra, cer\u00e1mica, piedra, madera, alguna fibra vegetal como el esparto o la ca\u00f1a, yeso&#8230; Son siete materiales, para de contar.<\/p>\n<p>\u00a0<\/p>\n<p>\u00bfQuieres viajar por los pueblos m\u00e1s monumentales de Espa\u00f1a? <strong><a href=\"https:\/\/participa.nationalgeographic.com.es\/quiz\/1654292_1125\/pueblos-monumentales.html\" target=\"_blank\" rel=\"nofollow noopener\">\u00a1Descarga gratis nuestro eBook<\/a><\/strong> y descubre cu\u00e1les son!<\/p>\n<p>Una arquitectura aut\u00e9ntica<\/p>\n<p>\u00a0<\/p>\n<p><img loading=\"lazy\" decoding=\"async\"   src=\"https:\/\/www.europesays.com\/es\/wp-content\/uploads\/2026\/01\/estudio-farfan_3653464f_260102142843_1200x1607.webp.webp\" alt=\"Estudio Farf\u00e1n\" class=\"lazyload\" width=\"1200\" height=\"1607\" data-aspectratio=\"1200\/1607\"\/><\/p>\n<p>&#13;&#13;Foto: Estudio Farf\u00e1n&#13;<\/p>\n<p><strong>Como arquitecto y viajero. \u00bfHas tenido esa sensaci\u00f3n de llegar a un lugar y sentir que es un escenario sin autenticidad?<\/strong><br \/>S\u00ed que me ha sucedido. Creo que hay un error de planteamiento a la hora de rehabilitar muchos cascos hist\u00f3ricos. Lo general es que se protege un pueblo bonito, pero despu\u00e9s se derriban edificios porque no son c\u00f3modos, para aprovechar m\u00e1s el espacio, para meter un garaje, o as\u00ed\u2026 Y se construye con los materiales de ahora, imitando lo antiguo. Imitar con cemento o escayola lo que antes estaba construido con piedra y con tierra. Se produce una disonancia cognitiva, algo que t\u00fa ves que falla.\u00a0<\/p>\n<p>\u00a0<\/p>\n<p><strong>Es una impostura, vaya.<\/strong><br \/>Una impostura que a la gente realmente no le gusta. Es como los mesones estos que les ponen vigas de madera de poliuretano extruido. Alguien que tiene una m\u00ednima sensibilidad lo nota. Cuando hago rehabilitaciones no busco tanto la m\u00edmesis como utilizar los mismos materiales para que al final el resultado sea similar. Si buscas la orientaci\u00f3n, los materiales, el tama\u00f1o del hueco, al final da algo que encaja. Y los extranjeros lo notan.<\/p>\n<p><a href=\"https:\/\/viajes.nationalgeographic.com.es\/a\/por-que-este-pueblo-rioja-tiene-todo-para-triunfar-este-febrero_20052\" class=\"rel\" rel=\"nofollow noopener\" target=\"_blank\">&#13;&#13;<img loading=\"lazy\" decoding=\"async\" src=\"https:\/\/www.europesays.com\/es\/wp-content\/uploads\/2026\/01\/adobestock-430741137_2ddb5391_240124175810_550x807.jpg\" alt=\"AdobeStock 430741137\" class=\"imagenRelacionado lazyload\" width=\"550\" height=\"807\" data-aspectratio=\"550\/807\"\/>&#13;&#13;<\/p>\n<p class=\"relatedTitle\">Seguir viajando<\/p>\n<p class=\"supertitle\">La Rioja en altura<\/p>\n<p class=\"title\">Qu\u00e9 ver en Ezcaray, el templo cultural y gastron\u00f3mico de La Rioja <\/p>\n<p class=\"subtitle\">Ostenta el t\u00edtulo de Primera Villa Tur\u00edstica riojana y, adem\u00e1s de un casco hist\u00f3rico, es id\u00f3neo est\u00e1 a escasos km de la estaci\u00f3n de esqu\u00ed de Valdezcaray.<\/p>\n<p><a href=\"https:\/\/viajes.nationalgeographic.com.es\/a\/por-que-este-pueblo-rioja-tiene-todo-para-triunfar-este-febrero_20052\" class=\"readarticle\" rel=\"nofollow noopener\" target=\"_blank\">Leer art\u00edculo<\/a><\/p>\n<p><\/a>Nuevas oportunidades<img loading=\"lazy\" decoding=\"async\"   src=\"https:\/\/www.europesays.com\/es\/wp-content\/uploads\/2026\/01\/farfan-estudio_548815f4_260102143057_1200x1600.webp.webp\" alt=\"Farf\u00e1n Estudio\" class=\"lazyload\" width=\"1200\" height=\"1600\" data-aspectratio=\"1200\/1600\"\/><br \/>\n&#13;Foto: Farf\u00e1n Estudio<\/p>\n<p>Casa neovern\u00e1cula en Tarifa.<\/p>\n<p><strong>\u00bfLos extranjeros?<\/strong><br \/>S\u00ed, s\u00ed. Trabajo mucho en la Costa del Sol con gente de todas partes. Son los extranjeros \u2014brit\u00e1nicos, alemanes, belgas\u2014 los que invierten en nuestra arquitectura antigua y la rehabilitan con criterio. Es alucinante. En la Axarqu\u00eda o en la Serran\u00eda de Ronda lo veo a diario: compran casas muy baratas, las rehabilitan y despu\u00e9s las venden caras. Las llaman Moorish House. Ellos saben que son casas moriscas. Los brit\u00e1nicos, sin ning\u00fan estudio de arquitectura, saben que son casas de estilo nazar\u00ed; pero los arquitectos municipales no lo saben. O no lo quieren reconocer.\u00a0<\/p>\n<p><strong>Y mientras tanto, los pueblos se vac\u00edan.<\/strong><\/p>\n<p>Conozco Torremocha de Ayll\u00f3n, en Segovia. Una ciudad que hab\u00eda tenido 2.000 habitantes, juzgados&#8230; Cuando estuve hace 15 a\u00f1os le quedaban cuatro habitantes. Cuatro. Una ciudad preciosa con bodegas, palomares, tejares&#8230; Ahora, con las facilidades del teletrabajo, veo una oportunidad espectacular para recuperar esos pueblos.<\/p>\n<p><a href=\"https:\/\/viajes.nationalgeographic.com.es\/a\/pueblo-negro-30-habitantes-cascadas-mas-bonitas-guadalajara_22466\" class=\"rel\" rel=\"nofollow noopener\" target=\"_blank\">&#13;&#13;<img loading=\"lazy\" decoding=\"async\" src=\"https:\/\/www.europesays.com\/es\/wp-content\/uploads\/2026\/01\/cascada-del-aljibe_7e93b846_8875658_250424173445_550x807.webp.webp\" alt=\"Cascada del Aljibe\" class=\"imagenRelacionado lazyload\" width=\"550\" height=\"807\" data-aspectratio=\"550\/807\"\/>&#13;&#13;<\/p>\n<p class=\"relatedTitle\">Seguir viajando<\/p>\n<p class=\"supertitle\">Regalo de la naturaleza<\/p>\n<p class=\"title\">Roblelacasa, el pueblo negro con las cascadas m\u00e1s bonitas de Guadalajara<\/p>\n<p class=\"subtitle\">No son las m\u00e1s altas ni las m\u00e1s caudalosas, pero su curiosa disposici\u00f3n de cascadas encadenadas las convierte en una de las m\u00e1s visitadas de Castilla-La Mancha.<\/p>\n<p><a href=\"https:\/\/viajes.nationalgeographic.com.es\/a\/pueblo-negro-30-habitantes-cascadas-mas-bonitas-guadalajara_22466\" class=\"readarticle\" rel=\"nofollow noopener\" target=\"_blank\">Leer art\u00edculo<\/a><\/p>\n<p><\/a><\/p>\n<p>\u00a0<\/p>\n<p>La protecci\u00f3n del patrimonio<\/p>\n<p>\u00a0<\/p>\n<p><img loading=\"lazy\" decoding=\"async\"   src=\"https:\/\/www.europesays.com\/es\/wp-content\/uploads\/2026\/01\/castellar-de-la-frontera_e68624e0_260102143416_1200x799.webp.webp\" alt=\" Castellar de la Frontera\" class=\"lazyload\" width=\"1200\" height=\"799\" data-aspectratio=\"1200\/799\"\/><br \/>\n&#13;Foto: iStock<\/p>\n<p>Castellar de la Frontera es una de las maravillas rurales que Pablo Farf\u00e1n destaca: \u00abcada casa del conjunto es fundamental\u00bb.<\/p>\n<p><strong>Mencionas que en cascos hist\u00f3ricos protegidos se siguen demoliendo casas.<\/strong><\/p>\n<p>Lo he visto en Castellar de la Frontera, Fermoselle, Frigiliana\u2026 Castellar es un pueblo dentro de un castillo en los Alcornocales, C\u00e1diz. En los 70 llegaron artistas, hippies, artesanos con mucha sensibilidad. Es una maravilla: suelos de piedra transpirables, vegetaci\u00f3n por las calles, casas conectadas con la muralla. Pero la \u00faltima vez que fui estaban demoliendo una casa. \u00abVamos a hacer una galer\u00eda de arte\u201d, me dijeron. \u00a1No puedes demoler esto! Lo importante no es solo el castillo, es cada casa. \u00bfC\u00f3mo proteges un Bien de Inter\u00e9s Cultural y permites destruir una de las casas que son parte de ese bien?<\/p>\n<p>\u00a0<\/p>\n<p><a href=\"https:\/\/viajes.nationalgeographic.com.es\/a\/pueblo-castilla-mancha-tres-fortalezas-donde-escultura-dialoga-arquitectura_23813\" class=\"rel\" rel=\"nofollow noopener\" target=\"_blank\">&#13;&#13;<img loading=\"lazy\" decoding=\"async\" src=\"https:\/\/www.europesays.com\/es\/wp-content\/uploads\/2026\/01\/castillo-de-garcimunoz_08aacf75_1004648768_251112200913_550x807.webp.webp\" alt=\"Castillo de Garcimu\u00f1oz\" class=\"imagenRelacionado lazyload\" width=\"550\" height=\"807\" data-aspectratio=\"550\/807\"\/>&#13;&#13;<\/p>\n<p class=\"relatedTitle\">Seguir viajando<\/p>\n<p class=\"supertitle\">ARQUITECTURA POPULAR<\/p>\n<p class=\"title\">El castillo de Garcimu\u00f1oz donde la escultura dialoga con la arquitectura<\/p>\n<p class=\"subtitle\">Lugar en el que encontr\u00f3 la muerte uno de los poetas castellanos m\u00e1s famosos del final de la Edad Media, este destino ofrece un interesante viaje al pasado que se remonta a la \u00e9poca isl\u00e1mica.<\/p>\n<p><a href=\"https:\/\/viajes.nationalgeographic.com.es\/a\/pueblo-castilla-mancha-tres-fortalezas-donde-escultura-dialoga-arquitectura_23813\" class=\"readarticle\" rel=\"nofollow noopener\" target=\"_blank\">Leer art\u00edculo<\/a><\/p>\n<p><\/a>Un caso ejemplar<img loading=\"lazy\" decoding=\"async\"   src=\"https:\/\/www.europesays.com\/es\/wp-content\/uploads\/2026\/01\/la-vereda_867d47f0_260102143545_1200x800.webp.webp\" alt=\"La Vereda\" class=\"lazyload\" width=\"1200\" height=\"800\" data-aspectratio=\"1200\/800\"\/><br \/>\n&#13;Foto: Shutterstock<\/p>\n<p>La Vereda es para Pablo Farf\u00e1n uno de los pueblos mejor conservados de Espa\u00f1a&#8230; \u00absi no de Europa\u00bb.<\/p>\n<p><strong>Tambi\u00e9n habr\u00e1 casos de \u00e9xito, \u00bfno?<\/strong><br \/>Por supuesto\u2026 La Arquitectura Negra de Guadalajara es paradigm\u00e1tica. Campillo de Ranas, El Espinar&#8230; En la cara norte de la Sierra de Ayll\u00f3n, en esos pueblecitos se protegi\u00f3 el patrimonio, se hizo documentaci\u00f3n espectacular, criterios de rehabilitaci\u00f3n. Ah\u00ed hay un caso que para m\u00ed es incre\u00edblemente paradigm\u00e1tico. Se trata de uno de los sitios m\u00e1s extremos en cuanto conservaci\u00f3n del patrimonio, \u00bfconoces La Vereda?<\/p>\n<p><strong>Ni idea\u2026<\/strong><br \/>Hombre\u2026 La Vereda es el pueblo mejor conservado de Espa\u00f1a, si no de Europa. Se abandon\u00f3 en los a\u00f1os 60 o 70 porque se iba a hacer una presa. Al final la presa no se inund\u00f3 porque se qued\u00f3 m\u00e1s baja. Los antiguos propietarios hicieron una asociaci\u00f3n para salvarlo. Tienen un permiso especial: la gente puede rehabilitar y habitar durante un tiempo, despu\u00e9s se la da a otra gente. Es un sistema un tanto peculiar.<\/p>\n<p><a href=\"https:\/\/viajes.nationalgeographic.com.es\/a\/micropueblo-negro-extremadura-rodeado-cascadas_22180\" class=\"rel\" rel=\"nofollow noopener\" target=\"_blank\">&#13;&#13;<img loading=\"lazy\" decoding=\"async\" src=\"https:\/\/www.europesays.com\/es\/wp-content\/uploads\/2026\/01\/robledilllo-de-gata_e3a1a3cc_250312103029_550x807.webp.webp\" alt=\"Robledilllo de Gata\" class=\"imagenRelacionado lazyload\" width=\"550\" height=\"807\" data-aspectratio=\"550\/807\"\/>&#13;&#13;<\/p>\n<p class=\"relatedTitle\">Seguir viajando<\/p>\n<p class=\"supertitle\">Un rinc\u00f3n aut\u00e9ntico<\/p>\n<p class=\"title\">Robledillo de Gata, el micro pueblo negro de Extremadura rodeado de cascadas<\/p>\n<p class=\"subtitle\">El peque\u00f1o pueblo de Robledillo de Gata, en la provincia de C\u00e1ceres, invita a viajar por el pasado rural con sus casas de pizarra y sus saltos de agua.<\/p>\n<p><a href=\"https:\/\/viajes.nationalgeographic.com.es\/a\/micropueblo-negro-extremadura-rodeado-cascadas_22180\" class=\"readarticle\" rel=\"nofollow noopener\" target=\"_blank\">Leer art\u00edculo<\/a><\/p>\n<p><\/a><\/p>\n<p>\u00a0<\/p>\n<p><strong>\u00bfQu\u00e9 tiene de especial?<\/strong><br \/>Solo se puede rehabilitar con t\u00e9cnicas antiguas. Es una maravilla. Est\u00e1 hecho con barro y piedra de pizarra, nada m\u00e1s. No hay cemento, ni siquiera exceso de cal. No hay carteler\u00eda, no hay cables, no hay electricidad conectada a la red. Cada uno tiene sus paneles.<\/p>\n<p><strong>Es un viaje en el tiempo.<\/strong><br \/>Literalmente. Todo est\u00e1 rehabilitado con t\u00e9cnicas absolutamente ancestrales. Es como irte a hace cien o doscientos a\u00f1os. Han ido al extremo, pero es un ejemplo incre\u00edble de lo que se puede hacer. Ellos ni siquiera quieren fomentar que aquello se llene de gente.<\/p>\n<p>\u00a0<\/p>\n<p><strong>Es curioso: probablemente el pueblo mejor conservado de Espa\u00f1a y uno de los m\u00e1s desconocidos.<\/strong><br \/>Exacto. No tiene restaurantes, no tiene ayuntamiento. Es una anomal\u00eda tan extrema y tan bonita&#8230; Para alguien que estudia la arquitectura vern\u00e1cula es alucinante. Todo empez\u00f3 en los a\u00f1os 80 con una serie de arquitectos que se reunieron en el auditorio de Madrid, se hicieron asambleas y se organiz\u00f3. Se reparten por tiempo: la gente va en una \u00e9poca, despu\u00e9s va otra gente. No s\u00e9 muy bien c\u00f3mo funciona\u2026 Pero el resultado es maravilloso.<\/p>\n<p><a href=\"https:\/\/viajes.nationalgeographic.com.es\/a\/micropueblo-negro-mas-bonito-castilla-leon-tiene-tan-solo-15-habitantes_22151\" class=\"rel\" rel=\"nofollow noopener\" target=\"_blank\">&#13;&#13;<img loading=\"lazy\" decoding=\"async\" src=\"https:\/\/www.europesays.com\/es\/wp-content\/uploads\/2026\/01\/penalba-de-santiago_5e824cf6_971078340_250307124551_550x807.webp.webp\" alt=\"Pe\u00f1alba de Santiago\" class=\"imagenRelacionado lazyload\" width=\"550\" height=\"807\" data-aspectratio=\"550\/807\"\/>&#13;&#13;<\/p>\n<p class=\"relatedTitle\">Seguir viajando<\/p>\n<p class=\"supertitle\">A 1.100 metros de altitud<\/p>\n<p class=\"title\">Pe\u00f1alba de Santiago, el micropueblo negro m\u00e1s bonito de Castilla y Le\u00f3n que tiene 15 habitantes <\/p>\n<p class=\"subtitle\">En el Valle del silencio y rodeado por los Montes Aquilanos, conserva la arquitectura tradicional de El Bierzo.<\/p>\n<p><a href=\"https:\/\/viajes.nationalgeographic.com.es\/a\/micropueblo-negro-mas-bonito-castilla-leon-tiene-tan-solo-15-habitantes_22151\" class=\"readarticle\" rel=\"nofollow noopener\" target=\"_blank\">Leer art\u00edculo<\/a><\/p>\n<p><\/a>El ejemplo de los pueblos negros<img loading=\"lazy\" decoding=\"async\"   src=\"https:\/\/www.europesays.com\/es\/wp-content\/uploads\/2026\/01\/campillo-de-ranas_b2e3339c_73062728_260102143906_1200x800.webp.webp\" alt=\"Campillo de Ranas\" class=\"lazyload\" width=\"1200\" height=\"800\" data-aspectratio=\"1200\/800\"\/><br \/>\n&#13;Foto: Adobe Stock<\/p>\n<p>Campillo de Ranas, pueblo negro de Guadalajara.<\/p>\n<p><strong>\u00bfC\u00f3mo es ese ecosistema perfecto al que te refer\u00edas de los pueblos negros?<\/strong><br \/>Todos estos pueblecitos de la Arquitectura Negra se repoblaron. Hay gente de todo tipo all\u00ed, con proyectos como cultivar azafr\u00e1n&#8230; Gente que le gusta vivir en el campo. Est\u00e1 s\u00faper bien recuperada y habitada, se protegi\u00f3 el patrimonio \u2014que es muy importante\u2014, hay normativas para proteger esa arquitectura, se ha hecho un trabajo espectacular de documentaci\u00f3n y criterios de rehabilitaci\u00f3n. En la otra cara, en la Arquitectura Roja, no se ha hecho nada de eso. Y tiene un valor tambi\u00e9n, caracter\u00edsticas s\u00faper peculiares que se podr\u00edan perder.<\/p>\n<p>\u00a0<\/p>\n<p><a href=\"https:\/\/www.whatsapp.com\/channel\/0029Va858M88vd1KkudYW539\u201d rel=\u201cnofollow\u201d target=\u201c_blank\" rel=\"nofollow noopener\" target=\"_blank\"><strong>\u00a1Viajes National Geographic, directo en tu Whatsapp! S\u00edguenos para descubrir lugares fascinantes, destinos sorprendentes y sabores impresionantes.<\/strong><\/a><\/p>\n<p><strong>\u00bfT\u00fa crees que deber\u00edamos viajar de otra forma, con otra mirada sobre la arquitectura de los destinos rurales?<\/strong><br \/>Absolutamente. La arquitectura vern\u00e1cula no es solo edificios, es memoria, conocimiento, forma de vida. En C\u00fatar, en 2003, alguien pic\u00f3 una hornacina y encontr\u00f3 tres libros en \u00e1rabe: un Cor\u00e1n y dos m\u00e1s, del siglo XIII-XIV, escondidos en el XV. Entre los Coranes m\u00e1s antiguos de Espa\u00f1a. Se protegieron los manuscritos, pero la casa no. Para m\u00ed son pistas. Si puedes encontrar un Cor\u00e1n tapiado en una pared, protege la arquitectura tambi\u00e9n. Esos libros est\u00e1n ah\u00ed, en nuestras paredes, en nuestro patrimonio. Es tan emocionante que amerita dedicarle todo el esfuerzo posible en su protecci\u00f3n y divulgaci\u00f3n. No solo para que lo sepan los guiris que compran casas por 40.000 euros y las venden por 250.000. Para que lo sepamos todos.<\/p>\n","protected":false},"excerpt":{"rendered":"Especial Navidad: Suscr\u00edbete hoy a Viajes National Geographic por solo 1\u20ac\/mes. \u00a1\u00daltima oportunidad -75%! DESC\u00daBRELO Hay arquitectos que&hellip;\n","protected":false},"author":2,"featured_media":319506,"comment_status":"","ping_status":"","sticky":false,"template":"","format":"standard","meta":{"footnotes":""},"categories":[173],"tags":[229,233,231,230,119,232,234,146,147,25,24,1408,448,1407,1409,23,226],"class_list":{"0":"post-319505","1":"post","2":"type-post","3":"status-publish","4":"format-standard","5":"has-post-thumbnail","7":"category-arte-y-diseno","8":"tag-arte","9":"tag-arte-y-diseno","10":"tag-arts","11":"tag-arts-and-design","12":"tag-ciencia","13":"tag-design","14":"tag-diseno","15":"tag-entertainment","16":"tag-entretenimiento","17":"tag-es","18":"tag-espana","19":"tag-geographic","20":"tag-historia","21":"tag-national","22":"tag-naturaleza","23":"tag-spain","24":"tag-viajes"},"share_on_mastodon":{"url":"https:\/\/pubeurope.com\/@es\/115826829994650970","error":""},"_links":{"self":[{"href":"https:\/\/www.europesays.com\/es\/wp-json\/wp\/v2\/posts\/319505","targetHints":{"allow":["GET"]}}],"collection":[{"href":"https:\/\/www.europesays.com\/es\/wp-json\/wp\/v2\/posts"}],"about":[{"href":"https:\/\/www.europesays.com\/es\/wp-json\/wp\/v2\/types\/post"}],"author":[{"embeddable":true,"href":"https:\/\/www.europesays.com\/es\/wp-json\/wp\/v2\/users\/2"}],"replies":[{"embeddable":true,"href":"https:\/\/www.europesays.com\/es\/wp-json\/wp\/v2\/comments?post=319505"}],"version-history":[{"count":0,"href":"https:\/\/www.europesays.com\/es\/wp-json\/wp\/v2\/posts\/319505\/revisions"}],"wp:featuredmedia":[{"embeddable":true,"href":"https:\/\/www.europesays.com\/es\/wp-json\/wp\/v2\/media\/319506"}],"wp:attachment":[{"href":"https:\/\/www.europesays.com\/es\/wp-json\/wp\/v2\/media?parent=319505"}],"wp:term":[{"taxonomy":"category","embeddable":true,"href":"https:\/\/www.europesays.com\/es\/wp-json\/wp\/v2\/categories?post=319505"},{"taxonomy":"post_tag","embeddable":true,"href":"https:\/\/www.europesays.com\/es\/wp-json\/wp\/v2\/tags?post=319505"}],"curies":[{"name":"wp","href":"https:\/\/api.w.org\/{rel}","templated":true}]}}