{"id":319516,"date":"2026-01-02T18:12:07","date_gmt":"2026-01-02T18:12:07","guid":{"rendered":"https:\/\/www.europesays.com\/es\/319516\/"},"modified":"2026-01-02T18:12:07","modified_gmt":"2026-01-02T18:12:07","slug":"lg-gram-2026-portatiles-ultra-ligeros-con-aerominum-ia-avanzada-y-diseno-premium","status":"publish","type":"post","link":"https:\/\/www.europesays.com\/es\/319516\/","title":{"rendered":"LG gram 2026: Port\u00e1tiles Ultra Ligeros con Aerominum, IA Avanzada y Dise\u00f1o Premium"},"content":{"rendered":"<p>LG ha presentado en el CES 2026 la nueva gama LG gram 2026, una evoluci\u00f3n que refuerza su liderazgo hist\u00f3rico en el segmento de los port\u00e1tiles ultraligeros. La compa\u00f1\u00eda introduce Aerominum, un nuevo material desarrollado por LG que permite reducir a\u00fan m\u00e1s el peso del dispositivo sin comprometer la resistencia, al tiempo que incorpora capacidades avanzadas de IA h\u00edbrida para impulsar la productividad y la creatividad desde cualquier lugar.<\/p>\n<p data-start=\"635\" data-end=\"1188\">Seg\u00fan ha explicado <strong data-start=\"654\" data-end=\"695\">Lee Choong-hwoan<\/strong>, responsable del negocio de Displays en LG Media Entertainment Solution Company, \u201cLG gram 2026 supone un nuevo hito en nuestra b\u00fasqueda de la portabilidad definitiva\u201d. El directivo ha se\u00f1alado que Aerominum resuelve la tradicional tensi\u00f3n entre ligereza y durabilidad, al ofrecer \u201cun acabado met\u00e1lico premium incre\u00edblemente ligero y excepcionalmente resistente\u201d, combinado con inteligencia artificial avanzada y soluciones de seguridad pensadas para un uso profesional sin l\u00edmites de espacio.<\/p>\n<p data-start=\"1190\" data-end=\"1659\">La incorporaci\u00f3n de Aerominum marca un punto de inflexi\u00f3n en el dise\u00f1o de la familia LG gram. Este material permite un chasis con estructura aeroplate que reduce el peso y refuerza la resistencia del port\u00e1til, cumpliendo est\u00e1ndares de grado militar y ofreciendo un acabado met\u00e1lico de estilo atelier m\u00e1s resistente a los ara\u00f1azos. El resultado es un dispositivo pensado para acompa\u00f1ar al usuario en movilidad constante, sin a\u00f1adir volumen ni sacrificar durabilidad.<\/p>\n<p data-start=\"1661\" data-end=\"2272\">La gama LG gram 2026 da un paso adelante en inteligencia artificial con <strong data-start=\"1733\" data-end=\"1744\">gram AI<\/strong>, una soluci\u00f3n que combina IA en el propio dispositivo con capacidades basadas en la nube. Algunos modelos son compatibles con <strong data-start=\"1871\" data-end=\"1896\">Microsoft Copilot+ PC<\/strong> e integran el chat <strong data-start=\"1916\" data-end=\"1932\">On-Device AI<\/strong> de la marca, impulsado por el modelo <strong data-start=\"1970\" data-end=\"1989\">EXAONE 3.5 sLLM<\/strong>, que permite asistencia inteligente r\u00e1pida y privada incluso sin conexi\u00f3n a internet. Esta arquitectura est\u00e1 dise\u00f1ada para afrontar flujos de trabajo complejos, desde creaci\u00f3n de contenidos hasta multitarea avanzada, con un rendimiento optimizado gracias a los \u00faltimos procesadores.<\/p>\n<p data-start=\"2274\" data-end=\"2855\">La experiencia se completa con mejoras en conectividad y seguridad. El renovado <strong data-start=\"2354\" data-end=\"2370\">LG gram Link<\/strong> permite compartir archivos, duplicar pantallas y transferir contenidos no solo con dispositivos Android e iOS, sino tambi\u00e9n con otros equipos LG basados en <strong data-start=\"2527\" data-end=\"2536\">webOS<\/strong>, como televisores, monitores y proyectores. De este modo, LG posiciona gram Link como un hub universal entre distintos ecosistemas, eliminando barreras tradicionales de compatibilidad. Adem\u00e1s, <strong data-start=\"2730\" data-end=\"2742\">LG ThinQ<\/strong> permite bloquear o borrar el port\u00e1til de forma remota en caso de p\u00e9rdida, reforzando la protecci\u00f3n de los datos.<\/p>\n<p data-start=\"2857\" data-end=\"3323\">Dentro de la nueva gama destaca el <strong data-start=\"2892\" data-end=\"2915\">LG gram Pro 17Z90UR<\/strong>, que LG presenta como el <strong data-start=\"2941\" data-end=\"2993\">port\u00e1til RTX de 17 pulgadas m\u00e1s ligero del mundo<\/strong>. Este modelo combina una amplia pantalla LCD <strong data-start=\"3039\" data-end=\"3048\">WQXGA<\/strong> con un formato compacto, similar al de otros equipos de 16 pulgadas, y est\u00e1 impulsado por una <strong data-start=\"3143\" data-end=\"3184\">NVIDIA<\/strong> GeForce RTX 5050 para port\u00e1tiles con memoria GDDR7, orientada a tareas gr\u00e1ficas exigentes, creaci\u00f3n de contenidos y experiencias de juego.<\/p>\n<p data-start=\"3325\" data-end=\"3756\">Por su parte, el <strong data-start=\"3342\" data-end=\"3372\">LG gram Pro de 16 pulgadas<\/strong> establece un nuevo est\u00e1ndar en su categor\u00eda al integrar IA tanto en el dispositivo como en la nube en un formato ultraligero. Su pantalla <strong data-start=\"3511\" data-end=\"3526\">OLED WQXGA+<\/strong> ofrece una experiencia visual premium con alto nivel de contraste y nitidez, mientras que los \u00faltimos procesadores <strong data-start=\"3642\" data-end=\"3662\">Intel Core Ultra<\/strong> garantizan un rendimiento fluido y una multitarea \u00e1gil en escenarios profesionales exigentes.<\/p>\n<p data-start=\"3758\" data-end=\"4029\" data-is-last-node=\"\" data-is-only-node=\"\">Con la gama LG gram 2026, la compa\u00f1\u00eda consolida una propuesta que combina portabilidad extrema, dise\u00f1o premium e inteligencia artificial avanzada, reforzando su apuesta por dispositivos pensados para trabajar, crear y conectar sin l\u00edmites, est\u00e9n donde est\u00e9n los usuarios.<\/p>\n","protected":false},"excerpt":{"rendered":"LG ha presentado en el CES 2026 la nueva gama LG gram 2026, una evoluci\u00f3n que refuerza su&hellip;\n","protected":false},"author":2,"featured_media":319517,"comment_status":"","ping_status":"","sticky":false,"template":"","format":"standard","meta":{"footnotes":""},"categories":[81],"tags":[74495,119,123,124,7075,52765,25,24,136,48795,6405,117,121,122,585,23,118,120],"class_list":{"0":"post-319516","1":"post","2":"type-post","3":"status-publish","4":"format-standard","5":"has-post-thumbnail","7":"category-ciencia-y-tecnologia","8":"tag-aerominum","9":"tag-ciencia","10":"tag-ciencia-y-tecnologia","11":"tag-cienciaytecnologia","12":"tag-conectividad","13":"tag-diseno-premium","14":"tag-es","15":"tag-espana","16":"tag-inteligencia-artificial","17":"tag-lg","18":"tag-portatil","19":"tag-science","20":"tag-science-and-technology","21":"tag-scienceandtechnology","22":"tag-seguridad","23":"tag-spain","24":"tag-technology","25":"tag-tecnologia"},"share_on_mastodon":{"url":"https:\/\/pubeurope.com\/@es\/115826861236734133","error":""},"_links":{"self":[{"href":"https:\/\/www.europesays.com\/es\/wp-json\/wp\/v2\/posts\/319516","targetHints":{"allow":["GET"]}}],"collection":[{"href":"https:\/\/www.europesays.com\/es\/wp-json\/wp\/v2\/posts"}],"about":[{"href":"https:\/\/www.europesays.com\/es\/wp-json\/wp\/v2\/types\/post"}],"author":[{"embeddable":true,"href":"https:\/\/www.europesays.com\/es\/wp-json\/wp\/v2\/users\/2"}],"replies":[{"embeddable":true,"href":"https:\/\/www.europesays.com\/es\/wp-json\/wp\/v2\/comments?post=319516"}],"version-history":[{"count":0,"href":"https:\/\/www.europesays.com\/es\/wp-json\/wp\/v2\/posts\/319516\/revisions"}],"wp:featuredmedia":[{"embeddable":true,"href":"https:\/\/www.europesays.com\/es\/wp-json\/wp\/v2\/media\/319517"}],"wp:attachment":[{"href":"https:\/\/www.europesays.com\/es\/wp-json\/wp\/v2\/media?parent=319516"}],"wp:term":[{"taxonomy":"category","embeddable":true,"href":"https:\/\/www.europesays.com\/es\/wp-json\/wp\/v2\/categories?post=319516"},{"taxonomy":"post_tag","embeddable":true,"href":"https:\/\/www.europesays.com\/es\/wp-json\/wp\/v2\/tags?post=319516"}],"curies":[{"name":"wp","href":"https:\/\/api.w.org\/{rel}","templated":true}]}}