{"id":319520,"date":"2026-01-02T18:14:08","date_gmt":"2026-01-02T18:14:08","guid":{"rendered":"https:\/\/www.europesays.com\/es\/319520\/"},"modified":"2026-01-02T18:14:08","modified_gmt":"2026-01-02T18:14:08","slug":"incendio-fatal-en-bar-suizo-habria-sido-causado-por-bengalas-dw-02-01-2026","status":"publish","type":"post","link":"https:\/\/www.europesays.com\/es\/319520\/","title":{"rendered":"Incendio fatal en bar suizo habr\u00eda sido causado por bengalas \u2013 DW \u2013 02\/01\/2026"},"content":{"rendered":"<p>El incendio que arras\u00f3 en A\u00f1o Nuevo un bar de la lujosa estaci\u00f3n de esqu\u00ed de Crans-Montana fue probablemente provocado por bengalas encendidas dentro del local, afirmaron este viernes (02.01.2026)\u00a0las autoridades suizas.<\/p>\n<p>\u00abTodo indica que el fuego se origin\u00f3 por bengalas o velas bengala colocadas sobre botellas de champ\u00e1n, acercadas demasiado al techo. Eso produjo un incendio r\u00e1pido, muy r\u00e1pido y generalizado\u00bb, declar\u00f3 la fiscal del cant\u00f3n suizo de Valais, B\u00e9atrice Pilloud.<\/p>\n<p>Al menos 80 heridos en situaci\u00f3n cr\u00edtica<\/p>\n<p>Adem\u00e1s de <a class=\"internal-link\" href=\"https:\/\/www.dw.com\/es\/suiza-polic\u00eda-cifra-en-40-el-n\u00famero-de-muertos-en-incendio\/a-75362158\" rel=\"nofollow noopener\" target=\"_blank\">los 40 fallecidos confirmados<\/a>, las autoridades contabilizan 119 heridos, 80 en situaci\u00f3n cr\u00edtica. Unos 50 han sido trasladados a\u00a0centros especializados, indic\u00f3 Mathias Reynard, presidente del gobierno del cant\u00f3n.<\/p>\n<p>El incendio ocurri\u00f3 en el bar Le Constellation de Crans-Montana, un local frecuentado por turistas, muchos de ellos j\u00f3venes, que llevaban poco m\u00e1s de una hora\u00a0celebrando el inicio del A\u00f1o Nuevo.<\/p>\n<p>Se desconoce cu\u00e1ntas personas hab\u00eda en este bar de dos niveles, uno de ellos subterr\u00e1neo, con una capacidad de al menos 300 personas, seg\u00fan su sitio web.<\/p>\n<p><img data-format=\"MASTER_LANDSCAPE\" data-id=\"75366226\" data-url=\"https:\/\/static.dw.com\/image\/75366226_${formatId}.jpg\" data-aspect-ratio=\"16\/9\" alt=\"J\u00f3venes celebrando el a\u00f1o nuevo con botellas y bengalas en el bar accidentado.\" style=\"padding-bottom: 56.25%; height: 0; max-height: 0;\"\/>Las autoridades suizas sugieren que bengalas situadas en las botellas de champ\u00e1n habr\u00edan generado el incendio en el bar.Imagen: Content Curation\/IMAGO<\/p>\n<p>Trabajo por identificar a los fallecidos<\/p>\n<p>La fiscal Pilloud indic\u00f3 que se han movilizado importantes medios \u00abpara identificar a las v\u00edctimas y devolver sus cuerpos a las familias lo antes posible\u00bb.\u00a0<\/p>\n<p>\u00abEste trabajo puede llevar varios d\u00edas\u00bb, indic\u00f3 por su parte el jefe de la polic\u00eda cantonal, Fr\u00e9d\u00e9ric Gisler.<\/p>\n<p>B\u00fasqueda de familiares en redes sociales<\/p>\n<p>En tanto, numerosas familias\u00a0que\u00a0siguen sin noticias de sus seres queridos\u00a0tras el accidente publican fotos de sus familiares en redes sociales para localizarlos.<\/p>\n<p>\u00abHemos intentado contactar con nuestros amigos. Hemos puesto muchas fotos, en Instagram, Facebook, en todas las redes sociales posibles para intentar encontrarlos\u00bb, dijo El\u00e9onore, de 17 a\u00f1os.<\/p>\n<p>\u00abPero nada, ninguna respuesta, hemos llamado a los padres, nada, ni siquiera los padres saben nada\u00bb, continu\u00f3.<\/p>\n<p>Bengalas fijadas a botellas de champa\u00f1a<\/p>\n<p>En la calle\u00a0frente al bar donde ocurri\u00f3 el siniestro,\u00a0varias personas vinieron a depositar flores.<\/p>\n<p>Los testimonios recogidos por la prensa\u00a0coinciden sobre la posible causa del incendio:\u00a0bengalas fijadas a botellas que tocaron el techo y provocaron el incendio, una pr\u00e1ctica que habr\u00eda sido habitual.<\/p>\n<p>El fuego gener\u00f3 \u00abun incendio generalizado que caus\u00f3 una o varias explosiones\u00bb en el bar, seg\u00fan las autoridades cantonales, que descartaron enseguida la hip\u00f3tesis de un atentado, aunque la investigaci\u00f3n sigue en curso.<\/p>\n<p><img data-format=\"MASTER_LANDSCAPE\" data-id=\"75361793\" data-url=\"https:\/\/static.dw.com\/image\/75361793_${formatId}.jpg\" data-aspect-ratio=\"16\/9\" alt=\"Dos mujeres dejando flores a las v\u00edctimas del accidente en el bar suizo.\" style=\"padding-bottom: 56.25%; height: 0; max-height: 0;\"\/>Algunos turistas y visitantes dejan flores frente al bar Le Constellation.Imagen: Denis Balibouse\/Reuters<\/p>\n<p>Extranjeros entre las v\u00edctimas<\/p>\n<p>Las autoridades creen que hay muchos extranjeros entre las v\u00edctimas, pero a\u00fan no han facilitado ning\u00fan dato sobre su identidad.<\/p>\n<p>Entre los heridos que han podido ser identificados figuran 71 suizos, 14 franceses, 11 italianos, cuatro serbios, un bosnio, un belga, un luxemburgu\u00e9s, un polaco y un portugu\u00e9s, detall\u00f3 el viernes la polic\u00eda.<\/p>\n<p>El presidente suizo, Guy Parmelin, que asumi\u00f3 el cargo el jueves, anunci\u00f3 que las banderas ondear\u00e1n a media asta durante cinco d\u00edas tras esta \u00abtragedia de proporciones aterradoras y sin precedentes\u00bb.<\/p>\n<p>JU (afp, efe)<\/p>\n<p>\u00a0<\/p>\n","protected":false},"excerpt":{"rendered":"El incendio que arras\u00f3 en A\u00f1o Nuevo un bar de la lujosa estaci\u00f3n de esqu\u00ed de Crans-Montana fue&hellip;\n","protected":false},"author":2,"featured_media":319521,"comment_status":"","ping_status":"","sticky":false,"template":"","format":"standard","meta":{"footnotes":""},"categories":[42],"tags":[17,18,13,14,11,61,62,63,64,19,20,9,10,15,16,12,21,22,65,66,67],"class_list":{"0":"post-319520","1":"post","2":"type-post","3":"status-publish","4":"format-standard","5":"has-post-thumbnail","7":"category-internacional","8":"tag-breaking-news","9":"tag-breakingnews","10":"tag-featured-news","11":"tag-featurednews","12":"tag-headlines","13":"tag-internacional","14":"tag-international","15":"tag-international-news","16":"tag-internationalnews","17":"tag-latest-news","18":"tag-latestnews","19":"tag-news","20":"tag-noticias","21":"tag-noticias-destacadas","22":"tag-noticiasdestacadas","23":"tag-titulares","24":"tag-ultimas-noticias","25":"tag-ultimasnoticias","26":"tag-world","27":"tag-world-news","28":"tag-worldnews"},"share_on_mastodon":{"url":"https:\/\/pubeurope.com\/@es\/115826869121813821","error":""},"_links":{"self":[{"href":"https:\/\/www.europesays.com\/es\/wp-json\/wp\/v2\/posts\/319520","targetHints":{"allow":["GET"]}}],"collection":[{"href":"https:\/\/www.europesays.com\/es\/wp-json\/wp\/v2\/posts"}],"about":[{"href":"https:\/\/www.europesays.com\/es\/wp-json\/wp\/v2\/types\/post"}],"author":[{"embeddable":true,"href":"https:\/\/www.europesays.com\/es\/wp-json\/wp\/v2\/users\/2"}],"replies":[{"embeddable":true,"href":"https:\/\/www.europesays.com\/es\/wp-json\/wp\/v2\/comments?post=319520"}],"version-history":[{"count":0,"href":"https:\/\/www.europesays.com\/es\/wp-json\/wp\/v2\/posts\/319520\/revisions"}],"wp:featuredmedia":[{"embeddable":true,"href":"https:\/\/www.europesays.com\/es\/wp-json\/wp\/v2\/media\/319521"}],"wp:attachment":[{"href":"https:\/\/www.europesays.com\/es\/wp-json\/wp\/v2\/media?parent=319520"}],"wp:term":[{"taxonomy":"category","embeddable":true,"href":"https:\/\/www.europesays.com\/es\/wp-json\/wp\/v2\/categories?post=319520"},{"taxonomy":"post_tag","embeddable":true,"href":"https:\/\/www.europesays.com\/es\/wp-json\/wp\/v2\/tags?post=319520"}],"curies":[{"name":"wp","href":"https:\/\/api.w.org\/{rel}","templated":true}]}}