{"id":319522,"date":"2026-01-02T18:15:19","date_gmt":"2026-01-02T18:15:19","guid":{"rendered":"https:\/\/www.europesays.com\/es\/319522\/"},"modified":"2026-01-02T18:15:19","modified_gmt":"2026-01-02T18:15:19","slug":"arranca-la-xxix-edicion-de-la-juve-con-una-gran-acogida","status":"publish","type":"post","link":"https:\/\/www.europesays.com\/es\/319522\/","title":{"rendered":"Arranca la XXIX edici\u00f3n de la JUVE con una gran acogida"},"content":{"rendered":"<p>\t\t\t\t<img decoding=\"async\" src=\"https:\/\/www.europesays.com\/es\/wp-content\/uploads\/2026\/01\/JUVE-2026-14.jpg\" alt=\"JUVE 2026 (14)\"\/>\t\t    \t<\/p>\n<p>&#13;<br \/>\n\t\t\t\t\t&#13;<br \/>\n\t\t\t\t\t\t\t\t\t\t\t2 de enero de 2026&#13;<br \/>\n\t\t\t\t\t\t\t\t\t\t&#13;<br \/>\n\t\t\t\t\t&#13;\n\t\t\t\t<\/p>\n<p>El alcalde de Orihuela, Pepe Vegara, y el concejal de Deportes, V\u00edctor Sig\u00fcenza, han asistido en la ma\u00f1ana de este viernes a la inauguraci\u00f3n de la XXIX edici\u00f3n de la JUVE. Este evento, en el que se combina deporte y diversi\u00f3n, es uno de los m\u00e1s esperados por las familias oriolanas, tal y como ha destacado el alcalde: \u201cNo empieza el a\u00f1o, sobre todo para los m\u00e1s peque\u00f1os, si no celebramos la JUVE, una actividad que cumple ya 29 a\u00f1os y que est\u00e1 plenamente consolidada en nuestro municipio\u201d.<\/p>\n<p>Por su parte, el concejal de Deportes, ha querido poner en valor las novedades de esta edici\u00f3n como el carrusel para los ni\u00f1os y ni\u00f1as de 1 a 3 a\u00f1os y el fotomat\u00f3n de peri\u00f3dico personalizado. Adem\u00e1s, el compromiso con hacer de la JUVE un evento inclusivo: \u201cTenemos especial dedicaci\u00f3n a los peque\u00f1os que puedan tener alg\u00fan tipo de discapacidad, por ello contamos con monitores especializados para cuidarlos en todo momento y que disfruten al m\u00e1ximo. Adem\u00e1s, tenemos monitores con idiomas para que puedan comunicarse con los usuarios de otros pa\u00edses\u201d.<\/p>\n<p>En esta XXIX edici\u00f3n, la Concejal\u00eda de Deportes refuerza la presencia de la JUVE en la costa y las pedan\u00edas con actividades repartidas por distintos enclaves del municipio. Este viernes en el parque de la Cruz de San Bartolom\u00e9; el s\u00e1bado, en el polideportivo municipal de La Campaneta; y el domingo, en el polideportivo municipal de Torremendo. En el centro y la costa, la programaci\u00f3n se desarrollar\u00e1 durante los tres d\u00edas, en la avenida de la Vega y en el Centro Deportivo Municipal, respectivamente, con horario ininterrumpido de 10:30 a 14:00 horas y de 16:00 a 20:00 horas.<\/p>\n<p>En Orihuela centro, ni\u00f1os y ni\u00f1as podr\u00e1n disfrutar de una amplia oferta l\u00fadica que incluye hinchables, roc\u00f3dromo, tirolina, camas el\u00e1sticas, talleres familiares e infantiles, espect\u00e1culos de magia, cuentacuentos, t\u00edteres y desfiles de animaci\u00f3n. En la costa, las propuestas abarcan zona deportiva multimedia y gaming, atracciones mec\u00e1nicas, talleres de manualidades, pintacaras y actividades deportivas, mientras que en las pedan\u00edas se suman hinchables y espect\u00e1culos de magia a las 18:30 horas.<\/p>\n","protected":false},"excerpt":{"rendered":"&#13; &#13; 2 de enero de 2026&#13; &#13; &#13; El alcalde de Orihuela, Pepe Vegara, y el concejal&hellip;\n","protected":false},"author":2,"featured_media":319523,"comment_status":"","ping_status":"","sticky":false,"template":"","format":"standard","meta":{"footnotes":""},"categories":[8],"tags":[17,18,25,24,13,14,11,19,20,9,10,15,16,23,12,21,22],"class_list":{"0":"post-319522","1":"post","2":"type-post","3":"status-publish","4":"format-standard","5":"has-post-thumbnail","7":"category-espana","8":"tag-breaking-news","9":"tag-breakingnews","10":"tag-es","11":"tag-espana","12":"tag-featured-news","13":"tag-featurednews","14":"tag-headlines","15":"tag-latest-news","16":"tag-latestnews","17":"tag-news","18":"tag-noticias","19":"tag-noticias-destacadas","20":"tag-noticiasdestacadas","21":"tag-spain","22":"tag-titulares","23":"tag-ultimas-noticias","24":"tag-ultimasnoticias"},"share_on_mastodon":{"url":"https:\/\/pubeurope.com\/@es\/115826873083284967","error":""},"_links":{"self":[{"href":"https:\/\/www.europesays.com\/es\/wp-json\/wp\/v2\/posts\/319522","targetHints":{"allow":["GET"]}}],"collection":[{"href":"https:\/\/www.europesays.com\/es\/wp-json\/wp\/v2\/posts"}],"about":[{"href":"https:\/\/www.europesays.com\/es\/wp-json\/wp\/v2\/types\/post"}],"author":[{"embeddable":true,"href":"https:\/\/www.europesays.com\/es\/wp-json\/wp\/v2\/users\/2"}],"replies":[{"embeddable":true,"href":"https:\/\/www.europesays.com\/es\/wp-json\/wp\/v2\/comments?post=319522"}],"version-history":[{"count":0,"href":"https:\/\/www.europesays.com\/es\/wp-json\/wp\/v2\/posts\/319522\/revisions"}],"wp:featuredmedia":[{"embeddable":true,"href":"https:\/\/www.europesays.com\/es\/wp-json\/wp\/v2\/media\/319523"}],"wp:attachment":[{"href":"https:\/\/www.europesays.com\/es\/wp-json\/wp\/v2\/media?parent=319522"}],"wp:term":[{"taxonomy":"category","embeddable":true,"href":"https:\/\/www.europesays.com\/es\/wp-json\/wp\/v2\/categories?post=319522"},{"taxonomy":"post_tag","embeddable":true,"href":"https:\/\/www.europesays.com\/es\/wp-json\/wp\/v2\/tags?post=319522"}],"curies":[{"name":"wp","href":"https:\/\/api.w.org\/{rel}","templated":true}]}}