{"id":319524,"date":"2026-01-02T18:16:12","date_gmt":"2026-01-02T18:16:12","guid":{"rendered":"https:\/\/www.europesays.com\/es\/319524\/"},"modified":"2026-01-02T18:16:12","modified_gmt":"2026-01-02T18:16:12","slug":"bando-prevision-de-nieve-y-bajas-temperaturas","status":"publish","type":"post","link":"https:\/\/www.europesays.com\/es\/319524\/","title":{"rendered":"BANDO: previsi\u00f3n de nieve y bajas temperaturas"},"content":{"rendered":"<p style=\"text-align: justify;\">Ante la posibilidad de nevadas en el municipio y los avisos por nieve y bajas temperaturas de los pr\u00f3ximos d\u00edas, se ha activado el Plan Territorial de Emergencia Municipal (PLATEMUN).<\/p>\n<p style=\"text-align: justify;\">Los servicios municipales y Protecci\u00f3n Civil, iniciar\u00e1n, en caso de ser necesario, el tratamiento preventivo, esparciendo sal, ante la previsi\u00f3n de que en estos d\u00edas, adem\u00e1s de las nevadas, pudieran registrarse fuertes heladas, dando prioridad al acceso a Centro de Salud, Residencia de Ancianos y otros servicios p\u00fablicos.<\/p>\n<p style=\"text-align: justify;\">Adem\u00e1s, ante las inclemencias invernales previstas, se recuerda a la poblaci\u00f3n medidas preventivas ante eventuales situaciones de emergencia que pudieran darse.<\/p>\n<p><img loading=\"lazy\" decoding=\"async\" class=\"alignnone wp-image-378\" src=\"https:\/\/www.europesays.com\/es\/wp-content\/uploads\/2025\/10\/pdf.png\" alt=\"documento pdf\" width=\"20\" height=\"22\"  \/>\u00a0<a href=\"https:\/\/madridejos.es\/wp-content\/uploads\/2026\/01\/BANDO-MUNICIPAL-PREVISION-NIEVE-ENERO-2026.pdf\" target=\"_blank\" rel=\"noopener nofollow\">BANDO previsi\u00f3n de nieve bajas temperaturas (enero 2026)<\/a><\/p>\n<p><img loading=\"lazy\" decoding=\"async\" class=\"aligncenter wp-image-51021 size-full\" src=\"https:\/\/www.europesays.com\/es\/wp-content\/uploads\/2026\/01\/BANDO-PREVISION-NIEVE-ENERO-2026-madridejos.jpg\" alt=\"bando nieve y bajas temperaturas madridejos\" width=\"741\" height=\"1023\"  \/><\/p>\n<p>&#13;<br \/>\n\t\t\t\t N\u00ba de visitas: 317&#13;\n\t\t\t<\/p>\n","protected":false},"excerpt":{"rendered":"Ante la posibilidad de nevadas en el municipio y los avisos por nieve y bajas temperaturas de los&hellip;\n","protected":false},"author":2,"featured_media":319525,"comment_status":"","ping_status":"","sticky":false,"template":"","format":"standard","meta":{"footnotes":""},"categories":[5],"tags":[17,18,25,24,13,14,11,19,20,9,10,15,16,23,12,21,22],"class_list":{"0":"post-319524","1":"post","2":"type-post","3":"status-publish","4":"format-standard","5":"has-post-thumbnail","7":"category-titulares","8":"tag-breaking-news","9":"tag-breakingnews","10":"tag-es","11":"tag-espana","12":"tag-featured-news","13":"tag-featurednews","14":"tag-headlines","15":"tag-latest-news","16":"tag-latestnews","17":"tag-news","18":"tag-noticias","19":"tag-noticias-destacadas","20":"tag-noticiasdestacadas","21":"tag-spain","22":"tag-titulares","23":"tag-ultimas-noticias","24":"tag-ultimasnoticias"},"share_on_mastodon":{"url":"https:\/\/pubeurope.com\/@es\/115826876981007099","error":""},"_links":{"self":[{"href":"https:\/\/www.europesays.com\/es\/wp-json\/wp\/v2\/posts\/319524","targetHints":{"allow":["GET"]}}],"collection":[{"href":"https:\/\/www.europesays.com\/es\/wp-json\/wp\/v2\/posts"}],"about":[{"href":"https:\/\/www.europesays.com\/es\/wp-json\/wp\/v2\/types\/post"}],"author":[{"embeddable":true,"href":"https:\/\/www.europesays.com\/es\/wp-json\/wp\/v2\/users\/2"}],"replies":[{"embeddable":true,"href":"https:\/\/www.europesays.com\/es\/wp-json\/wp\/v2\/comments?post=319524"}],"version-history":[{"count":0,"href":"https:\/\/www.europesays.com\/es\/wp-json\/wp\/v2\/posts\/319524\/revisions"}],"wp:featuredmedia":[{"embeddable":true,"href":"https:\/\/www.europesays.com\/es\/wp-json\/wp\/v2\/media\/319525"}],"wp:attachment":[{"href":"https:\/\/www.europesays.com\/es\/wp-json\/wp\/v2\/media?parent=319524"}],"wp:term":[{"taxonomy":"category","embeddable":true,"href":"https:\/\/www.europesays.com\/es\/wp-json\/wp\/v2\/categories?post=319524"},{"taxonomy":"post_tag","embeddable":true,"href":"https:\/\/www.europesays.com\/es\/wp-json\/wp\/v2\/tags?post=319524"}],"curies":[{"name":"wp","href":"https:\/\/api.w.org\/{rel}","templated":true}]}}