{"id":319534,"date":"2026-01-02T18:30:07","date_gmt":"2026-01-02T18:30:07","guid":{"rendered":"https:\/\/www.europesays.com\/es\/319534\/"},"modified":"2026-01-02T18:30:07","modified_gmt":"2026-01-02T18:30:07","slug":"amaia-montero-le-da-la-vuelta-a-los-memes-con-una-foto-que-confirma-lo-que-muchos-pensaron","status":"publish","type":"post","link":"https:\/\/www.europesays.com\/es\/319534\/","title":{"rendered":"Amaia Montero le da la vuelta a los &#8216;memes&#8217; con una foto que confirma lo que muchos pensaron"},"content":{"rendered":"<p><a href=\"https:\/\/www.huffingtonpost.es\/life\/cultura\/la-oreja-gogh-anuncia-vuelta-amaia-montero-salida-pablo-benegas.html\" title=\"La Oreja de Van Gogh anuncia la vuelta de Amaia Montero y la salida de Pablo Benegas\" rel=\"nofollow noopener\" target=\"_blank\">La vuelta de Amaia Montero<\/a> a La Oreja de Van Gogh tras la marcha de Leire Mart\u00ednez fue, sin duda, una de las noticias musicales m\u00e1s relevantes de nuestro pa\u00eds en el 2025 y, probablemente, tambi\u00e9n fue una de las que m\u00e1s dividi\u00f3 a la sociedad espa\u00f1ola.\u00a0<\/p>\n<p>Sin embargo, tras el anuncio de su regreso, el pasado 31 de diciembre, en el programa \u00abLa casa de la m\u00fasica\u00bb, la banda volvi\u00f3 a protagonizar un nuevo momento <a href=\"https:\/\/www.huffingtonpost.es\/virales\/la-primera-cancion-oreja-gogh-vuelta-amaia-montero-despierta-aluvion-comentarios-debate.html\" title=\"La primera canci\u00f3n de La Oreja de Van Gogh tras la vuelta de Amaia Montero despierta un aluvi\u00f3n de comentarios y debate\" rel=\"nofollow noopener\" target=\"_blank\">viral con la presentaci\u00f3n de su nuevo single<\/a> &#8216;Todos estamos bailando la misma canci\u00f3n&#8217;, aunque esta vez el grupo llam\u00f3 la atenci\u00f3n por otra cuesti\u00f3n: <b><a href=\"https:\/\/www.huffingtonpost.es\/life\/cultura\/amaia-montero-reina-nieves-protagonista-absoluta-aparicion-oreja-gogh-la-casa-musica.html\" title=\"Amaia Montero, cual reina de las nieves, protagonista absoluta de la aparici\u00f3n de La Oreja de Van Gogh en &#039;La casa de la M\u00fasica&#039;\" rel=\"nofollow noopener\" target=\"_blank\">el extravagante look de Amaia.\u00a0<\/a><\/b><\/p>\n<p>Y es que, la cantante, que iba vestida con un abrigo blanco acolchado,<b> se convirti\u00f3 en todo un &#8216;meme&#8217; en las redes sociales,<\/b> con usuarios que comparaban su traje con el de un edred\u00f3n n\u00f3rdico para dormir. Sin embargo, los comentarios, lejos de enfadar a Amaia, han animado a la cantante a responder con humor.\u00a0<\/p>\n<p>Lo ha hecho a trav\u00e9s de su cuenta de Instagram, <b>donde ha compartido una imagen en la que aparece durmiendo en la cama con la famosa prenda a modo de edred\u00f3n.<\/b> \u00abUn edred\u00f3n, a mi manera\u00bb, ha escrito la l\u00edder de la banda de pop en la publicaci\u00f3n, jugando no solo ir\u00f3nicamente con la letra de la canci\u00f3n (Yo creo en Dios, a mi manera&#8230;.\u00bb), sino tambi\u00e9n con el abrigo de la discordia y las cr\u00edticas recibidas.\u00a0<\/p>\n<p>La publicaci\u00f3n lleva ya m\u00e1s de 10.000 &#8216;me gusta&#8217; en la red social, donde la mayor\u00eda de usuarios<b> no han tardado en aplaudir en la cantante<\/b> por tomarse de tan buen humor los comentarios recibidos por su vestimenta escogida. \u00abEl edred\u00f3n de la reina del pop\u00bb, se\u00f1ala uno en tono de humor. \u00abJajaja siempre a tu manera, te amo\u00bb, comenta otro.\u00a0\u00abAmaia siendo Amaia\u00bb, se\u00f1ala un usuario finalmente.\u00a0<\/p>\n<p>Junto a Amaia Montero, tambi\u00e9n estuvieron presentes en &#8216;La casa de la m\u00fasica&#8217;, el especial musical de RTVE para celebrar su 70 aniversario, otras artistas como<b> Lola \u00cdndigo, Nicki Nicole, Rosario Flores, Shakira, Antonio Carmona o Amaia Romero.\u00a0<\/b><\/p>\n<p>El \u00ababrigo-edred\u00f3n\u00bb que llev\u00f3 la cantante donostiarra es obra de la dise\u00f1adora <b>Isabel Zarapadiez,<\/b> un nombre ya de sobra conocido en la moda nupcial en el norte de Espa\u00f1a, y ten\u00eda como objetivo simbolizar la protecci\u00f3n para Amaia en un momento tan importante para su carrera.\u00a0<\/p>\n","protected":false},"excerpt":{"rendered":"La vuelta de Amaia Montero a La Oreja de Van Gogh tras la marcha de Leire Mart\u00ednez fue,&hellip;\n","protected":false},"author":2,"featured_media":319535,"comment_status":"","ping_status":"","sticky":false,"template":"","format":"standard","meta":{"footnotes":""},"categories":[170],"tags":[20219,146,147,25,24,20220,184,185,23],"class_list":{"0":"post-319534","1":"post","2":"type-post","3":"status-publish","4":"format-standard","5":"has-post-thumbnail","7":"category-musica","8":"tag-amaia-montero","9":"tag-entertainment","10":"tag-entretenimiento","11":"tag-es","12":"tag-espana","13":"tag-la-oreja-de-van-gogh","14":"tag-music","15":"tag-musica","16":"tag-spain"},"share_on_mastodon":{"url":"https:\/\/pubeurope.com\/@es\/115826932049601249","error":""},"_links":{"self":[{"href":"https:\/\/www.europesays.com\/es\/wp-json\/wp\/v2\/posts\/319534","targetHints":{"allow":["GET"]}}],"collection":[{"href":"https:\/\/www.europesays.com\/es\/wp-json\/wp\/v2\/posts"}],"about":[{"href":"https:\/\/www.europesays.com\/es\/wp-json\/wp\/v2\/types\/post"}],"author":[{"embeddable":true,"href":"https:\/\/www.europesays.com\/es\/wp-json\/wp\/v2\/users\/2"}],"replies":[{"embeddable":true,"href":"https:\/\/www.europesays.com\/es\/wp-json\/wp\/v2\/comments?post=319534"}],"version-history":[{"count":0,"href":"https:\/\/www.europesays.com\/es\/wp-json\/wp\/v2\/posts\/319534\/revisions"}],"wp:featuredmedia":[{"embeddable":true,"href":"https:\/\/www.europesays.com\/es\/wp-json\/wp\/v2\/media\/319535"}],"wp:attachment":[{"href":"https:\/\/www.europesays.com\/es\/wp-json\/wp\/v2\/media?parent=319534"}],"wp:term":[{"taxonomy":"category","embeddable":true,"href":"https:\/\/www.europesays.com\/es\/wp-json\/wp\/v2\/categories?post=319534"},{"taxonomy":"post_tag","embeddable":true,"href":"https:\/\/www.europesays.com\/es\/wp-json\/wp\/v2\/tags?post=319534"}],"curies":[{"name":"wp","href":"https:\/\/api.w.org\/{rel}","templated":true}]}}