{"id":319540,"date":"2026-01-02T18:33:07","date_gmt":"2026-01-02T18:33:07","guid":{"rendered":"https:\/\/www.europesays.com\/es\/319540\/"},"modified":"2026-01-02T18:33:07","modified_gmt":"2026-01-02T18:33:07","slug":"los-pediatras-proponen-incluir-la-vacuna-contra-la-hepatitis-a-en-el-calendario-infantil-ante-el-repunte-de-casos","status":"publish","type":"post","link":"https:\/\/www.europesays.com\/es\/319540\/","title":{"rendered":"Los pediatras proponen incluir la vacuna contra la hepatitis A en el calendario infantil ante el repunte de casos"},"content":{"rendered":"<p><strong>Redacci\u00f3n<br \/><\/strong>El Comit\u00e9 Asesor de Vacunas e Inmunizaciones de la Asociaci\u00f3n Espa\u00f1ola de Pediatr\u00eda (CAV-AEP) ha propuesto la incorporaci\u00f3n de la <strong>vacunaci\u00f3n sistem\u00e1tica frente a la hepatitis A<\/strong> (HA), con una pauta de dosis \u00fanica a los 12-15 meses de edad y una de rescate para el resto de la infancia y adolescentes sin vacunar, ya que esta vacuna es efectiva tambi\u00e9n tras la exposici\u00f3n.<\/p>\n<p>As\u00ed lo ha indicado en la <strong>revista Anales de Pediatr\u00eda<\/strong>, donde ha publicado su <a href=\"https:\/\/vacunasaep.org\/profesionales\/noticias\/calendario-de-vacunaciones-e-inmunizaciones-de-la-aep-2026-0\" target=\"_blank\" rel=\"noopener nofollow\">calendario de vacunaciones e inmunizaciones recomendado<\/a> para 2026, un documento basado en evidencias cient\u00edficas y epidemiol\u00f3gicas existentes que recoge Europa Press.<\/p>\n<p>\u00abEspa\u00f1a, hasta ahora, era un pa\u00eds con baja endemicidad de hepatitis A, por lo que la vacunaci\u00f3n estaba recomendada \u00fanicamente para grupos de riesgo, salvo estas tres excepciones\u00bb, ha asegurado Francisco \u00c1lvarez coordinador del CAV-AEP.<\/p>\n<p>\u00abEl <strong>aumento de casos en estos dos \u00faltimos a\u00f1os en la mayor\u00eda de las comunidades<\/strong> aut\u00f3nomas nos obliga, sin embargo, a reforzar la vigilancia epidemiol\u00f3gica de esta enfermedad, as\u00ed como a robustecer la prevenci\u00f3n con la vacunaci\u00f3n\u00bb, ha a\u00f1adido \u00c1lvarez.<\/p>\n<p>\u00abEl aumento de casos en estos dos \u00faltimos a\u00f1os en la mayor\u00eda de las comunidades aut\u00f3nomas nos obliga a reforzar la vigilancia epidemiol\u00f3gica de esta enfermedad\u00bb, ha destacado el coordinador del CAV-AEP<\/p>\n<p>Otra de las actualizaciones del calendario es la recomendaci\u00f3n de la <strong>vacuna contra la gripe a todos los ni\u00f1os y adolescentes de entre los 6 meses y los 17 a\u00f1os<\/strong>, una propuesta que se lanz\u00f3 ya en oto\u00f1o. Adem\u00e1s, los expertos sugieren reforzar las coberturas en convivientes y cuidadores de pacientes de riesgo y\/o que conviven con menores de 6 meses, embarazadas y a todos los profesionales sanitarios.<\/p>\n<p>El CAV-AEP insiste en la necesidad de avanzar hacia un<strong> calendario de vacunaciones e inmunizaciones \u00fanico<\/strong> que garantice la equidad tanto en la prevenci\u00f3n de las enfermedades como en el acceso a la protecci\u00f3n vacunal en todo el territorio.<\/p>\n<p>Pero, como se\u00f1ala su coordinador,\u00a0alcanzar este objetivo exige \u00abla <strong>implicaci\u00f3n conjunta<\/strong> de los<strong> profesionales sanitarios<\/strong> y de los <strong>responsables pol\u00edticos<\/strong> que intervienen en las decisiones sobre el calendario de vacunaciones e inmunizaciones de la poblaci\u00f3n infantil y adolescente en Espa\u00f1a, un \u00e1mbito en el que el comit\u00e9 est\u00e1 plenamente dispuesto a colaborar\u00bb.<\/p>\n<p>Lograr un calendario de vacunaciones e inmunizaciones \u00fanico requiere\u00a0\u00abla implicaci\u00f3n conjunta de los profesionales sanitarios y de los responsables pol\u00edticos\u00bb , ha se\u00f1alado Francisco \u00c1lvarez<\/p>\n<p>Por ello, desde el comit\u00e9 vuelven a destacar la urgencia de desarrollar un <strong>modelo de financiaci\u00f3n que permita un acceso equitativo<\/strong> a las vacunas que actualmente no est\u00e1n incluidas en el calendario del Sistema Nacional de Salud, reduciendo el impacto econ\u00f3mico que esta situaci\u00f3n supone para las familias y redoblar esfuerzos, tanto desde Salud P\u00fablica como desde los equipos de pediatr\u00eda de atenci\u00f3n primaria, para aumentar las coberturas vacunales.<\/p>\n<p>El CAV-AEP aboga por la <strong>constituci\u00f3n de un Comit\u00e9 Nacional de Inmunizaci\u00f3n<\/strong> que incluya pediatras expertos en las comisiones decisorias en materia de vacunas e inmunizaciones, e integre\u00a0tambi\u00e9n a t\u00e9cnicos de Salud P\u00fablica del Ministerio y de las comunidades aut\u00f3nomas, a sociedades cient\u00edficas y representantes de los pacientes, en l\u00ednea con las recomendaciones de la Organizaci\u00f3n Mundial de la Salud (OMS).<\/p>\n<p>El calendario vacunal de la AEP para 2026 consolida las recomendaciones incorporadas en a\u00f1os previos, sin hacer distinciones entre inmunizaciones financiadas y no financiadas, al considerarse que todas deber\u00edan aplicarse de forma sistem\u00e1tica a la poblaci\u00f3n infantil y adolescente.<\/p>\n<p>De este modo, se mantiene la recomendaci\u00f3n de <strong>incluir la vacuna frente al rotavirus de forma sistem\u00e1tica<\/strong> en todos los lactantes espa\u00f1oles, como ya realizan todas las comunidades aut\u00f3nomas, excepto Andaluc\u00eda que la incorporar\u00e1 este mes.<\/p>\n","protected":false},"excerpt":{"rendered":"Redacci\u00f3nEl Comit\u00e9 Asesor de Vacunas e Inmunizaciones de la Asociaci\u00f3n Espa\u00f1ola de Pediatr\u00eda (CAV-AEP) ha propuesto la incorporaci\u00f3n&hellip;\n","protected":false},"author":2,"featured_media":319541,"comment_status":"","ping_status":"","sticky":false,"template":"","format":"standard","meta":{"footnotes":""},"categories":[92],"tags":[3297,517,7467,25,24,165,6297,166,23,1454],"class_list":{"0":"post-319540","1":"post","2":"type-post","3":"status-publish","4":"format-standard","5":"has-post-thumbnail","7":"category-salud","8":"tag-a1","9":"tag-actualidad","10":"tag-aep","11":"tag-es","12":"tag-espana","13":"tag-health","14":"tag-hepatitis","15":"tag-salud","16":"tag-spain","17":"tag-vacunas"},"share_on_mastodon":{"url":"https:\/\/pubeurope.com\/@es\/115826943786804455","error":""},"_links":{"self":[{"href":"https:\/\/www.europesays.com\/es\/wp-json\/wp\/v2\/posts\/319540","targetHints":{"allow":["GET"]}}],"collection":[{"href":"https:\/\/www.europesays.com\/es\/wp-json\/wp\/v2\/posts"}],"about":[{"href":"https:\/\/www.europesays.com\/es\/wp-json\/wp\/v2\/types\/post"}],"author":[{"embeddable":true,"href":"https:\/\/www.europesays.com\/es\/wp-json\/wp\/v2\/users\/2"}],"replies":[{"embeddable":true,"href":"https:\/\/www.europesays.com\/es\/wp-json\/wp\/v2\/comments?post=319540"}],"version-history":[{"count":0,"href":"https:\/\/www.europesays.com\/es\/wp-json\/wp\/v2\/posts\/319540\/revisions"}],"wp:featuredmedia":[{"embeddable":true,"href":"https:\/\/www.europesays.com\/es\/wp-json\/wp\/v2\/media\/319541"}],"wp:attachment":[{"href":"https:\/\/www.europesays.com\/es\/wp-json\/wp\/v2\/media?parent=319540"}],"wp:term":[{"taxonomy":"category","embeddable":true,"href":"https:\/\/www.europesays.com\/es\/wp-json\/wp\/v2\/categories?post=319540"},{"taxonomy":"post_tag","embeddable":true,"href":"https:\/\/www.europesays.com\/es\/wp-json\/wp\/v2\/tags?post=319540"}],"curies":[{"name":"wp","href":"https:\/\/api.w.org\/{rel}","templated":true}]}}