{"id":319543,"date":"2026-01-02T18:35:08","date_gmt":"2026-01-02T18:35:08","guid":{"rendered":"https:\/\/www.europesays.com\/es\/319543\/"},"modified":"2026-01-02T18:35:08","modified_gmt":"2026-01-02T18:35:08","slug":"el-eclipse-del-siglo-y-una-mision-historica-a-la-luna-hitos-de-la-agenda-espacial-de-2026","status":"publish","type":"post","link":"https:\/\/www.europesays.com\/es\/319543\/","title":{"rendered":"El eclipse del siglo y una misi\u00f3n hist\u00f3rica a la Luna, hitos de la agenda espacial de 2026"},"content":{"rendered":"<p class=\"ft-text ft-helper-closenews\">Todo apunta a que <strong>2026<\/strong> ser\u00e1 un a\u00f1o espacial, de los que obligan a levantar la mirada <strong>y dejarse asombrar por lo que ocurre en el cosmos<\/strong>. Sobre todo en <strong>Espa\u00f1a<\/strong>, donde <a href=\"https:\/\/www.elperiodico.com\/es\/ciencia\/20251121\/eclipse-solar-observatorios-cataluna-dv-123809428\" class=\"ft-link ft-link--decoration\" rel=\"nofollow noopener\" target=\"_blank\">el pr\u00f3ximo 12 de agosto se vivir\u00e1 el <\/a><a href=\"https:\/\/www.elperiodico.com\/es\/ciencia\/20251121\/eclipse-solar-observatorios-cataluna-dv-123809428\" class=\"ft-link ft-link--decoration\" rel=\"nofollow noopener\" target=\"_blank\"><strong>primer eclipse total de sol<\/strong><\/a> en m\u00e1s de un siglo. El evento ya est\u00e1 creando frenes\u00ed entre los astroaficionados, disparando las reservas de viajes y agotando plazas hoteleras en la franja donde este evento se dejar\u00e1 ver en todo su esplendor. Pero eso no es todo.<\/p>\n<p class=\"ft-text\">Este a\u00f1o tambi\u00e9n se espera <strong>el avistamiento de un brillante cometa<\/strong> que, si las condiciones meteorol\u00f3gicas lo permiten, se <strong>podr\u00e1 observar a simple vista<\/strong> desde varios puntos del pa\u00eds. El espacio ganar\u00e1 protagonismo en los pr\u00f3ximos meses con el <strong>despegue de la misi\u00f3n lunar Artemis II<\/strong>, con la que un equipo de astronautas <strong>volver\u00e1 a la Luna<\/strong> por primera vez en m\u00e1s de 50 a\u00f1os; y el <strong>lanzamiento del cohete espa\u00f1ol Miura 5<\/strong>, con el que Espa\u00f1a quiere ganar autonom\u00eda en el espacio.<\/p>\n<p class=\"ft-text\">Estos son los <strong>principales eventos astron\u00f3micos y espaciales<\/strong> que protagonizar\u00e1n el 2026.<\/p>\n<p class=\"ft-text\">El evento espacial del a\u00f1o ser\u00e1, sin duda, <strong>el eclipse total de sol previsto para el 12 de agosto<\/strong>. Este evento no solo ser\u00e1 el primero de su tipo que se vea en la Pen\u00ednsula Ib\u00e9rica en m\u00e1s de un siglo sino que, adem\u00e1s, <a href=\"https:\/\/www.elperiodico.com\/es\/sociedad\/20250828\/espana-prepara-trio-eclipses-evento-masivo-121026117\" class=\"ft-link ft-link--decoration\" rel=\"nofollow noopener\" target=\"_blank\">inaugurar\u00e1 la \u00abtemporada de eclipses\u00bb prevista en Espa\u00f1a<\/a> que arranca este 2026 y que se repetir\u00e1 con otros eventos el <strong>2 de agosto de 2027<\/strong> y el <strong>26 de enero de 2028<\/strong>. El primero de este tr\u00edo de eventos, que tendr\u00e1 lugar hacia las 20:30 horas del 12 de agosto, <a href=\"https:\/\/www.elperiodico.com\/es\/sociedad\/20250828\/espana-prepara-trio-eclipses-evento-masivo-121026117\" class=\"ft-link ft-link--decoration\" rel=\"nofollow noopener\" target=\"_blank\">ya est\u00e1 disparando los viajes y las reservas hoteleras<\/a> hacia las zonas m\u00e1s afortunadas del territorio, donde este episodio dejar\u00e1 verse en todo su esplendor. <a class=\"ft-link ft-link--decoration\" href=\"https:\/\/www.elperiodico.com\/es\/sociedad\/20250729\/espana-aprueba-comision-interministerial-eclipses-2026-2028-120160683\" target=\"_blank\" rel=\"nofollow noopener\">El Gobierno ha puesto en marcha una Comisi\u00f3n Interministerial<\/a>, presidida por el gabinete de Ciencia, para coordinar las labores log\u00edsticas alrededor de este evento y, sobre todo, aprovechar la ocasi\u00f3n para <strong>impulsar actividades cient\u00edficas<\/strong> y de divulgaci\u00f3n astron\u00f3mica.<\/p>\n<p class=\"ft-text\"><a class=\"ft-link ft-link--decoration\" href=\"https:\/\/www.elperiodico.com\/es\/sociedad\/20250811\/eclipse-siglo-catalunya-prepara-mapa-visibilidad-120521818\" target=\"_blank\" rel=\"nofollow noopener\">En Catalunya, el Govern tambi\u00e9n est\u00e1 impulsando un despliegue estelar <\/a>para que la ciudadan\u00eda pueda disfrutar de este evento. El Ejecutivo de Salvador Illa ha elegido <strong>20 municipios estrat\u00e9gicos<\/strong> donde se habilitar\u00e1n <strong>zonas oficiales de observaci\u00f3n<\/strong>, servicios log\u00edsticos, actividades divulgativas y controles de acceso para ordenar la llegada de visitantes. Estas poblaciones, de m\u00e1s de 3.000 habitantes y con buen acceso por carretera, tienen capacidad para absorber a 85.000 personas y 40.000 veh\u00edculos seg\u00fan los c\u00e1lculos. Entre los municipios seleccionados destacan ciudades como <strong>Valls, Cambrils, Reus, El Vendrell<\/strong>, Amposta, M\u00f3ra La Nova, Altafulla, Constant\u00ed, <strong>Salou, Tarragona, Torredembarra y Alcanar<\/strong>. En la provincia de Lleida se ha seleccionado Les Borges Blanques y la propia capital leridana como puntos \u00f3ptimos para observar el eclipse.<\/p>\n<p class=\"ft-text\">Este a\u00f1o se espera el avistamiento del <strong>cometa C\/2025 R3 (PanSTARRS)<\/strong>, un cuerpo procedente de la lejana Nube de Oort, en los confines del Sistema Solar, y que este a\u00f1o dejar\u00e1 verse durante su acercamiento a la Tierra. Seg\u00fan explica el Instituto de Astrof\u00edsica de Canarias (IAC), este &#8216;visitante&#8217; espacial llegar\u00e1 a su perihelio (momento de m\u00e1xima aproximaci\u00f3n al Sol) alrededor del 20 de abril y despu\u00e9s pasar\u00e1 relativamente cerca de la Tierra entre el <strong>26 y el 27 del mismo mes<\/strong>. Si todo va bien, para entonces <strong>podr\u00e1 observarse a simple vista<\/strong> desde gran parte del hemisferio norte, sobre todo en el cielo crepuscular y durante el amanecer.<\/p>\n<p class=\"ft-text\">Este 2026, los aficionados a la astronom\u00eda disfrutar\u00e1n de un a\u00f1o especialmente rico en eventos celestes. A lo largo de este a\u00f1o se producir\u00e1n diversas<strong> alineaciones y conjunciones planetarias<\/strong>, como la de Saturno\u00a0y Neptuno del 20 de febrero; los desfiles de planetas de <strong>Mercurio, Venus, Marte, J\u00fapiter y Saturno<\/strong> durante marzo, mayo, agosto y noviembre; y la oposici\u00f3n de J\u00fapiter (10 de enero), Saturno (4 de octubre) y Urano (25 de noviembre). El calendario lunar tambi\u00e9n est\u00e1 lleno de fen\u00f3menos llamativos como la <strong>\u00abLuna azul\u00bb<\/strong> del 31 de mayo (que destacar\u00e1 como la segunda luna llena del mes), la <strong>\u00abLuna negra\u00bb<\/strong> del 15 de junio (cuando se observa la luna llena m\u00e1s peque\u00f1a del a\u00f1o) y, para cerrar el a\u00f1o, una espectacular <strong>\u00abSuperluna\u00bb <\/strong>el 24 de diciembre (la luna llena m\u00e1s grande de 2026).<\/p>\n<blockquote class=\"ft-mol-quote ft-mol-quote--basic\" data-aida-cite=\"\"><p>Entre febrero y abril est\u00e1 previsto el primer viaje lunar en m\u00e1s de 50 a\u00f1os<\/p><\/blockquote>\n<p class=\"ft-text\">M\u00e1s all\u00e1 de los eventos que nos regalar\u00e1 el cosmos, este a\u00f1o la humanidad tambi\u00e9n intentar\u00e1 protagonizar alguna que otra haza\u00f1a espacial. Si todo va bien, entre febrero y abril se espera el despegue del <strong>primer viaje tripulado a la Luna en m\u00e1s de 50 a\u00f1os<\/strong>. La <a href=\"https:\/\/www.elperiodico.com\/es\/sociedad\/20250923\/nasa-mision-tripulada-luna-orbita-artemis-ii-121881215https:\/www.elperiodico.com\/es\/sociedad\/20250923\/nasa-mision-tripulada-luna-orbita-artemis-ii-121881215\" class=\"ft-link ft-link--decoration\" rel=\"nofollow noopener\" target=\"_blank\">misi\u00f3n Artemis II<\/a> prev\u00e9 llevar a <strong>un equipo de cuatro astronautas<\/strong> hacia <strong>un viaje de 10 d\u00edas<\/strong> que dar\u00e1 una vuelta alrededor de la Luna pero que, a diferencia de los viajes del hist\u00f3rico programa Apolo, <strong>no aterrizar\u00e1 sobre su superficie<\/strong>. Esta haza\u00f1a la reservan para la <a href=\"https:\/\/www.elperiodico.com\/es\/temas\/eclipses-23591\" class=\"ft-link ft-link--decoration\" rel=\"nofollow noopener\" target=\"_blank\">tercera misi\u00f3n del programa Artemis<\/a>, cuya fecha de <a class=\"ft-link ft-link--decoration\" href=\"https:\/\/www.elperiodico.com\/es\/sociedad\/20260102\/misiones-tripuladas-luna-estados-unidos-china-trump-125316164\" target=\"_blank\" rel=\"nofollow noopener\">despegue est\u00e1 a\u00fan en el aire debido a los recortes en la NASA<\/a>, las disputas entre Trump y Musk y varios problemas log\u00edsticos surgidos durante el proceso de preparaci\u00f3n.<\/p>\n<blockquote class=\"ft-mol-quote ft-mol-quote--basic\" data-aida-cite=\"\"><p>El despegue del cohete espa\u00f1ol Miura 5<\/p><\/blockquote>\n<p class=\"ft-text\">Todo apunta a que en los pr\u00f3ximos meses podremos <a href=\"https:\/\/www.elperiodico.com\/es\/temas\/cohetes-espaciales-1853310\" class=\"ft-link ft-link--decoration\" rel=\"nofollow noopener\" target=\"_blank\">disfrutar del despegue del nuevo cohete espa\u00f1ol Miura 5<\/a>, de la compa\u00f1\u00eda <strong>PLD Space<\/strong>. Este gigante espacial, de <strong>70 toneladas de peso<\/strong> y m\u00e1s <strong>de 35 metros de altura<\/strong>, realizar\u00e1 su primer vuelo inaugural desde el puerto espacial europeo situado en la Guayana Francesa. Sus creadores afirman que, una vez operativo, este veh\u00edculo espacial <strong>podr\u00e1 transportar al espacio hasta 540 kilogramos de material<\/strong>, incluidos sat\u00e9lites que requieran desplegarse en la \u00f3rbita baja terrestre. Su dise\u00f1o tambi\u00e9n destaca por su sostenibilidad, incluido el uso de \u00abcombustible renovable\u00bb as\u00ed como la posibilidad de recuperar y reutilizar toda su estructura para reducir al m\u00e1ximo la generaci\u00f3n de residuos.<\/p>\n<p class=\"ft-text\"><strong>Jap\u00f3n<\/strong> ha anunciado el despegue de una misi\u00f3n hist\u00f3rica y potencialmente revolucionaria <strong>hacia las lunas de Marte<\/strong>. Tras varios a\u00f1os de retrasos y problemas t\u00e9cnicos, todo apunta a que el proyecto Martian Moons eXploration (MMX), de la agencia espacial nipona JAXA, podr\u00eda alzar el vuelo durante los pr\u00f3ximos meses y emprender su largo viaje hacia las lunas marcianas Fobos y Deimos para <strong>recopilar material de su atm\u00f3sfera y superficie<\/strong> y <strong>traerlo de vuelta a la Tierra de cara a 2029<\/strong>. De lograrse, se tratar\u00eda de la primera misi\u00f3n en la historia capaz de recolectar material de los sat\u00e9lites de otros mundos y traerlos hacia nuestro planeta, donde se trasladar\u00e1n a los mejores laboratorios del globo en <a href=\"https:\/\/www.elperiodico.com\/es\/sociedad\/20250927\/hallazgo-posibles-rastros-microorganimos-marte-vida-extraterrestre-121982642\" class=\"ft-link ft-link--decoration\" rel=\"nofollow noopener\" target=\"_blank\">b\u00fasqueda de trazas de vida extraterrestre<\/a>.<\/p>\n<p data-close=\"closedContent\" class=\"subscribeHideForDisplay\">Suscr\u00edbete para seguir leyendo<\/p>\n","protected":false},"excerpt":{"rendered":"Todo apunta a que 2026 ser\u00e1 un a\u00f1o espacial, de los que obligan a levantar la mirada y&hellip;\n","protected":false},"author":2,"featured_media":319544,"comment_status":"","ping_status":"","sticky":false,"template":"","format":"standard","meta":{"footnotes":""},"categories":[81],"tags":[74502,647,74501,119,123,124,74499,30257,25,10558,24,1935,74500,642,117,121,122,648,23,118,120],"class_list":{"0":"post-319543","1":"post","2":"type-post","3":"status-publish","4":"format-standard","5":"has-post-thumbnail","7":"category-ciencia-y-tecnologia","8":"tag-astronautica","9":"tag-astronomia","10":"tag-calendario-espacial-2026","11":"tag-ciencia","12":"tag-ciencia-y-tecnologia","13":"tag-cienciaytecnologia","14":"tag-eclipse-sol","15":"tag-eclipses","16":"tag-es","17":"tag-espacio","18":"tag-espana","19":"tag-luna","20":"tag-mision-a-la-luna","21":"tag-nasa","22":"tag-science","23":"tag-science-and-technology","24":"tag-scienceandtechnology","25":"tag-sistema-solar","26":"tag-spain","27":"tag-technology","28":"tag-tecnologia"},"share_on_mastodon":{"url":"https:\/\/pubeurope.com\/@es\/115826951690244416","error":""},"_links":{"self":[{"href":"https:\/\/www.europesays.com\/es\/wp-json\/wp\/v2\/posts\/319543","targetHints":{"allow":["GET"]}}],"collection":[{"href":"https:\/\/www.europesays.com\/es\/wp-json\/wp\/v2\/posts"}],"about":[{"href":"https:\/\/www.europesays.com\/es\/wp-json\/wp\/v2\/types\/post"}],"author":[{"embeddable":true,"href":"https:\/\/www.europesays.com\/es\/wp-json\/wp\/v2\/users\/2"}],"replies":[{"embeddable":true,"href":"https:\/\/www.europesays.com\/es\/wp-json\/wp\/v2\/comments?post=319543"}],"version-history":[{"count":0,"href":"https:\/\/www.europesays.com\/es\/wp-json\/wp\/v2\/posts\/319543\/revisions"}],"wp:featuredmedia":[{"embeddable":true,"href":"https:\/\/www.europesays.com\/es\/wp-json\/wp\/v2\/media\/319544"}],"wp:attachment":[{"href":"https:\/\/www.europesays.com\/es\/wp-json\/wp\/v2\/media?parent=319543"}],"wp:term":[{"taxonomy":"category","embeddable":true,"href":"https:\/\/www.europesays.com\/es\/wp-json\/wp\/v2\/categories?post=319543"},{"taxonomy":"post_tag","embeddable":true,"href":"https:\/\/www.europesays.com\/es\/wp-json\/wp\/v2\/tags?post=319543"}],"curies":[{"name":"wp","href":"https:\/\/api.w.org\/{rel}","templated":true}]}}