{"id":319549,"date":"2026-01-02T18:38:10","date_gmt":"2026-01-02T18:38:10","guid":{"rendered":"https:\/\/www.europesays.com\/es\/319549\/"},"modified":"2026-01-02T18:38:10","modified_gmt":"2026-01-02T18:38:10","slug":"folklore-solidario-el-grupo-aires-de-aragon-realiza-su-tradicional-actuacion-benefica-en-esta-edicion-con-destino-a-adisciv","status":"publish","type":"post","link":"https:\/\/www.europesays.com\/es\/319549\/","title":{"rendered":"Folklore solidario: El grupo \u201cAires de Arag\u00f3n\u201d realiza su tradicional actuaci\u00f3n ben\u00e9fica, en esta edici\u00f3n con destino a ADISCIV"},"content":{"rendered":"<blockquote>\n<p>S\u00e1bado, 3 de enero. Teatro de la Villa. 20:00 horas.<\/p>\n<\/blockquote>\n<p><strong>El Grupo Folkl\u00f3rico \u201cAires de Arag\u00f3n\u201d realizar\u00e1 nuevamente una actuaci\u00f3n ben\u00e9fica, como ya viene siendo tradici\u00f3n desde hace muchos a\u00f1os, manifestando su compromiso con entidades sociales como ADISCIV, que ser\u00e1 la beneficiaria en esta edici\u00f3n de la recaudaci\u00f3n de taquilla.<\/strong><\/p>\n<p>AIRES DE ARAG\u00d3N realizar\u00e1 un viaje por Arag\u00f3n de la mano de nuestros bailes y cantos. Recorrer\u00e1n bellos lugares de las tres provincias, interpretando piezas representativas de lugares muy concretos de la geograf\u00eda aragonesa. La Jota, el Folklore y la Tradici\u00f3n de \u201cAires de Arag\u00f3n\u201d se unir\u00e1n para llenar el escenario del Teatro de la Villa de mucha alegr\u00eda y gratitud.<\/p>\n<p>La entrada-donativo tiene un precio de 5 \u20ac y puede adquirirse tanto en el establecimiento \u201cPilar Bureta\u201d, llamando al tel\u00e9fono 630 829044 l o una hora antes de la actuaci\u00f3n en la taquilla del Teatro de la Villa. Existe tambi\u00e9n la opci\u00f3n de aportaci\u00f3n voluntaria de Fila 0.<\/p>\n<p><img loading=\"lazy\" decoding=\"async\" class=\"alignnone size-medium wp-image-49666\" src=\"https:\/\/www.europesays.com\/es\/wp-content\/uploads\/2026\/01\/Cartel-Folklore-solidario-03-01-26-226x300.jpeg\" alt=\"\" width=\"226\" height=\"300\"  \/><\/p>\n","protected":false},"excerpt":{"rendered":"S\u00e1bado, 3 de enero. Teatro de la Villa. 20:00 horas. El Grupo Folkl\u00f3rico \u201cAires de Arag\u00f3n\u201d realizar\u00e1 nuevamente&hellip;\n","protected":false},"author":2,"featured_media":319550,"comment_status":"","ping_status":"","sticky":false,"template":"","format":"standard","meta":{"footnotes":""},"categories":[8],"tags":[74504,26464,26465,17,18,209,26466,25,24,13,14,11,19,20,9,10,15,16,14100,23,12,21,22],"class_list":{"0":"post-319549","1":"post","2":"type-post","3":"status-publish","4":"format-standard","5":"has-post-thumbnail","7":"category-espana","8":"tag-adisciv","9":"tag-ejeadeloscaballeros","10":"tag-pueblosejea","11":"tag-breaking-news","12":"tag-breakingnews","13":"tag-cultura","14":"tag-ejea","15":"tag-es","16":"tag-espana","17":"tag-featured-news","18":"tag-featurednews","19":"tag-headlines","20":"tag-latest-news","21":"tag-latestnews","22":"tag-news","23":"tag-noticias","24":"tag-noticias-destacadas","25":"tag-noticiasdestacadas","26":"tag-solidaridad","27":"tag-spain","28":"tag-titulares","29":"tag-ultimas-noticias","30":"tag-ultimasnoticias"},"share_on_mastodon":{"url":"https:\/\/pubeurope.com\/@es\/115826963521135506","error":""},"_links":{"self":[{"href":"https:\/\/www.europesays.com\/es\/wp-json\/wp\/v2\/posts\/319549","targetHints":{"allow":["GET"]}}],"collection":[{"href":"https:\/\/www.europesays.com\/es\/wp-json\/wp\/v2\/posts"}],"about":[{"href":"https:\/\/www.europesays.com\/es\/wp-json\/wp\/v2\/types\/post"}],"author":[{"embeddable":true,"href":"https:\/\/www.europesays.com\/es\/wp-json\/wp\/v2\/users\/2"}],"replies":[{"embeddable":true,"href":"https:\/\/www.europesays.com\/es\/wp-json\/wp\/v2\/comments?post=319549"}],"version-history":[{"count":0,"href":"https:\/\/www.europesays.com\/es\/wp-json\/wp\/v2\/posts\/319549\/revisions"}],"wp:featuredmedia":[{"embeddable":true,"href":"https:\/\/www.europesays.com\/es\/wp-json\/wp\/v2\/media\/319550"}],"wp:attachment":[{"href":"https:\/\/www.europesays.com\/es\/wp-json\/wp\/v2\/media?parent=319549"}],"wp:term":[{"taxonomy":"category","embeddable":true,"href":"https:\/\/www.europesays.com\/es\/wp-json\/wp\/v2\/categories?post=319549"},{"taxonomy":"post_tag","embeddable":true,"href":"https:\/\/www.europesays.com\/es\/wp-json\/wp\/v2\/tags?post=319549"}],"curies":[{"name":"wp","href":"https:\/\/api.w.org\/{rel}","templated":true}]}}