{"id":319551,"date":"2026-01-02T18:39:11","date_gmt":"2026-01-02T18:39:11","guid":{"rendered":"https:\/\/www.europesays.com\/es\/319551\/"},"modified":"2026-01-02T18:39:11","modified_gmt":"2026-01-02T18:39:11","slug":"feijoo-remite-a-la-jueza-sus-mensajes-con-mazon-el-dia-de-la-dana-lleva-la-iniciativa-de-comunicacion-es-la-clave-cadena-ser","status":"publish","type":"post","link":"https:\/\/www.europesays.com\/es\/319551\/","title":{"rendered":"Feij\u00f3o remite a la jueza sus mensajes con Maz\u00f3n el d\u00eda de la dana: &quot;Lleva la iniciativa de comunicaci\u00f3n. Es la clave&quot; &#8211; Cadena SER"},"content":{"rendered":"<ol>\n<li><a href=\"https:\/\/news.google.com\/rss\/articles\/CBMi-wFBVV95cUxOTk81N2RrQWZVUnpPR0ZDckdmeU1rT05lZjZhank5cFl4NDNycm1Pd1FhV3FyZUIzcVJFcnM3RkZkaW9tY3p6bEZPR3hqY00tUHA3LTVzcDJ4MDU1MnpLZm1IckRybHZ0QS1SOVNRbmR0ci16VnNyejRaQlM5SUdDVGxmQzRhQlg2NXRjbVZhVGtCRExMYzlFTDlYTmVqUlltRXpMNUpqQUNJV21zRzJZdDcybHhJSFpQbU40MHozNzdjVHgtdldDckJYbTNqRkxMYjJhVWZIdk1SYk1yeVpCNUtMYWh5X1pQa2VUT0VOQlBkaUFRTnlCaWNOONIBjwJBVV95cUxOOTdmVHA4Z05jaHhJclgwRE8wa2FMSE0zNTRJQnlHd0lSZzV2QnAyb2VpMmVJRlRlTFQybTNwSkxNSUhHbDhzQnZIRDFDelA0YUJycU9tMTdGS3NHVUxGVEJMRTh0elVzQS1rMUcyT2tyaWZIR3VPX1JhQm5pWkFxMnhpZ2g2T2JsQ3ExMnoyNXdPU25sWk9pMW5xZXRZNVhHbkUyYkwyZ3hZRlFoVjZEeE94eGtSWjluVGZtNzUxdkhlM1c1LURSaUtyTzRmbnduWlNiVUdHNUtZRkRmU0k2YzVKdW9lbjBpdVBmTGRJYnlKLUoxOWN6aDU1VWFyRkVEZEZLZE5pNGxfQURlaUY4?oc=5\" target=\"_blank\" rel=\"nofollow noopener\">Feij\u00f3o remite a la jueza sus mensajes con Maz\u00f3n el d\u00eda de la dana: \u00abLleva la iniciativa de comunicaci\u00f3n. Es la clave\u00bb<\/a>&nbsp;&nbsp;Cadena SER<\/li>\n<li><a href=\"https:\/\/news.google.com\/rss\/articles\/CBMijAFBVV95cUxNWndCa0lRVk9maGJaNDFCWkVtMlV5VmhvY3hkYTBJSFcyVkZhc3ZLcWMxN0piQmNxSGdpelluVHB0UjRLZ0xFTk9ISU1KSjhiYUs2Nk9iN0Y3UFk0cDFJYWZrQnVEc0UzTVpyOTR4V21SbUJKa3htZTlubDhBZm1aS2tQNXRBTDU1aFFQNtIBjAFBVV95cUxNb0ZMNS1xaHNRSGJ5bW9jM3VmX3MzYjE4UjdOUElyZHpGRGpjeU9UNkJCSmxFRnBHelM3WndDWWg4OWYzVHB0WTBuczQ4QW5YOExMYTBjdngtOVgxWEtqTE03SlFob1RWLXZTc2lzTk9xOENIRjMtYldqTmV0bGU5Q1NJVHY0TWUwTnFlRQ?oc=5\" target=\"_blank\" rel=\"nofollow noopener\">Los mensajes de Feij\u00f3o a Maz\u00f3n el d\u00eda de la dana: \u00abDice el gobierno que os ha llamado&#8230; espero que sea as\u00ed y os est\u00e9n prestando ayuda suficiente\u00bb<\/a>&nbsp;&nbsp;El Mundo<\/li>\n<li><a href=\"https:\/\/news.google.com\/rss\/articles\/CBMiygFBVV95cUxQZGIydWZ0UXZ1SWREeUE5QUhNcU93V1o5WDdEYUdtUjE1Vkl4WjMwSlBYajZuN3pPcXNTODVDRGt3SzNEYUJiYWVNbEZlQUpPSTBXekRRZE45REtfai1WaENtTXNxMEZsSUEtM2dnV2RwZWF0UTRJUm1HSkZEWEM5dVQ1YnNBdl9Ta0FzcWtDQ3diSTR3VFBBOEhscDAyY2N5Q3JQNi1kYVh3elljbExERkdELUFhZTBfTzNNRTQ4dFB4TFlRVDFhcmdB?oc=5\" target=\"_blank\" rel=\"nofollow noopener\">As\u00ed fue la conversaci\u00f3n de Feij\u00f3o y Maz\u00f3n el d\u00eda de la dana: \u201cSe est\u00e1 jodiendo cada minuto\u201d<\/a>&nbsp;&nbsp;EL PA\u00cdS<\/li>\n<li><a href=\"https:\/\/news.google.com\/rss\/articles\/CBMipwFBVV95cUxNbU5Dbng1UE9kWUIzaFBVOGJreTYzMnoyZERZUURaOFplSnhZV0hRb09BUmVDc0pNU3lUWVdEQ01OWUlTbFpxQmltZ2JnUEJmTG4wQ2MtN1NNZ1Z1eS1QeXZDMXhLNi1RSVkySEVhOFlJdlNBUFdRS3d3MmN3Q3NSOGVzbGplbDJ5U0tSSURKQUhwNXh0NXZKangtRzE3QWJPWGJNbmJQOA?oc=5\" target=\"_blank\" rel=\"nofollow noopener\">La orden de Feij\u00f3o por WhatsApp a Maz\u00f3n, el d\u00eda de la dana: \u00abLidera informativamente\u00bb<\/a>&nbsp;&nbsp;Las Provincias<\/li>\n<li><a href=\"https:\/\/news.google.com\/rss\/articles\/CBMi1gFBVV95cUxQY3JYMVFnWnE0YXZiUFJ2cjNYMXpLMGtINEdIcGI0cGZmX09YUm10cEtBWE91SmVmX2hWbDlxMTgycXlyRVR6YVV3V1JRMlZlOWx4Y0NZWmpnTHNPZWdRTFRuVFJ3S1ZsR05YbHRqSThfeU5JYXNTdnM0Rm80c2pnUFhSZ3dMLVVtU0Q3T2ZzNXhsWVVLbFpXcnJEMlNPMHdjZWtFWTMxbnZPc2JaXzktUVdPekNHcjBBM3ZLV2UxeGliN21XQ1FKMHlib2s0aDY4NnBpTlhn0gHWAUFVX3lxTE8yYnEwb0liNTNoNWRxclozSy1taUlWeDk0UkgxQ0NOSG5PU3d4WTNYdFB2clJkN212dXhQTnIxRFNFcVVDdmk0Um9mcjByOVJubExmVVhrSWRUZXR4ck04RDNsOTFUc1FFbU82SUpEbk85dnNNQlJQakgxUzZUTkVrZG5HSk03emtnQmVRZWVhY1BJUGoxa1FFNlc2RVRiSWNJNUJXeTYzZVJobXQ2V3BzcFlHeHFHNWpBMzZDWEJZZFhsckVsUnEtWGxjVE9jSGlJemxMWkE?oc=5\" target=\"_blank\" rel=\"nofollow noopener\">Feij\u00f3o remite a la jueza nuevos mensajes con Maz\u00f3n del d\u00eda de la dana: \u00abLleva la iniciativa en la comunicaci\u00f3n, es la clave\u00bb<\/a>&nbsp;&nbsp;RTVE.es<\/li>\n<\/ol>\n","protected":false},"excerpt":{"rendered":"Feij\u00f3o remite a la jueza sus mensajes con Maz\u00f3n el d\u00eda de la dana: \u00abLleva la iniciativa de&hellip;\n","protected":false},"author":2,"featured_media":297172,"comment_status":"","ping_status":"","sticky":false,"template":"","format":"standard","meta":{"footnotes":""},"categories":[5],"tags":[17,18,25,24,13,14,11,19,20,9,10,15,16,23,12,21,22],"class_list":{"0":"post-319551","1":"post","2":"type-post","3":"status-publish","4":"format-standard","5":"has-post-thumbnail","7":"category-titulares","8":"tag-breaking-news","9":"tag-breakingnews","10":"tag-es","11":"tag-espana","12":"tag-featured-news","13":"tag-featurednews","14":"tag-headlines","15":"tag-latest-news","16":"tag-latestnews","17":"tag-news","18":"tag-noticias","19":"tag-noticias-destacadas","20":"tag-noticiasdestacadas","21":"tag-spain","22":"tag-titulares","23":"tag-ultimas-noticias","24":"tag-ultimasnoticias"},"share_on_mastodon":{"url":"https:\/\/pubeurope.com\/@es\/115826967379846569","error":""},"_links":{"self":[{"href":"https:\/\/www.europesays.com\/es\/wp-json\/wp\/v2\/posts\/319551","targetHints":{"allow":["GET"]}}],"collection":[{"href":"https:\/\/www.europesays.com\/es\/wp-json\/wp\/v2\/posts"}],"about":[{"href":"https:\/\/www.europesays.com\/es\/wp-json\/wp\/v2\/types\/post"}],"author":[{"embeddable":true,"href":"https:\/\/www.europesays.com\/es\/wp-json\/wp\/v2\/users\/2"}],"replies":[{"embeddable":true,"href":"https:\/\/www.europesays.com\/es\/wp-json\/wp\/v2\/comments?post=319551"}],"version-history":[{"count":0,"href":"https:\/\/www.europesays.com\/es\/wp-json\/wp\/v2\/posts\/319551\/revisions"}],"wp:featuredmedia":[{"embeddable":true,"href":"https:\/\/www.europesays.com\/es\/wp-json\/wp\/v2\/media\/297172"}],"wp:attachment":[{"href":"https:\/\/www.europesays.com\/es\/wp-json\/wp\/v2\/media?parent=319551"}],"wp:term":[{"taxonomy":"category","embeddable":true,"href":"https:\/\/www.europesays.com\/es\/wp-json\/wp\/v2\/categories?post=319551"},{"taxonomy":"post_tag","embeddable":true,"href":"https:\/\/www.europesays.com\/es\/wp-json\/wp\/v2\/tags?post=319551"}],"curies":[{"name":"wp","href":"https:\/\/api.w.org\/{rel}","templated":true}]}}