{"id":319560,"date":"2026-01-02T18:49:11","date_gmt":"2026-01-02T18:49:11","guid":{"rendered":"https:\/\/www.europesays.com\/es\/319560\/"},"modified":"2026-01-02T18:49:11","modified_gmt":"2026-01-02T18:49:11","slug":"marta-ortega-cierra-2025-rodeada-de-coruneses-y-cumpliendo-una-tradicion-muy-especial","status":"publish","type":"post","link":"https:\/\/www.europesays.com\/es\/319560\/","title":{"rendered":"Marta Ortega cierra 2025 rodeada de coru\u00f1eses y cumpliendo una tradici\u00f3n muy especial"},"content":{"rendered":"<p><strong>Marta Ortega<\/strong> ha puesto el broche de oro a 2025 rodeada de miles de coru\u00f1eses y cumpliendo una tradici\u00f3n que ya se ha convertido en una cita ineludible. Entre las cerca de<strong> 6.000 personas<\/strong> que participaron en la San Silvestre de La Coru\u00f1a se encontraba la presidenta de Inditex, que se sum\u00f3 a la carrera con absoluta normalidad y sin buscar protagonismo. <strong>Llevaba unas zapatillas Nike y un conjunto deportivo tan apropiado como discreto<\/strong>.<\/p>\n<p>Seg\u00fan los datos publicados en la prensa local, <strong>complet\u00f3 el recorrido en aproximadamente una hora<\/strong> y cruz\u00f3 la meta acompa\u00f1ada de su prima y de<a href=\"https:\/\/okdiario.com\/look\/actualidad\/carlos-toretta-hombre-que-dio-si-quiero-marta-ortega-boda-20-millones-2429036\" rel=\"nofollow noopener\" target=\"_blank\"> su marido, Carlos Torretta<\/a>, mientras su familia la esperaba al final del trayecto. Una vez m\u00e1s, la emblem\u00e1tica empresaria demostr\u00f3 que es una mujer normal, cercana y con las mismas pasiones que el resto de sus vecinos.<\/p>\n<p>\n<img decoding=\"async\" loading=\"lazy\" class=\"size-medium wp-image-2461111\" alt=\"Marta Ortega, san silvestre Marta Ortega, \" width=\"413\" height=\"620\"  src=\"https:\/\/www.europesays.com\/es\/wp-content\/uploads\/2025\/12\/placeholder.jpg\"  bad-src=\"https:\/\/www.europesays.com\/es\/wp-content\/uploads\/2025\/12\/placeholder.jpg\"\/><\/p>\n<p><img decoding=\"async\" loading=\"lazy\" class=\"size-medium wp-image-2461111\" src=\"https:\/\/www.europesays.com\/es\/wp-content\/uploads\/2026\/01\/martsa-ortega-en-la-san-silvestre-de-2018-413x620.jpg\" alt=\"Marta Ortega, san silvestre Marta Ortega, \" width=\"413\" height=\"620\"  \/><\/p>\n<p> Marta Ortega en la San Silvestre de 2018. (Foto: Gtres)\n<\/p>\n<p><strong>Su presencia en esta cita no es algo puntual<\/strong>, sino una costumbre que repite de manera recurrente. Marta Ortega ha demostrado en muchas ocasiones su apego a<strong> La Coru\u00f1a<\/strong> y su compromiso con las tradiciones, integr\u00e1ndose como una participante m\u00e1s en una de las citas deportivas m\u00e1s simb\u00f3licas del final de a\u00f1o.<\/p>\n<p>Lejos de los focos del mundo empresarial, volvi\u00f3 a mostrarse natural, tal y como recoge El Ideal Gallego. De una forma magistral ha conseguido estar a la altura de su padre. <strong>Amancio Ortega<\/strong> es una instituci\u00f3n en toda Espa\u00f1a, pero especialmente en Galicia. Es una persona amable que se ha ganado el coraz\u00f3n de todos, exactamente igual que ha hecho su hija.<\/p>\n<p>El exitoso a\u00f1o de Marta Ortega<\/p>\n<p>Despu\u00e9s de todas las noticias que hemos recogido en LOOK sobra Marta Ortega, podemos decir que se ha despedido de 2025 por todo lo alto. La hija de fundador de Inditex ha dicho adi\u00f3s a <strong>uno de los a\u00f1os m\u00e1s s\u00f3lidos de su trayectoria<\/strong>, consolidando su liderazgo al frente de la empresa familiar y reforzando su papel dentro del panorama empresarial internacional.<\/p>\n<p>\n<img decoding=\"async\" loading=\"lazy\" class=\"size-medium wp-image-2352837\" alt=\"\" width=\"413\" height=\"620\"  src=\"https:\/\/www.europesays.com\/es\/wp-content\/uploads\/2025\/12\/placeholder.jpg\"  bad-src=\"https:\/\/www.europesays.com\/es\/wp-content\/uploads\/2025\/12\/placeholder.jpg\"\/><\/p>\n<p><img decoding=\"async\" loading=\"lazy\" class=\"size-medium wp-image-2352837\" src=\"https:\/\/www.europesays.com\/es\/wp-content\/uploads\/2026\/01\/u436347_003-1-413x620.jpg\" alt=\"\" width=\"413\" height=\"620\"  \/><\/p>\n<p> Marta Ortega en una convenci\u00f3n. (Foto: Gtres)\n<\/p>\n<p><strong>La conmemoraci\u00f3n del 50 aniversario de la primera tienda de Zara marc\u00f3 un hito<\/strong>, pero tambi\u00e9n sirvi\u00f3 para subrayar la fortaleza del grupo y su capacidad de adaptaci\u00f3n. Bajo su presidencia, la compa\u00f1\u00eda ha alcanzado resultados financieros importantes, demostrando as\u00ed que<strong> Amancio Ortega<\/strong> hizo bien cuando apost\u00f3 por su hija<\/p>\n<p>Al mencionado \u00e9xito se suma su apuesta decidida por la cultura y la proyecci\u00f3n internacional de La Coru\u00f1a. A trav\u00e9s de la<strong> Fundaci\u00f3n MOP<\/strong>, ha convertido la ciudad en un referente mundial de la fotograf\u00eda y la moda, atrayendo exposiciones de primer nivel que han situado a la urbe en el mapa art\u00edstico global. <strong>Las exposiciones dedicadas a Steven Meisel, Peter Lindbergh o Irving Penn<\/strong> han consolidado una programaci\u00f3n que est\u00e1 al mismo nivel que los grandes centros culturales del pa\u00eds.<\/p>\n<p>Con todo lo anterior, podemos decir que <strong>Marta Ortega<\/strong> arranca 2026 cargada de buenas noticias. Ha podido celebrarlo junto a su familia en la San Silvestre, pero \u00bfcu\u00e1l ser\u00e1 la pr\u00f3xima vez que veamos reunido al respetado clan?<\/p>\n","protected":false},"excerpt":{"rendered":"Marta Ortega ha puesto el broche de oro a 2025 rodeada de miles de coru\u00f1eses y cumpliendo una&hellip;\n","protected":false},"author":2,"featured_media":319561,"comment_status":"","ping_status":"","sticky":false,"template":"","format":"standard","meta":{"footnotes":""},"categories":[174],"tags":[255,146,147,25,24,256,37261,23],"class_list":{"0":"post-319560","1":"post","2":"type-post","3":"status-publish","4":"format-standard","5":"has-post-thumbnail","7":"category-famosos","8":"tag-celebrities","9":"tag-entertainment","10":"tag-entretenimiento","11":"tag-es","12":"tag-espana","13":"tag-famosos","14":"tag-marta-ortega","15":"tag-spain"},"share_on_mastodon":{"url":"https:\/\/pubeurope.com\/@es\/115827006993387215","error":""},"_links":{"self":[{"href":"https:\/\/www.europesays.com\/es\/wp-json\/wp\/v2\/posts\/319560","targetHints":{"allow":["GET"]}}],"collection":[{"href":"https:\/\/www.europesays.com\/es\/wp-json\/wp\/v2\/posts"}],"about":[{"href":"https:\/\/www.europesays.com\/es\/wp-json\/wp\/v2\/types\/post"}],"author":[{"embeddable":true,"href":"https:\/\/www.europesays.com\/es\/wp-json\/wp\/v2\/users\/2"}],"replies":[{"embeddable":true,"href":"https:\/\/www.europesays.com\/es\/wp-json\/wp\/v2\/comments?post=319560"}],"version-history":[{"count":0,"href":"https:\/\/www.europesays.com\/es\/wp-json\/wp\/v2\/posts\/319560\/revisions"}],"wp:featuredmedia":[{"embeddable":true,"href":"https:\/\/www.europesays.com\/es\/wp-json\/wp\/v2\/media\/319561"}],"wp:attachment":[{"href":"https:\/\/www.europesays.com\/es\/wp-json\/wp\/v2\/media?parent=319560"}],"wp:term":[{"taxonomy":"category","embeddable":true,"href":"https:\/\/www.europesays.com\/es\/wp-json\/wp\/v2\/categories?post=319560"},{"taxonomy":"post_tag","embeddable":true,"href":"https:\/\/www.europesays.com\/es\/wp-json\/wp\/v2\/tags?post=319560"}],"curies":[{"name":"wp","href":"https:\/\/api.w.org\/{rel}","templated":true}]}}