{"id":319564,"date":"2026-01-02T18:52:12","date_gmt":"2026-01-02T18:52:12","guid":{"rendered":"https:\/\/www.europesays.com\/es\/319564\/"},"modified":"2026-01-02T18:52:12","modified_gmt":"2026-01-02T18:52:12","slug":"teleelx-consolida-en-2025-su-liderazgo-en-retransmisiones-e-informacion-local","status":"publish","type":"post","link":"https:\/\/www.europesays.com\/es\/319564\/","title":{"rendered":"TeleElx consolida en 2025 su liderazgo en retransmisiones e informaci\u00f3n local"},"content":{"rendered":"<p><strong>TeleElx<\/strong> ha cerrado 2025 reafirmando su papel como la <strong>cadena de referencia<\/strong> en Elche para seguir en directo los grandes eventos de la ciudad. El final de a\u00f1o volvi\u00f3 a confirmar esa conexi\u00f3n con la audiencia: las <strong>campanadas de Fin de A\u00f1o<\/strong> desde la plaza de Baix fueron seguidas <strong>en directo por m\u00e1s de 16.500 hogares<\/strong>. Una cifra que se suma a los <strong>grandes eventos<\/strong> retransmitidos durante todo el a\u00f1o. En<strong> Semana Santa<\/strong> se superaron los 50.000 hogares conectados y, durante las <strong>fiestas de agosto<\/strong>, las masclet\u00e0s y la Nit de l\u2019Alb\u00e0 rebasaron los 40.000, adem\u00e1s de los desfiles y las representaciones del Misteri, que un a\u00f1o m\u00e1s llevaron la imagen de Elche a miles de pantallas en directo. <\/p>\n<p>M\u00e1s all\u00e1 de los eventos, <strong>la informaci\u00f3n<\/strong> ha sido una de las claves para consolidar esa posici\u00f3n de referencia. Durante el aviso rojo por lluvias de principios de diciembre y en los principales momentos de la actualidad pol\u00edtica, TeleElx apost\u00f3 por la emisi\u00f3n <strong>en directo desde D\u00eda a D\u00eda<\/strong>, con una cobertura continua y cercana. El informativo TeleNit mantiene una media de 15.000 hogares diarios y se consolida como la referencia informativa de la ciudad, junto a formatos como El alcalde responde. <\/p>\n<p>En el <strong>\u00e1mbito deportivo<\/strong>, el <strong>ascenso del Elche CF<\/strong> marc\u00f3 otro hito, con retransmisiones que han dado un salto de calidad est\u00e9tica y de audiencia, y con la fiesta del ascenso como la emisi\u00f3n m\u00e1s vista de la historia de la cadena. Un proyecto que se refuerza adem\u00e1s con la<strong> alianza con Radio Marca Elche<\/strong> y el programa diario Elche en Punta. De cara a 2026, TeleElx revalida su compromiso con Elche: estar en directo cuando la ciudad lo necesita y contar cada d\u00eda lo que de verdad importa.<\/p>\n","protected":false},"excerpt":{"rendered":"TeleElx ha cerrado 2025 reafirmando su papel como la cadena de referencia en Elche para seguir en directo&hellip;\n","protected":false},"author":2,"featured_media":319565,"comment_status":"","ping_status":"","sticky":false,"template":"","format":"standard","meta":{"footnotes":""},"categories":[171],"tags":[4294,634,60238,146,147,25,24,22867,1667,23,214],"class_list":{"0":"post-319564","1":"post","2":"type-post","3":"status-publish","4":"format-standard","5":"has-post-thumbnail","7":"category-tv","8":"tag-audiencia","9":"tag-deporte","10":"tag-directos","11":"tag-entertainment","12":"tag-entretenimiento","13":"tag-es","14":"tag-espana","15":"tag-hogares","16":"tag-informacion","17":"tag-spain","18":"tag-tv"},"share_on_mastodon":{"url":"https:\/\/pubeurope.com\/@es\/115827018655426567","error":""},"_links":{"self":[{"href":"https:\/\/www.europesays.com\/es\/wp-json\/wp\/v2\/posts\/319564","targetHints":{"allow":["GET"]}}],"collection":[{"href":"https:\/\/www.europesays.com\/es\/wp-json\/wp\/v2\/posts"}],"about":[{"href":"https:\/\/www.europesays.com\/es\/wp-json\/wp\/v2\/types\/post"}],"author":[{"embeddable":true,"href":"https:\/\/www.europesays.com\/es\/wp-json\/wp\/v2\/users\/2"}],"replies":[{"embeddable":true,"href":"https:\/\/www.europesays.com\/es\/wp-json\/wp\/v2\/comments?post=319564"}],"version-history":[{"count":0,"href":"https:\/\/www.europesays.com\/es\/wp-json\/wp\/v2\/posts\/319564\/revisions"}],"wp:featuredmedia":[{"embeddable":true,"href":"https:\/\/www.europesays.com\/es\/wp-json\/wp\/v2\/media\/319565"}],"wp:attachment":[{"href":"https:\/\/www.europesays.com\/es\/wp-json\/wp\/v2\/media?parent=319564"}],"wp:term":[{"taxonomy":"category","embeddable":true,"href":"https:\/\/www.europesays.com\/es\/wp-json\/wp\/v2\/categories?post=319564"},{"taxonomy":"post_tag","embeddable":true,"href":"https:\/\/www.europesays.com\/es\/wp-json\/wp\/v2\/tags?post=319564"}],"curies":[{"name":"wp","href":"https:\/\/api.w.org\/{rel}","templated":true}]}}