{"id":319566,"date":"2026-01-02T18:53:09","date_gmt":"2026-01-02T18:53:09","guid":{"rendered":"https:\/\/www.europesays.com\/es\/319566\/"},"modified":"2026-01-02T18:53:09","modified_gmt":"2026-01-02T18:53:09","slug":"la-radio-del-fin-del-mundo-reprodujo-el-lago-de-los-cisnes-en-ano-nuevo","status":"publish","type":"post","link":"https:\/\/www.europesays.com\/es\/319566\/","title":{"rendered":"La \u2018Radio del fin del mundo\u2019 reprodujo \u2018El lago de los cisnes\u2019 en A\u00f1o Nuevo"},"content":{"rendered":"<p>La madrugada de A\u00f1o Nuevo transcurr\u00eda con normalidad en distintas partes del mundo hasta que un sonido inesperado comenz\u00f3 a circular en redes sociales. No era un mensaje pol\u00edtico ni una declaraci\u00f3n oficial, sino <b>una melod\u00eda cl\u00e1sica <\/b>que emerg\u00eda desde una de las se\u00f1ales m\u00e1s enigm\u00e1ticas del planeta.\u00a0<\/p>\n<p class=\"c-leatambien__titulo\"> LEA TAMBI\u00c9N <\/p>\n<p><img decoding=\"async\" alt=\"alt\" width=\"120\" height=\"120\" loading=\"lazy\" src=\"https:\/\/imagenes2.eltiempo.com\/files\/image_120_120\/uploads\/2025\/12\/31\/695566815e9d7.png\" data-full-src=\"https:\/\/www.europesays.com\/es\/wp-content\/uploads\/2026\/01\/695566815e9d7.png\"\/><\/p>\n<p><b>\u2018El lago de los cisnes\u2019,<\/b> de Piotr Ilich Chaikovski, hab\u00eda irrumpido en la transmisi\u00f3n de la conocida \u2018Radio del fin del mundo\u2019, despertando sorpresa, inquietud y una cantidad de especulaciones.<\/p>\n<p>El fragmento musical fue detectado por radioaficionados y analistas de se\u00f1ales que monitorean de forma permanente una emisora rusa que, durante d\u00e9cadas, <b>solo ha emitido un zumbido mon\u00f3tono.<\/b> El registro se difundi\u00f3 r\u00e1pidamente en plataformas digitales y convirti\u00f3 una anomal\u00eda t\u00e9cnica en un fen\u00f3meno viral justo cuando el calendario marcaba el inicio de 2026.<\/p>\n<p class=\"c-cuerpo__media__txt\">La transmisi\u00f3n gener\u00f3 especulaciones en redes sociales y foros especializados. Foto:iStock<\/p>\n<p>Una emisora envuelta en misterio<\/p>\n<p>La estaci\u00f3n, identificada como <b>UVB-76 <\/b>y conocida tambi\u00e9n como <b>\u2018The Buzzer\u2019 <\/b>o <b>\u2018El Zumbador\u2019, <\/b>transmite en la frecuencia 4625 kHz desde la \u00e9poca de la Guerra Fr\u00eda.\u00a0Su se\u00f1al se mantiene activa las 24 horas del d\u00eda con un ruido repetitivo que rara vez se interrumpe.\u00a0<\/p>\n<p>Cuando lo hace, suele ser para emitir voces en ruso que leen palabras sueltas o secuencias num\u00e9ricas cuyo significado nunca ha sido explicado oficialmente. La ausencia de informaci\u00f3n clara sobre su funci\u00f3n convirti\u00f3 a UVB-76 en <b>objeto de teor\u00edas <\/b>durante m\u00e1s de 40 a\u00f1os.\u00a0<\/p>\n<p class=\"c-leatambien__titulo\"> LEA TAMBI\u00c9N <\/p>\n<p><img decoding=\"async\" alt=\"Richard Feynman nanotecnolog\u00eda.\" width=\"120\" height=\"120\" loading=\"lazy\" src=\"https:\/\/imagenes2.eltiempo.com\/files\/image_120_120\/uploads\/2025\/12\/31\/69555bd6c4ddf.png\" data-full-src=\"https:\/\/www.europesays.com\/es\/wp-content\/uploads\/2026\/01\/69555bd6c4ddf.png\"\/><\/p>\n<p>Algunas apuntan a que se trata de una estaci\u00f3n de <b>comunicaci\u00f3n militar; <\/b>otras, a un <b>sistema de respaldo estrat\u00e9gico.<\/b> Ninguna ha sido confirmada por el gobierno ruso, lo que ha reforzado su fama como una de las transmisiones m\u00e1s cr\u00edpticas del mundo.<\/p>\n<p>El peso simb\u00f3lico de una melod\u00eda<\/p>\n<p>La elecci\u00f3n de \u2018El lago de los cisnes\u2019 no pas\u00f3 desapercibida. En la memoria colectiva rusa, esta obra est\u00e1 asociada a momentos de <b>crisis pol\u00edtica y transiciones de poder.<\/b> Durante la era sovi\u00e9tica, la televisi\u00f3n estatal recurri\u00f3 a la transmisi\u00f3n de ballet cl\u00e1sico cuando ocurr\u00edan eventos extraordinarios, como la muerte de l\u00edderes o intentos de golpe de Estado.<\/p>\n<p class=\"c-cuerpo__media__txt\">Fragmentos de \u2018El lago de los cisnes\u2019 sorprendieron a oyentes en A\u00f1o Nuevo. Foto:iStock<\/p>\n<p>Por eso, el hecho de que esta m\u00fasica reemplazara, aunque fuera brevemente, el zumbido habitual de UVB-76 fue interpretado como algo m\u00e1s que una simple curiosidad t\u00e9cnica. Para muchos, evoc\u00f3 un lenguaje simb\u00f3lico que remite a <b>tiempos de incertidumbre y silencios oficiales.<\/b><\/p>\n<p>Un contexto marcado por la guerra<\/p>\n<p>La transmisi\u00f3n ocurri\u00f3 en medio de una nueva escalada del conflicto entre Rusia y Ucrania. D\u00edas antes, el Ministerio de Defensa ruso asegur\u00f3 que <b>Ucrania intent\u00f3 atacar una de las residencias del presidente Vladimir Putin<\/b> utilizando 91 drones, los cuales, seg\u00fan Mosc\u00fa, fueron derribados por sus sistemas de defensa sin dejar v\u00edctimas ni da\u00f1os materiales.<\/p>\n<p class=\"c-leatambien__titulo\"> LEA TAMBI\u00c9N <\/p>\n<p><img decoding=\"async\" alt=\"Volodimir Zelenski, presidente de Ucrania.\" width=\"120\" height=\"120\" loading=\"lazy\" src=\"https:\/\/imagenes2.eltiempo.com\/files\/image_120_120\/files\/fp\/uploads\/2025\/12\/31\/6955a896db2b7.r_d.715-217.jpeg\" data-full-src=\"https:\/\/www.europesays.com\/es\/wp-content\/uploads\/2026\/01\/6955a896db2b7.jpeg\"\/><\/p>\n<p>En paralelo, los enfrentamientos continuaron durante la Nochevieja. Autoridades prorrusas en la regi\u00f3n de Jers\u00f3n denunciaron un ataque con drones que <b>dej\u00f3 al menos 20 muertos.<\/b>\u00a0<\/p>\n<p>En Ucrania, el presidente Volod\u00edmir Zelenski conden\u00f3 los bombardeos rusos de fin de a\u00f1o y afirm\u00f3 en Telegram que <b>\u201clas muertes deben cesar\u201d,<\/b> tras reportarse m\u00e1s de 200 drones lanzados y cortes masivos de electricidad.<\/p>\n<p class=\"c-cuerpo__media__txt\">El hecho ocurri\u00f3 en medio de nuevas tensiones entre Rusia y Ucrania. Foto:iStock<\/p>\n<p>El propio Zelenski advirti\u00f3 que si los ataques contin\u00faan, <b>\u201cno se pueden retrasar las entregas de los sistemas de defensa antia\u00e9rea\u201d, <\/b>mientras agradec\u00eda el apoyo internacional recibido.<\/p>\n<p>\u00bfMensaje oculto o coincidencia?<\/p>\n<p>Hasta ahora, no existe una explicaci\u00f3n oficial sobre por qu\u00e9 \u2018El lago de los cisnes\u2019 son\u00f3 en UVB-76. Especialistas en telecomunicaciones se\u00f1alan que podr\u00eda tratarse de una <b>prueba t\u00e9cnica, mantenimiento o interferencia.<\/b> Sin embargo, cada alteraci\u00f3n en esta se\u00f1al despierta lecturas que van m\u00e1s all\u00e1 de lo t\u00e9cnico.<\/p>\n<blockquote class=\"twitter-tweet\">\n<p lang=\"es\" dir=\"ltr\">\ud83c\udfb6 | \u201cEl lago de los cisnes\u201d acaba de sonar en la radio Doomsday.<\/p>\n<p>UVB-76, conocida como el Zumbador o la estaci\u00f3n del Juicio Final, es una misteriosa transmisi\u00f3n de onda corta que ha estado al aire desde la d\u00e9cada de 1970.<\/p>\n<p>Su prop\u00f3sito nunca ha sido explicado oficialmente, y\u2026 <a href=\"https:\/\/t.co\/0s6aBwcmOi\" rel=\"nofollow\">pic.twitter.com\/0s6aBwcmOi<\/a><\/p>\n<p>\u2014 Alerta News 24 (@AlertaNews24) <a href=\"https:\/\/twitter.com\/AlertaNews24\/status\/2006045708030267621?ref_src=twsrc%5Etfw\" rel=\"nofollow noopener\" target=\"_blank\">December 30, 2025<\/a><\/p><\/blockquote>\n<p>Entre el misterio hist\u00f3rico de la emisora, el simbolismo cultural de la m\u00fasica y el contexto de un conflicto armado que sigue activo, la transmisi\u00f3n volvi\u00f3 a demostrar c\u00f3mo un sonido puede resonar mucho m\u00e1s all\u00e1 de las ondas de radio. En un mundo atento a cualquier se\u00f1al, incluso una melod\u00eda cl\u00e1sica puede convertirse en noticia.<\/p>\n<p>M\u00c1S NOTICIAS:<\/p>\n<p><b>MAR\u00cdA PAULA LOZANO<\/b><\/p>\n<p>REDACCI\u00d3N <b>ALCANCE<\/b>\u00a0DIGITAL<\/p>\n<p><script async src=\"https:\/\/platform.twitter.com\/widgets.js\" charset=\"utf-8\"><\/script><\/p>\n","protected":false},"excerpt":{"rendered":"La madrugada de A\u00f1o Nuevo transcurr\u00eda con normalidad en distintas partes del mundo hasta que un sonido inesperado&hellip;\n","protected":false},"author":2,"featured_media":319567,"comment_status":"","ping_status":"","sticky":false,"template":"","format":"standard","meta":{"footnotes":""},"categories":[170],"tags":[19912,146,147,25,24,772,1783,184,185,1448,23],"class_list":{"0":"post-319566","1":"post","2":"type-post","3":"status-publish","4":"format-standard","5":"has-post-thumbnail","7":"category-musica","8":"tag-del","9":"tag-entertainment","10":"tag-entretenimiento","11":"tag-es","12":"tag-espana","13":"tag-fin","14":"tag-la","15":"tag-music","16":"tag-musica","17":"tag-radio","18":"tag-spain"},"share_on_mastodon":{"url":"https:\/\/pubeurope.com\/@es\/115827022541408956","error":""},"_links":{"self":[{"href":"https:\/\/www.europesays.com\/es\/wp-json\/wp\/v2\/posts\/319566","targetHints":{"allow":["GET"]}}],"collection":[{"href":"https:\/\/www.europesays.com\/es\/wp-json\/wp\/v2\/posts"}],"about":[{"href":"https:\/\/www.europesays.com\/es\/wp-json\/wp\/v2\/types\/post"}],"author":[{"embeddable":true,"href":"https:\/\/www.europesays.com\/es\/wp-json\/wp\/v2\/users\/2"}],"replies":[{"embeddable":true,"href":"https:\/\/www.europesays.com\/es\/wp-json\/wp\/v2\/comments?post=319566"}],"version-history":[{"count":0,"href":"https:\/\/www.europesays.com\/es\/wp-json\/wp\/v2\/posts\/319566\/revisions"}],"wp:featuredmedia":[{"embeddable":true,"href":"https:\/\/www.europesays.com\/es\/wp-json\/wp\/v2\/media\/319567"}],"wp:attachment":[{"href":"https:\/\/www.europesays.com\/es\/wp-json\/wp\/v2\/media?parent=319566"}],"wp:term":[{"taxonomy":"category","embeddable":true,"href":"https:\/\/www.europesays.com\/es\/wp-json\/wp\/v2\/categories?post=319566"},{"taxonomy":"post_tag","embeddable":true,"href":"https:\/\/www.europesays.com\/es\/wp-json\/wp\/v2\/tags?post=319566"}],"curies":[{"name":"wp","href":"https:\/\/api.w.org\/{rel}","templated":true}]}}