{"id":319580,"date":"2026-01-02T19:00:14","date_gmt":"2026-01-02T19:00:14","guid":{"rendered":"https:\/\/www.europesays.com\/es\/319580\/"},"modified":"2026-01-02T19:00:14","modified_gmt":"2026-01-02T19:00:14","slug":"la-hija-del-lider-norcoreano-kim-jong-un-visita-un-simbolico-mausoleo-en-pyongyang","status":"publish","type":"post","link":"https:\/\/www.europesays.com\/es\/319580\/","title":{"rendered":"La hija del l\u00edder norcoreano Kim Jong Un visita un simb\u00f3lico mausoleo en Pyongyang"},"content":{"rendered":"<p>    <img src=\"https:\/\/www.europesays.com\/es\/wp-content\/uploads\/2026\/01\/2026-01-02T133A163A25Z-90717840.jpg\" width=\"1024\" height=\"682\" alt=\"\" loading=\"eager\" decoding=\"sync\" fetchpriority=\"high\"\/><\/p>\n<p>            afp_tickers        <\/p>\n<p>        Este contenido fue publicado en    <\/p>\n<p>        02 enero 2026 &#8211; 14:16\n<\/p>\n<p>La hija del l\u00edder norcoreano Kim Jong Un hizo su primera visita p\u00fablica al mausoleo donde descansan los restos de su abuelo y su bisabuelo, mostr\u00f3 el viernes la prensa estatal, lo que refuerza la posici\u00f3n de Kim Ju Ae como sucesora de su padre.<\/p>\n<p>La familia Kim ha gobernado Corea del Norte con mano de hierro durante d\u00e9cadas. El culto a la figura de los miembros de la llamada \u00abl\u00ednea de sangre Paektu\u00bb domina la vida cotidiana en ese aislado y herm\u00e9tico pa\u00eds.<\/p>\n<p>Kim Jong Un es el tercero en la cadena de sucesi\u00f3n de la que es considerada la \u00fanica monarqu\u00eda comunista del mundo, despu\u00e9s de su padre, Kim Jong Il, y su abuelo, Kim Il Sung.<\/p>\n<p>Los dos hombres, apodados \u00abl\u00edderes eternos\u00bb en la propaganda estatal, est\u00e1n enterrados en el Palacio del Sol de Kumsusan, un vasto mausoleo en el centro de Pyongyang.<\/p>\n<p>La agencia estatal de noticias coreana KCNA inform\u00f3 que Kim visit\u00f3 el palacio, escoltado por altos funcionarios.<\/p>\n<p>Las im\u00e1genes mostraban a su hija Ju Ae acompa\u00f1\u00e1ndolos.<\/p>\n<p>La agencia de espionaje de Corea del Sur afirm\u00f3 el a\u00f1o pasado que ella es la primera en la l\u00ednea de sucesi\u00f3n para gobernar Corea del Norte, despu\u00e9s de que acompa\u00f1ara a su padre en una visita de alto nivel a China.<\/p>\n<p>Ju Ae fue presentada al mundo en 2022, cuando acompa\u00f1\u00f3 a Kim al lanzamiento de un misil bal\u00edstico intercontinental.<\/p>\n<p>Desde entonces, los medios estatales norcoreanos se han referido a ella como \u00abla hija querida\u00bb y \u00abhyangdo\u00bb en coreano, un t\u00e9rmino que suele reservarse para los m\u00e1ximos dirigentes y sus sucesores.<\/p>\n<p>oho\/abs\/arm\/dga<\/p>\n","protected":false},"excerpt":{"rendered":"afp_tickers Este contenido fue publicado en 02 enero 2026 &#8211; 14:16 La hija del l\u00edder norcoreano Kim Jong&hellip;\n","protected":false},"author":2,"featured_media":319581,"comment_status":"","ping_status":"","sticky":false,"template":"","format":"standard","meta":{"footnotes":""},"categories":[42],"tags":[17,18,13,14,4437,11,61,62,63,64,19,20,9,10,15,16,88,90,12,21,22,65,66,67],"class_list":{"0":"post-319580","1":"post","2":"type-post","3":"status-publish","4":"format-standard","5":"has-post-thumbnail","7":"category-internacional","8":"tag-breaking-news","9":"tag-breakingnews","10":"tag-featured-news","11":"tag-featurednews","12":"tag-government","13":"tag-headlines","14":"tag-internacional","15":"tag-international","16":"tag-international-news","17":"tag-internationalnews","18":"tag-latest-news","19":"tag-latestnews","20":"tag-news","21":"tag-noticias","22":"tag-noticias-destacadas","23":"tag-noticiasdestacadas","24":"tag-politics","25":"tag-ticker","26":"tag-titulares","27":"tag-ultimas-noticias","28":"tag-ultimasnoticias","29":"tag-world","30":"tag-world-news","31":"tag-worldnews"},"share_on_mastodon":{"url":"https:\/\/pubeurope.com\/@es\/115827050012147361","error":""},"_links":{"self":[{"href":"https:\/\/www.europesays.com\/es\/wp-json\/wp\/v2\/posts\/319580","targetHints":{"allow":["GET"]}}],"collection":[{"href":"https:\/\/www.europesays.com\/es\/wp-json\/wp\/v2\/posts"}],"about":[{"href":"https:\/\/www.europesays.com\/es\/wp-json\/wp\/v2\/types\/post"}],"author":[{"embeddable":true,"href":"https:\/\/www.europesays.com\/es\/wp-json\/wp\/v2\/users\/2"}],"replies":[{"embeddable":true,"href":"https:\/\/www.europesays.com\/es\/wp-json\/wp\/v2\/comments?post=319580"}],"version-history":[{"count":0,"href":"https:\/\/www.europesays.com\/es\/wp-json\/wp\/v2\/posts\/319580\/revisions"}],"wp:featuredmedia":[{"embeddable":true,"href":"https:\/\/www.europesays.com\/es\/wp-json\/wp\/v2\/media\/319581"}],"wp:attachment":[{"href":"https:\/\/www.europesays.com\/es\/wp-json\/wp\/v2\/media?parent=319580"}],"wp:term":[{"taxonomy":"category","embeddable":true,"href":"https:\/\/www.europesays.com\/es\/wp-json\/wp\/v2\/categories?post=319580"},{"taxonomy":"post_tag","embeddable":true,"href":"https:\/\/www.europesays.com\/es\/wp-json\/wp\/v2\/tags?post=319580"}],"curies":[{"name":"wp","href":"https:\/\/api.w.org\/{rel}","templated":true}]}}