{"id":319582,"date":"2026-01-02T19:01:13","date_gmt":"2026-01-02T19:01:13","guid":{"rendered":"https:\/\/www.europesays.com\/es\/319582\/"},"modified":"2026-01-02T19:01:13","modified_gmt":"2026-01-02T19:01:13","slug":"informacion-y-recomendaciones-generales-a-la-poblacion-ante-inclemencias-invernales-ayuntamiento-del-real-sitio-y-villa-de-aranjuez","status":"publish","type":"post","link":"https:\/\/www.europesays.com\/es\/319582\/","title":{"rendered":"INFORMACI\u00d3N Y RECOMENDACIONES GENERALES A LA POBLACI\u00d3N ANTE INCLEMENCIAS INVERNALES \u2013 Ayuntamiento del Real Sitio y Villa de Aranjuez"},"content":{"rendered":"<p style=\"text-align: justify\"><strong>INFORMACI\u00d3N Y RECOMENDACIONES GENERALES A LA POBLACI\u00d3N ANTE INCLEMENCIAS INVERNALES<\/strong><\/p>\n<p style=\"text-align: justify\"><strong>\u00a0\u00a0\u00a0\u00a0\u00a0\u00a0\u00a0\u00a0\u00a0\u00a0\u00a0 <\/strong><\/p>\n<p style=\"text-align: justify\">Ante la llegada de la estaci\u00f3n invernal, el Ayuntamiento de Aranjuez ha activado un <strong>\u2018Dispositivo Especial de actuaci\u00f3n preventiva por riesgo de heladas y posibles nevadas\u2019<\/strong> al objeto de establecer las pautas generales de actuaci\u00f3n preventiva de la Polic\u00eda Local de Aranjuez, consistente principalmente en: garantizar la seguridad vial y peatonal; facilitar la coordinaci\u00f3n entre servicios municipales; proteger a los colectivos vulnerables, especialmente personas sin hogar, mayores o dependientes, y minimizar riesgos y afecciones a la movilidad urbana.<\/p>\n<p style=\"text-align: justify\">Con este Dispositivo Especial se reforzar\u00e1 la coordinaci\u00f3n entre Polic\u00eda Local, Protecci\u00f3n Civil, Servicios de limpieza viaria y mantenimiento urbano y Servicios Sociales.<\/p>\n<p style=\"text-align: justify\">Asimismo, y en consonancia con lo dispuesto en el Plan de Protecci\u00f3n Civil ante Inclemencias Invernales de la Comunidad de Madrid, <strong>se informa de las siguientes recomendaciones generales a la poblaci\u00f3n ante nevadas, hielos y temperaturas m\u00ednimas bajas:<\/strong><\/p>\n<p style=\"text-align: justify\">\u2013 Prepararse para una eventual situaci\u00f3n de emergencia por \u201cinclemencias invernales\u201d, provey\u00e9ndose de ropa y calzado adecuados, alimentos, medicamentos de consumo regular y combustible para una semana.<\/p>\n<p style=\"text-align: justify\">\u2013 Prestar atenci\u00f3n a las emisoras de radio -especialmente las personas que vivan en lugares apartados de las \u00e1reas pobladas- o televisi\u00f3n para obtener informaci\u00f3n sobre la situaci\u00f3n meteorol\u00f3gica.<\/p>\n<p style=\"text-align: justify\">\u2013 Revisar los tejados y bajantes de agua de la vivienda, as\u00ed como los ajustes de puertas y ventanas exteriores.<\/p>\n<p style=\"text-align: justify\">\u2013 Las calefacciones con circuito cerrado deber\u00e1n estar provistas de anticongelante. Si no se va a usar la calefacci\u00f3n, procure que el circuito de agua no tenga mucha presi\u00f3n.<\/p>\n<p style=\"text-align: justify\">\u2013 Si fuese necesario economizar la calefacci\u00f3n manteniendo la casa a menos temperatura que de costumbre, disponer de alg\u00fan equipo de emergencia (una estufa de camping) para mantener al menos una habitaci\u00f3n suficientemente caldeada.<\/p>\n<p style=\"text-align: justify\">\u2013 Tener cuidado con las estufas de carb\u00f3n, el\u00e9ctricas y de gas, procurando que no est\u00e9n cerca de visillos, cortinas, etc. Igualmente tomar precauciones para evitar el envenenamiento producido por los braseros de pic\u00f3n o estufas de carb\u00f3n, le\u00f1a o gas, en lugares cerrados sin renovaci\u00f3n de aire.<\/p>\n<p style=\"text-align: justify\">\u2013 En cada casa se debe disponer de los siguientes elementos: linternas o, en su defecto, velas, pilas, cocinas y estufas tipo camping con provisi\u00f3n de gas, reserva de comida, botiqu\u00edn.<\/p>\n<p style=\"text-align: justify\">\u2013 En caso de enfermos cr\u00f3nicos o personas de avanzada edad, contar con una provisi\u00f3n suficiente de medicinas. Adem\u00e1s, evitar que las personas de avanzada edad salgan a la calle, si no es necesario.<\/p>\n<p style=\"text-align: justify\">\u2013 Evitar que se hiele el agua en las ca\u00f1er\u00edas, para lo cual: se debe proteger la llave de paso con pl\u00e1sticos, pa\u00f1os o trapos; en las horas de fr\u00edo m\u00e1s intenso, dejar salir agua en peque\u00f1as cantidades por uno de los grifos.<\/p>\n<p style=\"text-align: justify\">\u2013 Evitar excursiones al monte y en campo abierto, as\u00ed como la pr\u00e1ctica de deportes al aire libre.<\/p>\n<p style=\"text-align: justify\">\u2013 Disponer siempre de tel\u00e9fono m\u00f3vil con suficiente carga de bater\u00eda y, en caso de emergencia, llamar al 112 o utilizar la app My112, que permitir\u00e1n localizarlos de manera inmediata.<\/p>\n<p class=\"tmnf_mod small\" itemprop=\"dateModified\">\u00daltima vez modificado: 2 enero, 2026<\/p>\n","protected":false},"excerpt":{"rendered":"INFORMACI\u00d3N Y RECOMENDACIONES GENERALES A LA POBLACI\u00d3N ANTE INCLEMENCIAS INVERNALES \u00a0\u00a0\u00a0\u00a0\u00a0\u00a0\u00a0\u00a0\u00a0\u00a0\u00a0 Ante la llegada de la estaci\u00f3n invernal,&hellip;\n","protected":false},"author":2,"featured_media":319583,"comment_status":"","ping_status":"","sticky":false,"template":"","format":"standard","meta":{"footnotes":""},"categories":[8],"tags":[17,18,25,24,13,14,11,19,20,9,10,15,16,23,12,21,22],"class_list":{"0":"post-319582","1":"post","2":"type-post","3":"status-publish","4":"format-standard","5":"has-post-thumbnail","7":"category-espana","8":"tag-breaking-news","9":"tag-breakingnews","10":"tag-es","11":"tag-espana","12":"tag-featured-news","13":"tag-featurednews","14":"tag-headlines","15":"tag-latest-news","16":"tag-latestnews","17":"tag-news","18":"tag-noticias","19":"tag-noticias-destacadas","20":"tag-noticiasdestacadas","21":"tag-spain","22":"tag-titulares","23":"tag-ultimas-noticias","24":"tag-ultimasnoticias"},"share_on_mastodon":{"url":"https:\/\/pubeurope.com\/@es\/115827054042638885","error":""},"_links":{"self":[{"href":"https:\/\/www.europesays.com\/es\/wp-json\/wp\/v2\/posts\/319582","targetHints":{"allow":["GET"]}}],"collection":[{"href":"https:\/\/www.europesays.com\/es\/wp-json\/wp\/v2\/posts"}],"about":[{"href":"https:\/\/www.europesays.com\/es\/wp-json\/wp\/v2\/types\/post"}],"author":[{"embeddable":true,"href":"https:\/\/www.europesays.com\/es\/wp-json\/wp\/v2\/users\/2"}],"replies":[{"embeddable":true,"href":"https:\/\/www.europesays.com\/es\/wp-json\/wp\/v2\/comments?post=319582"}],"version-history":[{"count":0,"href":"https:\/\/www.europesays.com\/es\/wp-json\/wp\/v2\/posts\/319582\/revisions"}],"wp:featuredmedia":[{"embeddable":true,"href":"https:\/\/www.europesays.com\/es\/wp-json\/wp\/v2\/media\/319583"}],"wp:attachment":[{"href":"https:\/\/www.europesays.com\/es\/wp-json\/wp\/v2\/media?parent=319582"}],"wp:term":[{"taxonomy":"category","embeddable":true,"href":"https:\/\/www.europesays.com\/es\/wp-json\/wp\/v2\/categories?post=319582"},{"taxonomy":"post_tag","embeddable":true,"href":"https:\/\/www.europesays.com\/es\/wp-json\/wp\/v2\/tags?post=319582"}],"curies":[{"name":"wp","href":"https:\/\/api.w.org\/{rel}","templated":true}]}}