{"id":319584,"date":"2026-01-02T19:02:26","date_gmt":"2026-01-02T19:02:26","guid":{"rendered":"https:\/\/www.europesays.com\/es\/319584\/"},"modified":"2026-01-02T19:02:26","modified_gmt":"2026-01-02T19:02:26","slug":"otras-cuatro-normas-de-trafico-que-tambien-entran-en-vigor-este-mes-de-enero","status":"publish","type":"post","link":"https:\/\/www.europesays.com\/es\/319584\/","title":{"rendered":"otras cuatro normas de tr\u00e1fico que tambi\u00e9n entran en vigor este mes de enero"},"content":{"rendered":"<p class=\"article-text\">\n        Con el inicio de 2026, los conductores en Espa\u00f1a se enfrentan a una serie de cambios normativos dise\u00f1ados para mejorar la seguridad en la v\u00eda y regular nuevas formas de movilidad urbana. Las modificaciones afectan tanto a los veh\u00edculos convencionales como a los Veh\u00edculos de Movilidad Personal (VMP), incluidos los patinetes el\u00e9ctricos, que han ganado presencia en calles y ciudades. Las medidas buscan reducir riesgos, organizar mejor el tr\u00e1nsito y proteger a todos los usuarios, desde conductores hasta peatones.\n    <\/p>\n<p>    <a href=\"https:\/\/www.eldiario.es\/motor\/no-obligatorio-si-util-aprovechar-potencial-baliza-v-16-conectarla-app_1_12813664.html\" data-mrf-recirculation=\"saber-mas\" data-dl-event=\"saber-mas\" rel=\"nofollow noopener\" target=\"_blank\"><\/p>\n<p class=\"know-more__title\">No es obligatorio, pero s\u00ed muy \u00fatil: c\u00f3mo aprovechar todo el potencial de la baliza v-16 al conectarla con esta app<\/p>\n<p>            <img decoding=\"async\" class=\"lazy\" loading=\"lazy\" data-src=\"https:\/\/static.eldiario.es\/clip\/98f18682-c653-42b0-96da-4f764f3c651e_16-9-aspect-ratio_default_0.jpg\" src=\"data:image\/svg+xml,%3Csvg xmlns=\" http:=\"\" viewbox=\"0 0 880 495\" alt=\"No es obligatorio, pero s\u00ed muy \u00fatil: c\u00f3mo aprovechar todo el potencial de la baliza v-16 al conectarla con esta app\"\/><\/p>\n<p>                        <\/a><\/p>\n<p class=\"article-text\">\n        M\u00e1s all\u00e1 de las novedades m\u00e1s visibles, los cambios incluyen requisitos de registro, seguros y procedimientos de emergencia que afectan a la rutina diaria de quienes circulan por autopistas, carreteras y zonas urbanas. Conocer estas normas permite a los conductores anticiparse a las nuevas obligaciones y adaptarse sin contratiempos a las regulaciones vigentes. Si bien algunos aspectos, como la <a href=\"https:\/\/www.eldiario.es\/motor\/baliza-v-16-obligatoria-hoy-tienes-nuevo-dispositivo-dgt_1_12876194.html\" target=\"_blank\" data-mrf-recirculation=\"links-noticia\" class=\"link\" rel=\"nofollow noopener\">baliza V\u201116<\/a>, han captado gran atenci\u00f3n medi\u00e1tica, existen otras medidas que tambi\u00e9n son relevantes y que formar\u00e1n parte del conjunto normativo de movilidad en 2026.\n    <\/p>\n<p>    Obligaci\u00f3n de usar la baliza V\u201116<\/p>\n<p class=\"article-text\">\n        A partir del 1 de enero de 2026, los conductores deber\u00e1n sustituir los tri\u00e1ngulos de emergencia por la baliza V\u201116 conectada para se\u00f1alizar cualquier veh\u00edculo detenido por aver\u00eda o accidente. Este dispositivo luminoso se coloca sobre el techo y transmite autom\u00e1ticamente su ubicaci\u00f3n a la plataforma DGT 3.0, permitiendo que otros usuarios de la v\u00eda y los servicios de emergencia conozcan el incidente en tiempo real.\n    <\/p>\n<p class=\"article-text\">\n        Solo ser\u00e1n v\u00e1lidas las<a href=\"https:\/\/www.eldiario.es\/motor\/baliza-v-16-homologada-conectada-dgt_1_12867789.html\" target=\"_blank\" data-mrf-recirculation=\"links-noticia\" class=\"link\" rel=\"nofollow noopener\"> balizas homologadas y conectadas<\/a>; su utilizaci\u00f3n ser\u00e1 exigible en todas las situaciones de inmovilizaci\u00f3n en carretera. La medida pretende eliminar los riesgos asociados al uso de se\u00f1alizaci\u00f3n manual y aumentar la seguridad de los ocupantes al evitar que tengan que abandonar el veh\u00edculo en medio del tr\u00e1fico.\n    <\/p>\n<p class=\"article-text\">\n        El incumplimiento de esta obligaci\u00f3n constituye una infracci\u00f3n grave, con sanciones econ\u00f3micas aplicables. La implementaci\u00f3n de la baliza V\u201116 tiene como objetivo garantizar visibilidad inmediata de los veh\u00edculos detenidos y reducir accidentes relacionados con la se\u00f1alizaci\u00f3n tradicional.\n    <\/p>\n<p>    Registro de los veh\u00edculos de movilidad personal<\/p>\n<p class=\"article-text\">\n        El registro oficial de los Veh\u00edculos de Movilidad Personal (VMP) ser\u00e1 obligatorio cuando se apruebe el real decreto correspondiente, un procedimiento que se espera durante 2026 y que a\u00fan se encuentra en tramitaci\u00f3n. Aunque la DGT ha desarrollado la infraestructura t\u00e9cnica para inscribir los veh\u00edculos, la norma no podr\u00e1 aplicarse hasta su aprobaci\u00f3n definitiva.\n    <\/p>\n<p class=\"article-text\">\n        Una vez operativo, todos los VMP, incluidos los patinetes el\u00e9ctricos, deber\u00e1n registrarse mediante un tr\u00e1mite telem\u00e1tico en la Sede Electr\u00f3nica de la DGT. Cada veh\u00edculo recibir\u00e1 un n\u00famero de identificaci\u00f3n \u00fanico que facilitar\u00e1 el control administrativo y la gesti\u00f3n de la circulaci\u00f3n de estos medios de transporte.\n    <\/p>\n<p class=\"article-text\">\n        Este registro funciona de manera independiente del seguro obligatorio, aunque ambos procesos est\u00e1n vinculados. Mientras que el registro permite identificar oficialmente cada unidad, el seguro asegura la cobertura frente a posibles da\u00f1os a terceros, asegurando que cada obligaci\u00f3n cumpla una funci\u00f3n concreta dentro de la normativa.\n    <\/p>\n<p>    Seguro obligatorio para patinetes<\/p>\n<p class=\"article-text\">\n        El seguro de responsabilidad civil para VMP, incluidos los patinetes el\u00e9ctricos, no se exigir\u00e1 de forma general desde el 2 de enero, ya que el registro oficial a\u00fan no est\u00e1 operativo. La entrada en vigor se pospone hasta que el sistema de inscripci\u00f3n est\u00e9 regulado y en funcionamiento, aunque existen reglas provisionales para ciertos veh\u00edculos.\n    <\/p>\n<p class=\"article-text\">\n        Mientras tanto, solo los VMP que pesen m\u00e1s de 25 kilos y superen los 14 km\/h deber\u00e1n contar con seguro, incluso sin estar inscritos. Una vez que la obligaci\u00f3n general sea aplicable, circular sin cobertura podr\u00e1 generar sanciones de entre 200 y 1.000 euros, con p\u00f3liza que cubra da\u00f1os materiales y personales ocasionados a terceros.\n    <\/p>\n<p class=\"article-text\">\n        La finalidad de esta medida es equiparar la protecci\u00f3n de los usuarios de VMP con la que ofrecen los seguros de veh\u00edculos convencionales, garantizando responsabilidad legal y asegurando que cualquier da\u00f1o causado a terceros est\u00e9 debidamente cubierto.\n    <\/p>\n<p>    Uso del carril central para veh\u00edculos de emergencia<\/p>\n<p class=\"article-text\">\n        La reforma normativa prevista para 2026 establecer\u00e1 que los conductores atrapados en retenciones o que avancen lentamente en autopistas y autov\u00edas deber\u00e1n desplazarse hacia los laterales de la v\u00eda para liberar un carril central destinado al paso de veh\u00edculos de emergencia. Esta medida permitir\u00e1 que ambulancias, bomberos y polic\u00eda lleguen de manera m\u00e1s r\u00e1pida a los lugares donde se necesite asistencia.\n    <\/p>\n<p class=\"article-text\">\n        El sistema incorporar\u00e1 tecnolog\u00eda capaz de enviar avisos en tiempo real a los conductores cuando un veh\u00edculo prioritario se aproxime a un \u00e1rea afectada. La geolocalizaci\u00f3n de los servicios de emergencia permitir\u00e1 que los conductores se anticipen a la llegada y organicen la apertura del pasillo antes de escuchar las sirenas, aumentando la seguridad y la coordinaci\u00f3n.\n    <\/p>\n<p>    <a href=\"https:\/\/www.eldiario.es\/motor\/baliza-v-16-obligatoria-hoy-tienes-nuevo-dispositivo-dgt_1_12876194.html\" data-mrf-recirculation=\"saber-mas-abajo\" data-dl-event=\"saber-mas-abajo\" rel=\"nofollow noopener\" target=\"_blank\"><\/p>\n<p class=\"know-more__title\">La baliza V-16 es obligatoria desde hoy: todo lo que tienes que saber sobre el nuevo dispositivo de la DGT<\/p>\n<p>            <img decoding=\"async\" class=\"lazy\" loading=\"lazy\" data-src=\"https:\/\/static.eldiario.es\/clip\/4b31d197-8b74-4b89-a784-2e97ca295b90_16-9-aspect-ratio_default_0.jpg\" src=\"data:image\/svg+xml,%3Csvg xmlns=\" http:=\"\" viewbox=\"0 0 880 495\" alt=\"La baliza V-16 es obligatoria desde hoy: todo lo que tienes que saber sobre el nuevo dispositivo de la DGT\"\/><\/p>\n<p>                        <\/a><\/p>\n<p class=\"article-text\">\n        Aunque la tecnolog\u00eda estar\u00e1 disponible en 2026, la entrada en vigor depender\u00e1 de la coordinaci\u00f3n con todas las administraciones implicadas. La normativa convierte en obligatorio un procedimiento que ya se utiliza voluntariamente en varios pa\u00edses europeos, buscando reforzar la eficiencia y seguridad en situaciones de emergencia en v\u00edas r\u00e1pidas.\n    <\/p>\n","protected":false},"excerpt":{"rendered":"Con el inicio de 2026, los conductores en Espa\u00f1a se enfrentan a una serie de cambios normativos dise\u00f1ados&hellip;\n","protected":false},"author":2,"featured_media":319585,"comment_status":"","ping_status":"","sticky":false,"template":"","format":"standard","meta":{"footnotes":""},"categories":[5],"tags":[39761,63581,17,18,954,17936,17574,25,24,13,14,11,19,20,1970,9,17437,10,15,16,23,12,589,21,22,21566,32250],"class_list":{"0":"post-319584","1":"post","2":"type-post","3":"status-publish","4":"format-standard","5":"has-post-thumbnail","7":"category-titulares","8":"tag-39761","9":"tag-baliza","10":"tag-breaking-news","11":"tag-breakingnews","12":"tag-cuatro","13":"tag-enero","14":"tag-entran","15":"tag-es","16":"tag-espana","17":"tag-featured-news","18":"tag-featurednews","19":"tag-headlines","20":"tag-latest-news","21":"tag-latestnews","22":"tag-mes","23":"tag-news","24":"tag-normas","25":"tag-noticias","26":"tag-noticias-destacadas","27":"tag-noticiasdestacadas","28":"tag-spain","29":"tag-titulares","30":"tag-trafico","31":"tag-ultimas-noticias","32":"tag-ultimasnoticias","33":"tag-v","34":"tag-vigor"},"share_on_mastodon":{"url":"https:\/\/pubeurope.com\/@es\/115827057765662489","error":""},"_links":{"self":[{"href":"https:\/\/www.europesays.com\/es\/wp-json\/wp\/v2\/posts\/319584","targetHints":{"allow":["GET"]}}],"collection":[{"href":"https:\/\/www.europesays.com\/es\/wp-json\/wp\/v2\/posts"}],"about":[{"href":"https:\/\/www.europesays.com\/es\/wp-json\/wp\/v2\/types\/post"}],"author":[{"embeddable":true,"href":"https:\/\/www.europesays.com\/es\/wp-json\/wp\/v2\/users\/2"}],"replies":[{"embeddable":true,"href":"https:\/\/www.europesays.com\/es\/wp-json\/wp\/v2\/comments?post=319584"}],"version-history":[{"count":0,"href":"https:\/\/www.europesays.com\/es\/wp-json\/wp\/v2\/posts\/319584\/revisions"}],"wp:featuredmedia":[{"embeddable":true,"href":"https:\/\/www.europesays.com\/es\/wp-json\/wp\/v2\/media\/319585"}],"wp:attachment":[{"href":"https:\/\/www.europesays.com\/es\/wp-json\/wp\/v2\/media?parent=319584"}],"wp:term":[{"taxonomy":"category","embeddable":true,"href":"https:\/\/www.europesays.com\/es\/wp-json\/wp\/v2\/categories?post=319584"},{"taxonomy":"post_tag","embeddable":true,"href":"https:\/\/www.europesays.com\/es\/wp-json\/wp\/v2\/tags?post=319584"}],"curies":[{"name":"wp","href":"https:\/\/api.w.org\/{rel}","templated":true}]}}