{"id":319594,"date":"2026-01-02T19:11:10","date_gmt":"2026-01-02T19:11:10","guid":{"rendered":"https:\/\/www.europesays.com\/es\/319594\/"},"modified":"2026-01-02T19:11:10","modified_gmt":"2026-01-02T19:11:10","slug":"valverde-va-con-todo-a-el-sadar-inaki-williams-berenguer-y-lekue-viajan-a-pamplona","status":"publish","type":"post","link":"https:\/\/www.europesays.com\/es\/319594\/","title":{"rendered":"Valverde va con todo a El Sadar: I\u00f1aki Williams, Berenguer y Lekue viajan a Pamplona"},"content":{"rendered":"<p><img fetchpriority=\"high\" class=\"v-a-img\" src=\"https:\/\/www.europesays.com\/es\/wp-content\/uploads\/2026\/01\/entrenamiento-1-kcZC-U240725479534oHG-1200x840@El Correo.jpg\" loading=\"eager\" decoding=\"async\" alt=\"El Athletic entrena en Lezama este viernes.\"  width=\"1200\" height=\"840\"\/><\/p>\n<p>El Athletic entrena en Lezama este viernes.          Luis \u00c1ngel G\u00f3mez        <\/p>\n<p>El capit\u00e1n rojiblanco se medir\u00e1 ma\u00f1ana frente al Osasuna tras su reci\u00e9n estrenada paternidad junto a Patricia Morales<\/p>\n<p><a class=\"v-mdl-ath__fig-a\" href=\"https:\/\/www.elcorreo.com\/autor\/marina-leon-6788.html\" title=\"Marina Le\u00f3n\" rel=\"nofollow noopener\" target=\"_blank\"><br \/>\n<img decoding=\"async\" class=\"v-mdl-ath__img\" src=\"https:\/\/www.europesays.com\/es\/wp-content\/uploads\/2025\/12\/autor-6788-foto-1.jpeg\" alt=\"Marina Le\u00f3n\"\/><br \/>\n<\/a><\/p>\n<p class=\"v-mdl-ath__p v-mdl-ath__p--6\">\nViernes, 2 de enero 2026, 15:05<\/p>\n<p class=\"v-p\">I\u00f1aki Williams entra en la convocatoria del primer partido del a\u00f1o del Athletic en El Sadar, ma\u00f1ana s\u00e1bado (16.15 horas) ante Osasuna. El delantero del Atletic y Patricia Morales acaban de ser padres, seg\u00fan ha confirmado Ernesto Valverde este viernes en la rueda de prensa con motivo de la previa del primer encuentro liguero.<\/p>\n<p class=\"v-p\">La expedici\u00f3n rojiblanca viajar\u00e1 a Pamplona esta tarde a las 18:30 horas en autob\u00fas y llegar\u00e1, aproximadamente, a las 20:45 horas, al Hotel Castillo De Gorraiz. \u00c1lex Berenguer e I\u00f1igo Lekue tambi\u00e9n est\u00e1n convocados. El t\u00e9cnico rojiblanco ha asegurado que ambos \u00abtienen peque\u00f1as molestias\u00bb, pero no faltar\u00e1n a la cita. El Athletic llega tras encadenar dos derrotas ante el Celta en Bala\u00eddos y Espanyol en San Mam\u00e9s que complican bastante las plazas europeas y toca reaccionar cuanto antes. <\/p>\n<p class=\"v-p\">Por \u00faltimo, Valverde lamenta que ser\u00e1 una tarea complicada recuperar a Yuri Berchiche y Laporte para la Supercopa: \u00abNo s\u00e9, yo creo que para la Supercopa van a estar un poco justos. Posiblemente, para despu\u00e9s. Imagino, \u00bfeh? Ojal\u00e1 podamos recuperar a alguno de ellos\u00bb, indica.<\/p>\n<p class=\"v-p\">Por otro lado, el mayor de los Williams no se ha pronunciado todavia sobre su reci\u00e9n estrenada paternidad. El pasado martes, la mujer del capit\u00e1n rojiblanco, publicaba en Instagram fotograf\u00edas en las que se apreciaba su avanzado estado de gestaci\u00f3n. \u00ab38 semanas\u00bb, escrib\u00eda la joven en una im\u00e1gen de su tripa con las manos entrelazadas de ambos. Asimismo, hab\u00eda fotos con ropita de beb\u00e9, como clara muestra de que el matrimonio ten\u00eda todo preparado para la llegada de su primer hijo.<\/p>\n<p>Reporta un error<\/p>\n","protected":false},"excerpt":{"rendered":"El Athletic entrena en Lezama este viernes. Luis \u00c1ngel G\u00f3mez El capit\u00e1n rojiblanco se medir\u00e1 ma\u00f1ana frente al&hellip;\n","protected":false},"author":2,"featured_media":319595,"comment_status":"","ping_status":"","sticky":false,"template":"","format":"standard","meta":{"footnotes":""},"categories":[268],"tags":[52570,168,25,24,280,282,6616,55422,1358,55222,281,23,167,1933,15754,308],"class_list":{"0":"post-319594","1":"post","2":"type-post","3":"status-publish","4":"format-standard","5":"has-post-thumbnail","7":"category-futbol","8":"tag-berenguer","9":"tag-deportes","10":"tag-es","11":"tag-espana","12":"tag-football","13":"tag-futbol","14":"tag-inaki","15":"tag-lekue","16":"tag-pamplona","17":"tag-sadar","18":"tag-soccer","19":"tag-spain","20":"tag-sports","21":"tag-valverde","22":"tag-viajan","23":"tag-williams"},"share_on_mastodon":{"url":"https:\/\/pubeurope.com\/@es\/115827093360771103","error":""},"_links":{"self":[{"href":"https:\/\/www.europesays.com\/es\/wp-json\/wp\/v2\/posts\/319594","targetHints":{"allow":["GET"]}}],"collection":[{"href":"https:\/\/www.europesays.com\/es\/wp-json\/wp\/v2\/posts"}],"about":[{"href":"https:\/\/www.europesays.com\/es\/wp-json\/wp\/v2\/types\/post"}],"author":[{"embeddable":true,"href":"https:\/\/www.europesays.com\/es\/wp-json\/wp\/v2\/users\/2"}],"replies":[{"embeddable":true,"href":"https:\/\/www.europesays.com\/es\/wp-json\/wp\/v2\/comments?post=319594"}],"version-history":[{"count":0,"href":"https:\/\/www.europesays.com\/es\/wp-json\/wp\/v2\/posts\/319594\/revisions"}],"wp:featuredmedia":[{"embeddable":true,"href":"https:\/\/www.europesays.com\/es\/wp-json\/wp\/v2\/media\/319595"}],"wp:attachment":[{"href":"https:\/\/www.europesays.com\/es\/wp-json\/wp\/v2\/media?parent=319594"}],"wp:term":[{"taxonomy":"category","embeddable":true,"href":"https:\/\/www.europesays.com\/es\/wp-json\/wp\/v2\/categories?post=319594"},{"taxonomy":"post_tag","embeddable":true,"href":"https:\/\/www.europesays.com\/es\/wp-json\/wp\/v2\/tags?post=319594"}],"curies":[{"name":"wp","href":"https:\/\/api.w.org\/{rel}","templated":true}]}}