{"id":31961,"date":"2025-08-07T16:33:03","date_gmt":"2025-08-07T16:33:03","guid":{"rendered":"https:\/\/www.europesays.com\/es\/31961\/"},"modified":"2025-08-07T16:33:03","modified_gmt":"2025-08-07T16:33:03","slug":"warner-confirma-la-pelicula-mas-esperada-de-batman-y-ya-esta-en-camino-tres-anos-despues-la-espera-merecera-la-pena-vandal","status":"publish","type":"post","link":"https:\/\/www.europesays.com\/es\/31961\/","title":{"rendered":"Warner confirma la pel\u00edcula m\u00e1s esperada de Batman y ya est\u00e1 en camino tres a\u00f1os despu\u00e9s : &#039;La espera merecer\u00e1 la pena&#039; &#8211; Vandal"},"content":{"rendered":"<ol>\n<li><a href=\"https:\/\/news.google.com\/rss\/articles\/CBMi9AFBVV95cUxOLWp2TndTc2Z5T2RKQ3IzcnZGR3ZSYzl4MXloQVV3UDgyUzhGZWVfUVZJNDd0YTBMaTJSMzFIb25ja1NWcHJTbXVvb1JQVGVsdl9XRTdFN0NYTjV0bFZfanlmWWRvUXBUN0phbWlPZFQ3VUtHWkZzNy10SGZJeEk2WTVGNG5pbDd6bVFOMC1iOWRSVWdXYnVxMHNwS1Q4NnM3ZGZiTjdUSmFCMzRZWUhPUHJ4T3ZYa1lwOHJIVkdEbUZUTFVvQmxCZlByektLMDNxS3ZCS3JwMTVnVU0yWHlNTGpuYWZEc0JCYTNBM2gtRWlwMmRX0gH6AUFVX3lxTE9SMUZJU2xWMWtYVkpmX1MtcXZERXpUWU5SM09nR3Z3d2tmMWxOUGxoRFF6bGJlYkpRbVh3UkVkQ1ptblJxMmdYODFXT1Fac1BDNTJUSnRVcFlYZ0ROMnRPTkw2Ul9SVnkyRXhDem15bW9mNlA3WjFCZTdNdWM1cFNxaUVPU0ktdDJTdjdoajJ5UkFKTFpHUGZZa0ItUGVDdGtJNHBSQmx0X3UydUxBczVHUGlnMUVsSTY0SlBmeGxINkVuTDBFREZtUFFpVDBuUFhtRlVJQ1pCUGFBb29lWDVTY0JWenpieUtlM3ltQzdFSC13djllN0pIbEE?oc=5\" target=\"_blank\" rel=\"nofollow noopener\">Warner confirma la pel\u00edcula m\u00e1s esperada de Batman y ya est\u00e1 en camino tres a\u00f1os despu\u00e9s : &#8216;La espera merecer\u00e1 la pena&#8217;<\/a>&nbsp;&nbsp;Vandal<\/li>\n<li><a href=\"https:\/\/news.google.com\/rss\/articles\/CBMikgFBVV95cUxNYXh1ODhGQjh0T0ZEQ3liY1I1QWFXdVZ2T05YcWN6M1JCdTBrRGtMd1RJZWJ2cU5SaWpVTnVsRjZ4TGkyenNyZjBMb0ZPWE1lZ2ZObWNEbGdoSjNobmdxQUxCTzM1ekRDTl9IUE1SSllhWVphNzZkdU1VVW1DRnVZMkpoejdGVTNhamwzZmJsTWswdw?oc=5\" target=\"_blank\" rel=\"nofollow noopener\">James Gunn, el director de &#8216;The Batman 2&#8217;, alimenta el rumor sobre su pr\u00f3ximo villano: \u00abOtra vez todo lo que has o\u00eddo&#8230;\u00bb<\/a>&nbsp;&nbsp;Men&#8217;s Health<\/li>\n<li><a href=\"https:\/\/news.google.com\/rss\/articles\/CBMiyAFBVV95cUxQMTNveU5KY2JSc1dVSTlERVQ4WE9TYmZWWWo0UWd3M2FRVnBBNjJJNTZzTFRSN2ZHTmlNNnBHekJscHFvbENrMl9UX2JzSkZpZUh5UGhiMzRvc1hwaTdka3FhSlM0NEFNOWZBZF9URjlCRTcwMWFDaE4tbE5waVNUQlExanVCblBrOFVOVjNaUHRQbjdqcVRRWnQxejhZY0xLeVhvc1VBNWhWSXJZQlZHWGcxQ3dYcmZrOGdYRVA2a2ZoSElSYTB2cg?oc=5\" target=\"_blank\" rel=\"nofollow noopener\">The Batman Parte II anuncia cu\u00e1ndo arrancar\u00e1 el rodaje de la esperada pel\u00edcula con Robert Pattinson<\/a>&nbsp;&nbsp;Hobby Consolas<\/li>\n<li><a href=\"https:\/\/news.google.com\/rss\/articles\/CBMigAFBVV95cUxOVnc0T05ObllPMkJURmlNV0VYbnpiLWJqeWx1Q1g0Q2FQMmlJZzdUMlRicGYzMW5qdmlyVXE1WThTWkhHRGxxaGR3Qm44cFBtUUFGNy1JOURGMENBdkFkRkRYTEhjSERLZUh5Yjd0dS04NElrT1BGMEVjaDdEVS1HaA?oc=5\" target=\"_blank\" rel=\"nofollow noopener\">El esperado rodaje de The Batman 2 ya tiene fecha<\/a>&nbsp;&nbsp;AccionCine<\/li>\n<li><a href=\"https:\/\/news.google.com\/rss\/articles\/CBMiwwFBVV95cUxQVTVya3B5cVpya2NqZkN0eFJyM3FlejZnbHJfYWtWZW03TXcwaHFQMWxzbjNlSlZNZU9NeWxtSGtTRnM3NVZNbGl4Wl8yLUJnVDVJR245bnhHLWR3aGdUWW1uMGtiR2d1WmZDd2tmOW9LYVNvY3hCV1V1Y2pMWGd6a1Rpb2ZHbTV6YTVHNXRPVk55enIzbEgwU2JRU3IxQkNCOUpfQmttVnEwSjhqejNFYlNmeVVWWVpPRTh2Y3pDR2VnUTg?oc=5\" target=\"_blank\" rel=\"nofollow noopener\">The Batman 2 da su primer gran paso: por fin hay ventana para el inicio del rodaje<\/a>&nbsp;&nbsp;IGN Espa\u00f1a<\/li>\n<\/ol>\n","protected":false},"excerpt":{"rendered":"Warner confirma la pel\u00edcula m\u00e1s esperada de Batman y ya est\u00e1 en camino tres a\u00f1os despu\u00e9s : &#8216;La&hellip;\n","protected":false},"author":2,"featured_media":31962,"comment_status":"","ping_status":"","sticky":false,"template":"","format":"standard","meta":{"footnotes":""},"categories":[169],"tags":[177,146,147,25,24,2065,176,175,23],"class_list":{"0":"post-31961","1":"post","2":"type-post","3":"status-publish","4":"format-standard","5":"has-post-thumbnail","7":"category-cine","8":"tag-cine","9":"tag-entertainment","10":"tag-entretenimiento","11":"tag-es","12":"tag-espana","13":"tag-faltan-tags","14":"tag-film","15":"tag-movies","16":"tag-spain"},"share_on_mastodon":{"url":"","error":""},"_links":{"self":[{"href":"https:\/\/www.europesays.com\/es\/wp-json\/wp\/v2\/posts\/31961","targetHints":{"allow":["GET"]}}],"collection":[{"href":"https:\/\/www.europesays.com\/es\/wp-json\/wp\/v2\/posts"}],"about":[{"href":"https:\/\/www.europesays.com\/es\/wp-json\/wp\/v2\/types\/post"}],"author":[{"embeddable":true,"href":"https:\/\/www.europesays.com\/es\/wp-json\/wp\/v2\/users\/2"}],"replies":[{"embeddable":true,"href":"https:\/\/www.europesays.com\/es\/wp-json\/wp\/v2\/comments?post=31961"}],"version-history":[{"count":0,"href":"https:\/\/www.europesays.com\/es\/wp-json\/wp\/v2\/posts\/31961\/revisions"}],"wp:featuredmedia":[{"embeddable":true,"href":"https:\/\/www.europesays.com\/es\/wp-json\/wp\/v2\/media\/31962"}],"wp:attachment":[{"href":"https:\/\/www.europesays.com\/es\/wp-json\/wp\/v2\/media?parent=31961"}],"wp:term":[{"taxonomy":"category","embeddable":true,"href":"https:\/\/www.europesays.com\/es\/wp-json\/wp\/v2\/categories?post=31961"},{"taxonomy":"post_tag","embeddable":true,"href":"https:\/\/www.europesays.com\/es\/wp-json\/wp\/v2\/tags?post=31961"}],"curies":[{"name":"wp","href":"https:\/\/api.w.org\/{rel}","templated":true}]}}