{"id":319649,"date":"2026-01-02T19:48:17","date_gmt":"2026-01-02T19:48:17","guid":{"rendered":"https:\/\/www.europesays.com\/es\/319649\/"},"modified":"2026-01-02T19:48:17","modified_gmt":"2026-01-02T19:48:17","slug":"tras-19-anos-entre-rios-reanudo-la-exportacion-de-carne-ovina-hacia-medio-oriente","status":"publish","type":"post","link":"https:\/\/www.europesays.com\/es\/319649\/","title":{"rendered":"Tras 19 a\u00f1os, Entre R\u00edos reanud\u00f3 la exportaci\u00f3n de carne ovina hacia Medio Oriente"},"content":{"rendered":"<p>Luego de 19 a\u00f1os, la <strong>Argentina reanud\u00f3 sus exportaciones de carne ovina<\/strong> desde la <a href=\"https:\/\/www.argentina.gob.ar\/entre-rios\" rel=\"nofollow noopener\" target=\"_blank\"><strong>provincia de Entre R\u00edos<\/strong><\/a> <strong>hacia el Medio Oriente<\/strong>. El <strong>Servicio Nacional de Sanidad y Calidad Agroalimentaria (SENASA)<\/strong>, certific\u00f3 el env\u00edo de <strong>17 mil toneladas<\/strong> de ese producto al <strong>Sultanato de Om\u00e1n<\/strong>.<\/p>\n<p>La \u00faltima exportaci\u00f3n ovina desde esta Provincia se hab\u00eda realizado en <strong>2006<\/strong>, desde la <a href=\"https:\/\/www.argentina.gob.ar\/entre-rios\/concordia\" rel=\"nofollow noopener\" target=\"_blank\"><strong>ciudad de Concordia<\/strong><\/a> por lo que <strong>esta reapertura de mercados internacionales, marca un hito para este tipo de producci\u00f3n entrerriana<\/strong>.<\/p>\n<p>La operaci\u00f3n incluy\u00f3 la <strong>faena de 1.180 ovinos<\/strong> provenientes de productores entrerrianos de Concordia, <a href=\"https:\/\/www.federacion.tur.ar\/\" rel=\"nofollow noopener\" target=\"_blank\"><strong>Federaci\u00f3n (Lazo)<\/strong><\/a> y <strong>San Lorenzo<\/strong>, en el establecimiento oficial N\u00b0 5610 de la <a href=\"https:\/\/municipalidad.gualeguay.gob.ar\/\" rel=\"nofollow noopener\" target=\"_blank\"><strong>ciudad de Gualeguay<\/strong><\/a>.<\/p>\n<p><img decoding=\"async\" src=\"https:\/\/www.europesays.com\/es\/wp-content\/uploads\/2026\/01\/25-12-29_exportacion_ovinos_de_e._rios_2_web.jpg\" alt=\"\"\/><\/p>\n<p>La operatoria se enmarca en una iniciativa que busca <strong>ampliar las oportunidades de comercializaci\u00f3n para la producci\u00f3n ovina entrerriana<\/strong>, a partir del trabajo articulado entre productores, industria frigor\u00edfica y operadores comerciales, con el apoyo del Estado. El proceso se desarroll\u00f3 bajo la supervisi\u00f3n del <strong>Centro Regional Entre R\u00edos del SENASA<\/strong>, que verific\u00f3 el <strong>cumplimiento de los requisitos sanitarios, de bienestar animal y de calidad exigidos por el pa\u00eds de destino<\/strong>.<\/p>\n<p>Actualmente, Entre R\u00edos cuenta con <strong>m\u00e1s de 650.000 ovinos<\/strong>, y su industria frigor\u00edfica est\u00e1 preparada para acompa\u00f1ar el crecimiento del sector y atender la demanda de los mercados internacionales. En este marco, <strong>se encuentra programada una nueva exportaci\u00f3n con destino a Kuwait<\/strong>, cuya carga est\u00e1 prevista para el 12 de enero, lo que reafirma la reapertura y consolidaci\u00f3n de mercados internacionales para la carne ovina argentina.<\/p>\n<p>Estas acciones reflejan el trabajo articulado entre productores, la industria frigor\u00edfica y los organismos sanitarios, fortaleciendo el posicionamiento del pa\u00eds como proveedor confiable de alimentos de origen animal y promoviendo el desarrollo de las econom\u00edas regionales.<\/p>\n","protected":false},"excerpt":{"rendered":"Luego de 19 a\u00f1os, la Argentina reanud\u00f3 sus exportaciones de carne ovina desde la provincia de Entre R\u00edos&hellip;\n","protected":false},"author":2,"featured_media":319650,"comment_status":"","ping_status":"","sticky":false,"template":"","format":"standard","meta":{"footnotes":""},"categories":[5],"tags":[5063,5065,5059,5078,17,18,594,1639,25,24,693,13,14,5064,5066,582,5060,5069,5061,11,19,20,5073,813,9,10,15,16,5074,5075,5077,5076,4500,5062,4113,5071,5070,23,12,5067,5068,5072,21,22],"class_list":{"0":"post-319649","1":"post","2":"type-post","3":"status-publish","4":"format-standard","5":"has-post-thumbnail","7":"category-titulares","8":"tag-administracion","9":"tag-administracion-publica","10":"tag-argentino","11":"tag-beneficios","12":"tag-breaking-news","13":"tag-breakingnews","14":"tag-ciudadanos","15":"tag-digital","16":"tag-es","17":"tag-espana","18":"tag-estado","19":"tag-featured-news","20":"tag-featurednews","21":"tag-gestion","22":"tag-gestion-publica","23":"tag-gobierno","24":"tag-gobierno-argentino","25":"tag-gobierno-digital","26":"tag-gobierno-nacional","27":"tag-headlines","28":"tag-latest-news","29":"tag-latestnews","30":"tag-modernizacion","31":"tag-nacional","32":"tag-news","33":"tag-noticias","34":"tag-noticias-destacadas","35":"tag-noticiasdestacadas","36":"tag-organismo","37":"tag-organismo-publico","38":"tag-organismos","39":"tag-organismos-publicos","40":"tag-publica","41":"tag-republica-argentina","42":"tag-servicios","43":"tag-servicios-digitales","44":"tag-servicios-en-linea","45":"tag-spain","46":"tag-titulares","47":"tag-tramites","48":"tag-tramites-en-linea","49":"tag-transparencia","50":"tag-ultimas-noticias","51":"tag-ultimasnoticias"},"share_on_mastodon":{"url":"","error":"Validation failed: Text character limit of 500 exceeded"},"_links":{"self":[{"href":"https:\/\/www.europesays.com\/es\/wp-json\/wp\/v2\/posts\/319649","targetHints":{"allow":["GET"]}}],"collection":[{"href":"https:\/\/www.europesays.com\/es\/wp-json\/wp\/v2\/posts"}],"about":[{"href":"https:\/\/www.europesays.com\/es\/wp-json\/wp\/v2\/types\/post"}],"author":[{"embeddable":true,"href":"https:\/\/www.europesays.com\/es\/wp-json\/wp\/v2\/users\/2"}],"replies":[{"embeddable":true,"href":"https:\/\/www.europesays.com\/es\/wp-json\/wp\/v2\/comments?post=319649"}],"version-history":[{"count":0,"href":"https:\/\/www.europesays.com\/es\/wp-json\/wp\/v2\/posts\/319649\/revisions"}],"wp:featuredmedia":[{"embeddable":true,"href":"https:\/\/www.europesays.com\/es\/wp-json\/wp\/v2\/media\/319650"}],"wp:attachment":[{"href":"https:\/\/www.europesays.com\/es\/wp-json\/wp\/v2\/media?parent=319649"}],"wp:term":[{"taxonomy":"category","embeddable":true,"href":"https:\/\/www.europesays.com\/es\/wp-json\/wp\/v2\/categories?post=319649"},{"taxonomy":"post_tag","embeddable":true,"href":"https:\/\/www.europesays.com\/es\/wp-json\/wp\/v2\/tags?post=319649"}],"curies":[{"name":"wp","href":"https:\/\/api.w.org\/{rel}","templated":true}]}}