{"id":319653,"date":"2026-01-02T19:54:07","date_gmt":"2026-01-02T19:54:07","guid":{"rendered":"https:\/\/www.europesays.com\/es\/319653\/"},"modified":"2026-01-02T19:54:07","modified_gmt":"2026-01-02T19:54:07","slug":"dolor-en-el-ciclismo-mallorquin-por-la-muerte-de-fernando-benejam","status":"publish","type":"post","link":"https:\/\/www.europesays.com\/es\/319653\/","title":{"rendered":"Dolor en el ciclismo mallorqu\u00edn por la muerte de Fernando Benejam"},"content":{"rendered":"<p>El inicio de 2026 ha dejado una triste noticia para el mundo del <strong><a href=\"https:\/\/www.ultimahora.es\/etiqueta\/ciclismo.html?utm_source=Inline-tag&amp;utm_medium=internal\" rel=\"nofollow noopener\" target=\"_blank\">ciclismo<\/a> en Mallorca<\/strong>, que ha recibido con enorme dolor y tristeza la informaci\u00f3n sobre la p\u00e9rdida de una persona muy apreciada por diferentes generaciones de corredores y aficionados. Este viernes se ha conocido la muerte, a los 71 a\u00f1os de edad, de <strong>Fernando Benejam Barcel\u00f3<\/strong> (Andratx, 1954-Vilafranca, 2026), cuyo fallecimiento ha supuesto un duro golpe para quienes le conocieron y compartieron pelot\u00f3n y carreras con \u00e9l.<\/p>\n<p>Destac\u00f3 en el campo amateur en carretera y pista, adem\u00e1s de ser campe\u00f3n de Baleares de ciclocross (1974-76). Dio el salto a profesional en 1978 de la mano del Trans Mallorca Flavia, repitiendo al a\u00f1o siguiente. Destac\u00f3 su participaci\u00f3n en <a href=\"https:\/\/www.ultimahora.es\/etiqueta\/La+Vuelta.html?utm_source=Inline-tag&amp;utm_medium=internal\" rel=\"nofollow noopener\" target=\"_blank\">la Vuelta<\/a> a Espa\u00f1a de 1978, en la que abandon\u00f3 en la etapa 14.<\/p>\n<p>Tambi\u00e9n particip\u00f3 en el <a href=\"https:\/\/www.ultimahora.es\/etiqueta\/Cintur%C3%B3n+Ciclista+Internacional+a+Mallorca.html?utm_source=Inline-tag&amp;utm_medium=internal\" rel=\"nofollow noopener\" target=\"_blank\">Cintur\u00f3n Ciclista Internacional a Mallorca<\/a>, adem\u00e1s de lograr resultados destacados como la segunda plaza en la Subida a Montjuic (1973) o la Vuelta a Girona, adem\u00e1s de ser tercero en el Gran Premio de Llodio de 1978, a\u00f1o en el que particip\u00f3 en la Vuelta al Pa\u00eds Vasco.<\/p>\n<p>Su car\u00e1cter afable le hizo ganarse el cari\u00f1o de quienes le conocieron durante o despu\u00e9s de su etapa como ciclista, en la que dej\u00f3 huella en el calendario balear para vivir la experiencia de ser profesional. Fue homenajeado por la Asociaci\u00f3n de Exciclistas por su recorrido en este deporte.<\/p>\n<p>El velatorio de Fernando Benejam tendr\u00e1 lugar este s\u00e1bado 3 de enero, de 16 a 18 horas, en el tanatorio municipal de Vilafranca de Bonany. La Federaci\u00f3 de Ciclisme de les Illes Balears lament\u00f3 la p\u00e9rdida del carism\u00e1tico exciclista y traslad\u00f3 su p\u00e9same a familiares y compa\u00f1eros.<\/p>\n","protected":false},"excerpt":{"rendered":"El inicio de 2026 ha dejado una triste noticia para el mundo del ciclismo en Mallorca, que ha&hellip;\n","protected":false},"author":2,"featured_media":319654,"comment_status":"","ping_status":"","sticky":false,"template":"","format":"standard","meta":{"footnotes":""},"categories":[273],"tags":[313,74517,312,1916,168,25,24,329,7789,4009,1915,23,167,327,1794,1917],"class_list":{"0":"post-319653","1":"post","2":"type-post","3":"status-publish","4":"format-standard","5":"has-post-thumbnail","7":"category-ciclismo","8":"tag-ciclismo","9":"tag-cinturon-ciclista-internacional-a-mallorca","10":"tag-cycling","11":"tag-deporte-balear","12":"tag-deportes","13":"tag-es","14":"tag-espana","15":"tag-golf","16":"tag-la-vuelta","17":"tag-obituario","18":"tag-otros-deportes","19":"tag-spain","20":"tag-sports","21":"tag-tenis","22":"tag-vela","23":"tag-voleibol"},"share_on_mastodon":{"url":"https:\/\/pubeurope.com\/@es\/115827262279784462","error":""},"_links":{"self":[{"href":"https:\/\/www.europesays.com\/es\/wp-json\/wp\/v2\/posts\/319653","targetHints":{"allow":["GET"]}}],"collection":[{"href":"https:\/\/www.europesays.com\/es\/wp-json\/wp\/v2\/posts"}],"about":[{"href":"https:\/\/www.europesays.com\/es\/wp-json\/wp\/v2\/types\/post"}],"author":[{"embeddable":true,"href":"https:\/\/www.europesays.com\/es\/wp-json\/wp\/v2\/users\/2"}],"replies":[{"embeddable":true,"href":"https:\/\/www.europesays.com\/es\/wp-json\/wp\/v2\/comments?post=319653"}],"version-history":[{"count":0,"href":"https:\/\/www.europesays.com\/es\/wp-json\/wp\/v2\/posts\/319653\/revisions"}],"wp:featuredmedia":[{"embeddable":true,"href":"https:\/\/www.europesays.com\/es\/wp-json\/wp\/v2\/media\/319654"}],"wp:attachment":[{"href":"https:\/\/www.europesays.com\/es\/wp-json\/wp\/v2\/media?parent=319653"}],"wp:term":[{"taxonomy":"category","embeddable":true,"href":"https:\/\/www.europesays.com\/es\/wp-json\/wp\/v2\/categories?post=319653"},{"taxonomy":"post_tag","embeddable":true,"href":"https:\/\/www.europesays.com\/es\/wp-json\/wp\/v2\/tags?post=319653"}],"curies":[{"name":"wp","href":"https:\/\/api.w.org\/{rel}","templated":true}]}}