{"id":319659,"date":"2026-01-02T19:58:08","date_gmt":"2026-01-02T19:58:08","guid":{"rendered":"https:\/\/www.europesays.com\/es\/319659\/"},"modified":"2026-01-02T19:58:08","modified_gmt":"2026-01-02T19:58:08","slug":"una-granja-mas-de-2-millones-de-dolares-y-una-cocina-de-pelicula","status":"publish","type":"post","link":"https:\/\/www.europesays.com\/es\/319659\/","title":{"rendered":"una granja, m\u00e1s de 2 millones de d\u00f3lares y una cocina de pel\u00edcula"},"content":{"rendered":"<p>\u00abYo alimento a mis animales en mi granja para<strong>\u00a0tener un v\u00ednculo cercano con ellos\u00a0<\/strong>y, efectivamente, me llev\u00e9 a un cabritillo al rodaje y le ten\u00eda que dar el biber\u00f3n cada cuatro horas, tambi\u00e9n por la noche\u00bb, contaba a Pablo Motos. Ni m\u00e1s ni menos que m\u00e1s de 60 animales viven en su casa, aunque\u00a0<strong>muestra un especial cari\u00f1o a su perra Winnie y su cabra que se llama Cardi B<\/strong>. Concret\u00f3 en el programa que tiene 10 perros dentro de su casa, otros 25 fuera y 25 animales de granja m\u00e1s. \u00a1Pero bueno!<\/p>\n","protected":false},"excerpt":{"rendered":"\u00abYo alimento a mis animales en mi granja para\u00a0tener un v\u00ednculo cercano con ellos\u00a0y, efectivamente, me llev\u00e9 a&hellip;\n","protected":false},"author":2,"featured_media":319660,"comment_status":"","ping_status":"","sticky":false,"template":"","format":"standard","meta":{"footnotes":""},"categories":[174],"tags":[385,255,146,74519,147,25,24,256,11746,74520,26025,23],"class_list":{"0":"post-319659","1":"post","2":"type-post","3":"status-publish","4":"format-standard","5":"has-post-thumbnail","7":"category-famosos","8":"tag-casa","9":"tag-celebrities","10":"tag-entertainment","11":"tag-entramos-en-la-casa-de-millie-bobby-brown-21-anos-y-jake-bongiovi-23-anos-en-atlanta-una-granja","12":"tag-entretenimiento","13":"tag-es","14":"tag-espana","15":"tag-famosos","16":"tag-hogar","17":"tag-mas-de-2-millones-de-dolares-y-una-cocina-de-pelicula","18":"tag-millie-bobby-brown","19":"tag-spain"},"share_on_mastodon":{"url":"https:\/\/pubeurope.com\/@es\/115827278089726687","error":""},"_links":{"self":[{"href":"https:\/\/www.europesays.com\/es\/wp-json\/wp\/v2\/posts\/319659","targetHints":{"allow":["GET"]}}],"collection":[{"href":"https:\/\/www.europesays.com\/es\/wp-json\/wp\/v2\/posts"}],"about":[{"href":"https:\/\/www.europesays.com\/es\/wp-json\/wp\/v2\/types\/post"}],"author":[{"embeddable":true,"href":"https:\/\/www.europesays.com\/es\/wp-json\/wp\/v2\/users\/2"}],"replies":[{"embeddable":true,"href":"https:\/\/www.europesays.com\/es\/wp-json\/wp\/v2\/comments?post=319659"}],"version-history":[{"count":0,"href":"https:\/\/www.europesays.com\/es\/wp-json\/wp\/v2\/posts\/319659\/revisions"}],"wp:featuredmedia":[{"embeddable":true,"href":"https:\/\/www.europesays.com\/es\/wp-json\/wp\/v2\/media\/319660"}],"wp:attachment":[{"href":"https:\/\/www.europesays.com\/es\/wp-json\/wp\/v2\/media?parent=319659"}],"wp:term":[{"taxonomy":"category","embeddable":true,"href":"https:\/\/www.europesays.com\/es\/wp-json\/wp\/v2\/categories?post=319659"},{"taxonomy":"post_tag","embeddable":true,"href":"https:\/\/www.europesays.com\/es\/wp-json\/wp\/v2\/tags?post=319659"}],"curies":[{"name":"wp","href":"https:\/\/api.w.org\/{rel}","templated":true}]}}