{"id":319678,"date":"2026-01-02T20:09:08","date_gmt":"2026-01-02T20:09:08","guid":{"rendered":"https:\/\/www.europesays.com\/es\/319678\/"},"modified":"2026-01-02T20:09:08","modified_gmt":"2026-01-02T20:09:08","slug":"petro-dice-que-lancheros-sobrevivieron-a-ataque-de-ee-uu-dw-02-01-2026","status":"publish","type":"post","link":"https:\/\/www.europesays.com\/es\/319678\/","title":{"rendered":"Petro dice que \u00ablancheros\u00bb sobrevivieron a ataque de EE. UU. \u2013 DW \u2013 02\/01\/2026"},"content":{"rendered":"<p>Algunos\u00a0\u00ablancheros\u00bb\u00a0habr\u00edan sobrevivido\u00a0a un\u00a0ataque perpetrado por <a class=\"internal-link\" href=\"https:\/\/www.dw.com\/es\/estados-unidos\/t-17411942\" rel=\"nofollow noopener\" target=\"_blank\">Estados Unidos<\/a> en aguas del Pac\u00edfico, afirm\u00f3 este viernes (02.01.2026) el presidente de <a class=\"internal-link\" href=\"https:\/\/www.dw.com\/es\/colombia\/t-17411736\" rel=\"nofollow noopener\" target=\"_blank\">Colombia<\/a>, <a class=\"internal-link\" href=\"https:\/\/www.dw.com\/es\/gustavo-petro\/t-42895097\" rel=\"nofollow noopener\" target=\"_blank\">Gustavo Petro<\/a>.<\/p>\n<p>\u00abAviso a todos los gobiernos de la zona. Esta parece ser la zona exacta donde cayeron los lancheros que se arrojaron de embarcaciones que fueron bombardeadas\u00bb, se\u00f1al\u00f3 en X el mandatario colombiano.<\/p>\n<p>\u00abSe sabe que tres personas murieron, el resto qued\u00f3 viva porque se arrojaron al mar\u00bb, expres\u00f3 junto a la imagen de un\u00a0mapa del lugar\u00a0donde habr\u00eda ocurrido el ataque.<\/p>\n<blockquote class=\"tweet embed\" data-id=\"2007148400530088299\"\/>\n<p>Ataque frente a las costas mexicanas<\/p>\n<p>Petro indic\u00f3 que la\u00a0informaci\u00f3n fue conseguida por la Armada colombiana, que est\u00e1 \u00abdispuesta a colaborar\u00bb con los pa\u00edses que as\u00ed lo requieran.<\/p>\n<p>El punto del ataque se\u00f1alado por Petro\u00a0est\u00e1 ubicado a 384,33 millas n\u00e1uticas del estado mexicano de Oaxaca, aunque el presidente colombiano no precis\u00f3 cu\u00e1ndo ocurri\u00f3.<\/p>\n<p>Nuevos ataques a las \u00abnarcolanchas\u00bb<\/p>\n<p>Como parte de su operaci\u00f3n militar Lanza del Sur, que tambi\u00e9n se lleva a cabo en el mar del Caribe, EE. UU. <a class=\"internal-link\" href=\"https:\/\/www.dw.com\/es\/dos-muertos-en-otro-ataque-de-eeuu-a-lancha-en-el-pac\u00edfico\/a-75337212\" rel=\"nofollow noopener\" target=\"_blank\">ha lanzado variados ataques<\/a> contra embarcaciones de narcotraficantes que buscar\u00edan ingresar drogas al pa\u00eds nortemericano.<\/p>\n<p>Washington dio a\u00a0conocer un nuevo ataque lanzado el 31 de diciembre <a class=\"internal-link\" href=\"https:\/\/www.dw.com\/es\/eeuu-ataca-otras-tres-presuntas-narcolanchas\/a-75354746\" rel=\"nofollow noopener\" target=\"_blank\">contra dos lanchas<\/a> tambi\u00e9n en aguas internacionales, sin dar m\u00e1s informaci\u00f3n, en el que murieron cinco personas. Esto ocurri\u00f3 un d\u00eda despu\u00e9s de haber hundido otras tres embarcaciones, lo que dej\u00f3 tres muertos.<\/p>\n<p>Ofensivas que generan tensiones en la regi\u00f3n<\/p>\n<p>Las tensiones en la regi\u00f3n escalaron tras el anuncio del presidente de EE. UU., <a class=\"internal-link\" href=\"https:\/\/www.dw.com\/es\/donald-trump\/t-19445010\" rel=\"nofollow noopener\" target=\"_blank\">Donald Trump<\/a>,\u00a0sobre un bloqueo a los buques petroleros sancionados que se trasladen desde y hacia Venezuela, sumado a la reciente confiscaci\u00f3n de dos embarcaciones que transportaban crudo venezolano.<\/p>\n<p>Tanto el Gobierno de Nicol\u00e1s Maduro en Venezuela como el de Petro, ambos acusados por Trump de mantener v\u00ednculos con el <a class=\"internal-link\" href=\"https:\/\/www.dw.com\/es\/narcotr\u00e1fico\/t-17409535\" rel=\"nofollow noopener\" target=\"_blank\">narcotr\u00e1fico<\/a>, han denunciado estos ataques como asesinatos y ejecuciones extrajudiciales.<\/p>\n<p>JU (efe, X)<\/p>\n<p>\u00a0<\/p>\n","protected":false},"excerpt":{"rendered":"Algunos\u00a0\u00ablancheros\u00bb\u00a0habr\u00edan sobrevivido\u00a0a un\u00a0ataque perpetrado por Estados Unidos en aguas del Pac\u00edfico, afirm\u00f3 este viernes (02.01.2026) el presidente de&hellip;\n","protected":false},"author":2,"featured_media":319679,"comment_status":"","ping_status":"","sticky":false,"template":"","format":"standard","meta":{"footnotes":""},"categories":[42],"tags":[17,18,13,14,11,61,62,63,64,19,20,9,10,15,16,12,21,22,65,66,67],"class_list":{"0":"post-319678","1":"post","2":"type-post","3":"status-publish","4":"format-standard","5":"has-post-thumbnail","7":"category-internacional","8":"tag-breaking-news","9":"tag-breakingnews","10":"tag-featured-news","11":"tag-featurednews","12":"tag-headlines","13":"tag-internacional","14":"tag-international","15":"tag-international-news","16":"tag-internationalnews","17":"tag-latest-news","18":"tag-latestnews","19":"tag-news","20":"tag-noticias","21":"tag-noticias-destacadas","22":"tag-noticiasdestacadas","23":"tag-titulares","24":"tag-ultimas-noticias","25":"tag-ultimasnoticias","26":"tag-world","27":"tag-world-news","28":"tag-worldnews"},"share_on_mastodon":{"url":"https:\/\/pubeurope.com\/@es\/115827321324254253","error":""},"_links":{"self":[{"href":"https:\/\/www.europesays.com\/es\/wp-json\/wp\/v2\/posts\/319678","targetHints":{"allow":["GET"]}}],"collection":[{"href":"https:\/\/www.europesays.com\/es\/wp-json\/wp\/v2\/posts"}],"about":[{"href":"https:\/\/www.europesays.com\/es\/wp-json\/wp\/v2\/types\/post"}],"author":[{"embeddable":true,"href":"https:\/\/www.europesays.com\/es\/wp-json\/wp\/v2\/users\/2"}],"replies":[{"embeddable":true,"href":"https:\/\/www.europesays.com\/es\/wp-json\/wp\/v2\/comments?post=319678"}],"version-history":[{"count":0,"href":"https:\/\/www.europesays.com\/es\/wp-json\/wp\/v2\/posts\/319678\/revisions"}],"wp:featuredmedia":[{"embeddable":true,"href":"https:\/\/www.europesays.com\/es\/wp-json\/wp\/v2\/media\/319679"}],"wp:attachment":[{"href":"https:\/\/www.europesays.com\/es\/wp-json\/wp\/v2\/media?parent=319678"}],"wp:term":[{"taxonomy":"category","embeddable":true,"href":"https:\/\/www.europesays.com\/es\/wp-json\/wp\/v2\/categories?post=319678"},{"taxonomy":"post_tag","embeddable":true,"href":"https:\/\/www.europesays.com\/es\/wp-json\/wp\/v2\/tags?post=319678"}],"curies":[{"name":"wp","href":"https:\/\/api.w.org\/{rel}","templated":true}]}}