{"id":319688,"date":"2026-01-02T20:20:07","date_gmt":"2026-01-02T20:20:07","guid":{"rendered":"https:\/\/www.europesays.com\/es\/319688\/"},"modified":"2026-01-02T20:20:07","modified_gmt":"2026-01-02T20:20:07","slug":"los-ultras-del-sevilla-anuncian-una-huelga-de-animacion-para-el-partido-ante-el-levante-y-agrandan-su-brecha-con-el-consejo","status":"publish","type":"post","link":"https:\/\/www.europesays.com\/es\/319688\/","title":{"rendered":"Los ultras del Sevilla anuncian una huelga de animaci\u00f3n para el partido ante el Levante y agrandan su brecha con el consejo"},"content":{"rendered":"<p style=\"\">El <strong>Sevilla<\/strong> volver\u00e1 a competir este domingo 4 de enero cuando reciba a partir de las 14 horas la visita del <strong>Levante UD<\/strong>, colista de LaLiga EA Sports. El equipo nervionense volver\u00e1 a jugar en el Ram\u00f3n S\u00e1nchez-Pizju\u00e1n y buscar\u00e1, con el  &#8230; apoyo de los suyos, tener m\u00e1s argumentos para poder conquistar los tres puntos en juego.  No obstante, no contar\u00e1, por momentos, con el aliento de la grada baja de Gol Norte, ya que el grupo radical<strong> Biris Norte ha anunciado que llevar\u00e1n a cabo protestas<\/strong> durante la primera mitad del partido. <\/p>\n<p class=\"voc-p\" style=\"\">A trav\u00e9s de un comunicado difundido en sus perfiles de redes sociales, el grupo ultra ha indicado que<strong> durante los primeros doce minutos de partido la grada que habitualmente ocupan permanecer\u00e1 vac\u00eda y que, pese a que desde ese momento volver\u00e1n a sus asientos, no habr\u00e1 animaci\u00f3n durante la primera parte del partido. <\/strong><\/p>\n<p class=\"voc-p\" style=\"\">La raz\u00f3n de esta protesta responde a que, seg\u00fan narran, desde el club en las \u00faltimas semanas se les ha comunicado \u00abque <strong>nuestras pancartas ya no pueden seguir exhibi\u00e9ndose en Gol Norte por orden policial<\/strong>\u00bb. \u00abNos referimos a las pancartas que presiden nuestras grada: la situada en la parte baja, &#8216;Guardianes de Nervi\u00f3n&#8217;, y la que cuelga del vomitorio con la palabra &#8216;Ultras&#8217;\u00bb, especifican. <\/p>\n<p class=\"voc-p\" style=\"\">\u00abEstas pancartas <strong>fueron aceptadas en su momento tanto por el club como por las autoridades<\/strong> y han estado presentes durante a\u00f1os, sustituyendo a otras que realmente deber\u00edan ocupar ese espacio. El motivo que se esgrime es que se acusa al club de dar visibilidad a un grupo violento, bas\u00e1ndose en una supuesta lista en la que estamos incluidos; una lista que nadie ha visto y cuya legalidad resulta m\u00e1s que cuestionable. Se trata de una etiqueta utilizada para reprimir y perseguir sin miramientos, con la connivencia de los propios clubes, que permiten esta caza dentro de sus estadios\u00bb, agregan. <\/p>\n<p class=\"voc-p\" style=\"\">El lanzamiento de objetos que desde esa misma grada se realiz\u00f3 durante el \u00faltimo derbi ante el Betis y que provoc\u00f3 que el \u00e1rbitro decidiera suspender moment\u00e1neamente el partido provoc\u00f3 que se decretara la clausura parcial de la grada baja de Gol Norte durante tres partidos y que se le impusiera al club una multa de 45.000 euros. El Sevilla anunci\u00f3 el pasado 29 de diciembre que el Comit\u00e9 de Apelaci\u00f3n estim\u00f3 parcialmente el recurso del club nervionense y que finalmente la clausura pasa a ser de un partido y que la multa se reduce a una sanci\u00f3n de 6.000 euros. No obstante, el Sevilla puntualiz\u00f3 que, igualmente, \u00abrecurrir\u00e1 dicha sanci\u00f3n ante el Tribunal de Arbitraje Deportivo y agotar\u00e1 todas las v\u00edas jur\u00eddicas posibles\u00bb.<\/p>\n","protected":false},"excerpt":{"rendered":"El Sevilla volver\u00e1 a competir este domingo 4 de enero cuando reciba a partir de las 14 horas&hellip;\n","protected":false},"author":2,"featured_media":319689,"comment_status":"","ping_status":"","sticky":false,"template":"","format":"standard","meta":{"footnotes":""},"categories":[268],"tags":[43448,10689,4187,74527,3726,1576,168,25,24,280,282,13181,3151,3449,1171,281,23,167],"class_list":{"0":"post-319688","1":"post","2":"type-post","3":"status-publish","4":"format-standard","5":"has-post-thumbnail","7":"category-futbol","8":"tag-agranda","9":"tag-animacion","10":"tag-anuncia","11":"tag-biris","12":"tag-brecha","13":"tag-consejo","14":"tag-deportes","15":"tag-es","16":"tag-espana","17":"tag-football","18":"tag-futbol","19":"tag-huelga","20":"tag-levante","21":"tag-norte","22":"tag-sevilla","23":"tag-soccer","24":"tag-spain","25":"tag-sports"},"share_on_mastodon":{"url":"https:\/\/pubeurope.com\/@es\/115827364594688594","error":""},"_links":{"self":[{"href":"https:\/\/www.europesays.com\/es\/wp-json\/wp\/v2\/posts\/319688","targetHints":{"allow":["GET"]}}],"collection":[{"href":"https:\/\/www.europesays.com\/es\/wp-json\/wp\/v2\/posts"}],"about":[{"href":"https:\/\/www.europesays.com\/es\/wp-json\/wp\/v2\/types\/post"}],"author":[{"embeddable":true,"href":"https:\/\/www.europesays.com\/es\/wp-json\/wp\/v2\/users\/2"}],"replies":[{"embeddable":true,"href":"https:\/\/www.europesays.com\/es\/wp-json\/wp\/v2\/comments?post=319688"}],"version-history":[{"count":0,"href":"https:\/\/www.europesays.com\/es\/wp-json\/wp\/v2\/posts\/319688\/revisions"}],"wp:featuredmedia":[{"embeddable":true,"href":"https:\/\/www.europesays.com\/es\/wp-json\/wp\/v2\/media\/319689"}],"wp:attachment":[{"href":"https:\/\/www.europesays.com\/es\/wp-json\/wp\/v2\/media?parent=319688"}],"wp:term":[{"taxonomy":"category","embeddable":true,"href":"https:\/\/www.europesays.com\/es\/wp-json\/wp\/v2\/categories?post=319688"},{"taxonomy":"post_tag","embeddable":true,"href":"https:\/\/www.europesays.com\/es\/wp-json\/wp\/v2\/tags?post=319688"}],"curies":[{"name":"wp","href":"https:\/\/api.w.org\/{rel}","templated":true}]}}