{"id":319701,"date":"2026-01-02T20:28:10","date_gmt":"2026-01-02T20:28:10","guid":{"rendered":"https:\/\/www.europesays.com\/es\/319701\/"},"modified":"2026-01-02T20:28:10","modified_gmt":"2026-01-02T20:28:10","slug":"la-incidencia-de-la-gripe-desciende-bruscamente-en-la-ultima-semana-del-ano-sociedad","status":"publish","type":"post","link":"https:\/\/www.europesays.com\/es\/319701\/","title":{"rendered":"La incidencia de la gripe desciende bruscamente en la \u00faltima semana del a\u00f1o | Sociedad"},"content":{"rendered":"<p class=\"\">La incidencia de la gripe ha ca\u00eddo bruscamente estas Navidades en Espa\u00f1a. Tras alcanzar el pico la semana que comenz\u00f3 el 9 de diciembre y <a href=\"https:\/\/elpais.com\/sociedad\/2025-12-26\/la-incidencia-de-la-gripe-empieza-a-descender-tras-alcanzar-el-pico-de-contagios-antes-de-las-navidades.html\" target=\"_blank\" rel=\"noreferrer nofollow noopener\" title=\"https:\/\/elpais.com\/sociedad\/2025-12-26\/la-incidencia-de-la-gripe-empieza-a-descender-tras-alcanzar-el-pico-de-contagios-antes-de-las-navidades.html\">registrar una ligera ca\u00edda la siguiente<\/a>, en la \u00faltima del a\u00f1o el descenso ha dejado la propagaci\u00f3n de la epidemia en una intensidad \u201cbaja\u201d, seg\u00fan los <a href=\"https:\/\/docsivira.isciii.es\/Informe_semanal_SiVIRA_202552.html\" target=\"_blank\" rel=\"noreferrer nofollow noopener\" title=\"https:\/\/docsivira.isciii.es\/Informe_semanal_SiVIRA_202552.html\">datos publicados este viernes por el Instituto de Salud Carlos III<\/a>.<\/p>\n<p class=\"\">Las estad\u00edsticas confirman una <a href=\"https:\/\/elpais.com\/sociedad\/2025-12-18\/espana-se-acerca-al-pico-de-la-gripe-en-visperas-de-las-navidades-y-con-las-hospitalizaciones-al-alza.html\" target=\"_blank\" rel=\"noreferrer nofollow noopener\" title=\"https:\/\/elpais.com\/sociedad\/2025-12-18\/espana-se-acerca-al-pico-de-la-gripe-en-visperas-de-las-navidades-y-con-las-hospitalizaciones-al-alza.html\">epidemia muy temprana<\/a> en esta temporada, que no ha repuntado con las fiestas, un entorno que suele ser propicio para el contagio de virus por los encuentros familiares. Esto no quiere decir que tras la bajada no pueda haber un nuevo repunte m\u00e1s adelante: las infecciones de gripe pueden dos picos a lo largo de la temporada.<\/p>\n<p class=\"\">Jos\u00e9 Mar\u00eda Eiros, del Centro Nacional de Gripe de Valladolid, advierte de que estos repuntes son frecuentes, por lo que es conveniente mantener tanto la vacunaci\u00f3n para los grupos vulnerables, como medidas de salud p\u00fablica (lavado de manos, estornudar o toser sobre la parte interna del codo&#8230;). \u201cTodav\u00eda estamos en plena temporada y hacer predicciones de lo que pueda pasar no es f\u00e1cil, pero todav\u00eda quedan tres meses, y los viajes entre hemisferios hacen que la gripe est\u00e9 siempre presente\u201d, asegura. <\/p>\n<p class=\"\">La tasa de s\u00edndrome gripal es de 105 casos por 100.000 habitantes, 88 menos que la semana previa, una bajada de un 45%. El conjunto de los virus respiratorios tambi\u00e9n ha bajado: de 837,9 casos por 100.000 habitantes a 573,6.<\/p>\n<p class=\"\">El s\u00edntoma gripal m\u00e1s frecuente registrado en los centros de salud es la tos, que se produce en m\u00e1s del 87% de los casos, seguido de fiebre (85,2%), malestar general (79,4%), congesti\u00f3n nasal (67,9%) y dolor de garganta (61,9%). Tambi\u00e9n habituales, pero algo menos, son cefaleas, mialgias y escalofr\u00edos. En menos de un 10% de casos se registra v\u00f3mitos, disnea (dificultad para respirar) o trastornos en el olfato y el gusto.<\/p>\n<p class=\"\">La peculiaridad de este a\u00f1o ha sido la expansi\u00f3n del subclado K del virus Influenza A (H3N2), una variante con una gran cantidad de mutaciones que han hecho m\u00e1s susceptible su transmisi\u00f3n, aunque su gravedad en t\u00e9rminos absolutos no es mayor. <\/p>\n<p class=\"\">Estas mutaciones sugieren que la vacuna de este a\u00f1o ha podido tener menor eficacia para prevenir la infecci\u00f3n, aunque siga ofreciendo protecci\u00f3n contra enfermedad grave y hospitalizaci\u00f3n, especialmente en grupos de riesgo: personas mayores de 60 a\u00f1os, embarazadas y pacientes inmunosuprimidos.<\/p>\n<p class=\"\">En algunas \u00e1reas, especialmente entre ni\u00f1os menores de cinco a\u00f1os, la r\u00e1pida circulaci\u00f3n de la variante ha llevado a tasas elevadas de infecci\u00f3n, aunque tampoco en esta poblaci\u00f3n hay evidencia clara de que cause complicaciones m\u00e1s frecuentes que otras variantes gripales estacionales. <\/p>\n<p class=\"\">Con respecto al resto de las infecciones respiratorias, la covid se mantiene muy baja, en la l\u00ednea de toda esta temporada y la anterior; la bronquiolitis alcanz\u00f3 su pico en la pen\u00faltima semana del a\u00f1o, y ya est\u00e1 cayendo acentuadamente en la \u00faltima; lo mismo ha sucedido con las neumon\u00edas y el virus respiratorio sincitial, aunque la incidencia de este baj\u00f3 m\u00e1s moderadamente.<\/p>\n<p>Hospitales<\/p>\n<p class=\"\">La situaci\u00f3n en los hospitales es estable. Todav\u00eda no se ha notado en los ingresos la ca\u00edda de las infecciones respiratorias y se mantienen pr\u00e1cticamente id\u00e9nticas a la semana anterior, en un nivel muy similar a los picos de otras temporadas: 22,9 casos por 100.000 habitantes.<\/p>\n<p class=\"\">Los ingresos por gripe s\u00ed siguen creciendo de forma muy moderada (9,9 casos por 100.000 habitantes, frente a 9,7 de la semana anterior), pero a la vista del pronunciado descenso de los contagios es de prever que ya est\u00e9n cayendo y que esto se vea reflejado en las estad\u00edsticas de la semana que viene, que siempre van con siete d\u00edas de retraso con respecto a la situaci\u00f3n real. <\/p>\n<p class=\"\">M\u00e1s del 60% de los hospitalizados por gripe son personas mayores de 60 a\u00f1os. La gravedad de los cuadros suele venir condicionada por patolog\u00edas previas. Las m\u00e1s frecuentes son hipertensi\u00f3n (en el 42,5% de los ingresos), enfermedades respiratorias cr\u00f3nicas (39%), enfermedades metab\u00f3licas (35,9%), enfermedad cardiovascular cr\u00f3nica (33,6%) y enfermedad renal (17,4%).<\/p>\n<p class=\"\">Los ingresos quedan muy lejos de los que se registraron en el pico de la temporada 2023-24, cuando la tasa de hospitalizaciones pr\u00e1cticamente duplicaba al actual. Como consecuencia de ello, hace justo dos a\u00f1os, por estas mismas fechas, <a href=\"https:\/\/elpais.com\/sociedad\/2024-01-03\/la-epidemia-de-gripe-colapsa-los-centros-de-salud-las-urgencias-estan-completamente-saturadas.html\" target=\"_blank\" rel=\"noreferrer nofollow noopener\" title=\"https:\/\/elpais.com\/sociedad\/2024-01-03\/la-epidemia-de-gripe-colapsa-los-centros-de-salud-las-urgencias-estan-completamente-saturadas.html\">el sistema sanitario<\/a> qued\u00f3 saturado: los centros de salud no daban abasto para atender a los pacientes y las urgencias de los hospitales estuvieron al l\u00edmite.<\/p>\n<p class=\"\">A partir de ese momento, el Ministerio de Sanidad se puso a trabajar con las comunidades aut\u00f3nomas para crear un protocolo que ten\u00eda por objetivo minimizar la incidencia de las infecciones respiratorias durante el invierno. No llegaron a acordarlo para la temporada pasada, pero s\u00ed se pusieron de acuerdo esta. <\/p>\n<p class=\"\"><a href=\"https:\/\/elpais.com\/sociedad\/2025-12-03\/sanidad-y-las-comunidades-pactan-recomendar-llevar-mascarilla-a-la-poblacion-con-sintomas-gripales-en-las-fases-epidemicas.html\" target=\"_blank\" rel=\"noreferrer nofollow noopener\" title=\"https:\/\/elpais.com\/sociedad\/2025-12-03\/sanidad-y-las-comunidades-pactan-recomendar-llevar-mascarilla-a-la-poblacion-con-sintomas-gripales-en-las-fases-epidemicas.html\">El pasado 3 de diciembre,<\/a> cuando la epidemia ya estaba en alza, llegaron a un acuerdo para recomendar que las personas con s\u00edntomas lleven mascarilla de forma rutinaria, el uso generalizado de los tapabocas en los centros sanitarios en las fases de epidemia y favorecer mientras estas duren el teletrabajo entre la poblaci\u00f3n con s\u00edntomas leves que no justifiquen una baja laboral.<\/p>\n","protected":false},"excerpt":{"rendered":"La incidencia de la gripe ha ca\u00eddo bruscamente estas Navidades en Espa\u00f1a. Tras alcanzar el pico la semana&hellip;\n","protected":false},"author":2,"featured_media":319702,"comment_status":"","ping_status":"","sticky":false,"template":"","format":"standard","meta":{"footnotes":""},"categories":[92],"tags":[31365,9786,1293,10862,25,24,7749,165,6138,166,1811,492,23],"class_list":{"0":"post-319701","1":"post","2":"type-post","3":"status-publish","4":"format-standard","5":"has-post-thumbnail","7":"category-salud","8":"tag-atencion-primaria","9":"tag-coronavirus-covid-19","10":"tag-enfermedades","11":"tag-enfermedades-respiratorias","12":"tag-es","13":"tag-espana","14":"tag-gripe","15":"tag-health","16":"tag-hospitales","17":"tag-salud","18":"tag-sanidad","19":"tag-sociedad","20":"tag-spain"},"share_on_mastodon":{"url":"https:\/\/pubeurope.com\/@es\/115827396108710491","error":""},"_links":{"self":[{"href":"https:\/\/www.europesays.com\/es\/wp-json\/wp\/v2\/posts\/319701","targetHints":{"allow":["GET"]}}],"collection":[{"href":"https:\/\/www.europesays.com\/es\/wp-json\/wp\/v2\/posts"}],"about":[{"href":"https:\/\/www.europesays.com\/es\/wp-json\/wp\/v2\/types\/post"}],"author":[{"embeddable":true,"href":"https:\/\/www.europesays.com\/es\/wp-json\/wp\/v2\/users\/2"}],"replies":[{"embeddable":true,"href":"https:\/\/www.europesays.com\/es\/wp-json\/wp\/v2\/comments?post=319701"}],"version-history":[{"count":0,"href":"https:\/\/www.europesays.com\/es\/wp-json\/wp\/v2\/posts\/319701\/revisions"}],"wp:featuredmedia":[{"embeddable":true,"href":"https:\/\/www.europesays.com\/es\/wp-json\/wp\/v2\/media\/319702"}],"wp:attachment":[{"href":"https:\/\/www.europesays.com\/es\/wp-json\/wp\/v2\/media?parent=319701"}],"wp:term":[{"taxonomy":"category","embeddable":true,"href":"https:\/\/www.europesays.com\/es\/wp-json\/wp\/v2\/categories?post=319701"},{"taxonomy":"post_tag","embeddable":true,"href":"https:\/\/www.europesays.com\/es\/wp-json\/wp\/v2\/tags?post=319701"}],"curies":[{"name":"wp","href":"https:\/\/api.w.org\/{rel}","templated":true}]}}