{"id":319708,"date":"2026-01-02T20:32:07","date_gmt":"2026-01-02T20:32:07","guid":{"rendered":"https:\/\/www.europesays.com\/es\/319708\/"},"modified":"2026-01-02T20:32:07","modified_gmt":"2026-01-02T20:32:07","slug":"lider-separatista-anuncia-preparativos-para-un-referendum-de-independencia-del-sur-de-yemen","status":"publish","type":"post","link":"https:\/\/www.europesays.com\/es\/319708\/","title":{"rendered":"L\u00edder separatista anuncia preparativos para un refer\u00e9ndum de independencia del sur de Yemen"},"content":{"rendered":"<p>El l\u00edder del Consejo de Transici\u00f3n del Sur (CTS) de <strong>Yemen<\/strong>, Aidarous al Zubaidi, ha anunciado este viernes el inicio de un per\u00edodo de transici\u00f3n que culminar\u00e1 con un refer\u00e9ndum de independencia del sur del pa\u00eds, lo que supone una importante escalada en el desaf\u00edo del grupo separatista a la unidad del pa\u00eds.<\/p>\n<p>\u00abAnunciamos el inicio de un <strong>per\u00edodo de transici\u00f3n de dos a\u00f1os<\/strong>\u00ab, ha dicho Al Zubaidi, quien ha a\u00f1adido que el refer\u00e9ndum permitir\u00eda a los habitantes del sur del pa\u00eds ejercer su \u00abderecho a la autodeterminaci\u00f3n\u00bb.<\/p>\n<p>\u00abSe ha aprobado una <strong>declaraci\u00f3n constitucional para restaurar el Estado del Sur<\/strong>\u00ab, ha afirmado despu\u00e9s de describir esta medida como un camino gradual que cumple \u00ablas aspiraciones del pueblo del sur\u00bb y que se aplicar\u00e1 a partir del 2 de enero de 2028.<\/p>\n<p>No obstante, Al Zubaidi ha advertido de que la declaraci\u00f3n constitucional podr\u00eda entrar en vigor antes si no hubiera respuesta a la iniciativa o si el territorio del sur fuera atacado.<\/p>\n<p>El embajador de Arabia Saud\u00ed en Yemen, Mohammed al-Jaber, ha acusado al l\u00edder del CTS de ser \u00abintransigente\u00bb ante los esfuerzos de desescalada.<\/p>\n<p>El CTS cuenta con el respaldo de Emiratos \u00c1rabes Unidos<\/p>\n<p>Por su parte, <strong>Emiratos \u00c1rabes Unidos, que respalda al Consejo de Transici\u00f3n del Sur<\/strong> ha declarado su compromiso de trabajar para la \u00abdesescalada\u00bb, indicando que ha retirado sus \u00faltimas fuerzas de Yemen, donde hab\u00edan estado desplegadas como parte de la coalici\u00f3n.<\/p>\n<p>El CTS controla gran parte del sur de Yemen y su objetivo es revivir el antiguo <strong>Estado de Yemen del Sur<\/strong>, que existi\u00f3 hasta la unificaci\u00f3n con el norte en 1990.<\/p>\n<p>El anuncio se produce en medio de los combates entre el CTS y las <strong>fuerzas gubernamentales yemen\u00edes respaldadas por Arabia Saud\u00ed<\/strong> en la provincia oriental de Hadramaut.<\/p>\n<p>Un oficial militar del Consejo de Transici\u00f3n del Sur, que ha hablado bajo condici\u00f3n de anonimato, ha informado que los ataques a\u00e9reos de la coalici\u00f3n liderada por los saud\u00edes han causado la <strong>muerte de 20 combatientes separatistas<\/strong> en las bases militares de Al-Khash&#8217;a y Seiyun.<\/p>\n<p>El gobernador de Hadramaut, bajo el Gobierno reconocido internacionalmente, ha anunciado el lanzamiento de una operaci\u00f3n para restablecer el control de la zona.<\/p>\n<p>Hadramaut, provincia productora de petr\u00f3leo, limita con Arabia Saud\u00ed y muchos saud\u00edes prominentes tienen sus or\u00edgenes en la misma, lo que le otorga una importancia cultural e hist\u00f3rica para el reino saudita. Su captura por el CTS el mes pasado fue considerada una amenaza por los saud\u00edes.<\/p>\n<p><strong>Yemen est\u00e1 inmerso en una guerra civil desde hace m\u00e1s de una d\u00e9cada<\/strong>. En 2014 estall\u00f3 un conflicto entre el Gobierno y sus aliados, incluyendo el Consejo de Transici\u00f3n del Sur, por un lado, y los hut\u00edes, por el otro.<\/p>\n<p>El <strong>conflicto se ha cobrado cientos de miles de vidas<\/strong>, ha fragmentado el pa\u00eds y ha desencadenado una de las peores crisis humanitarias del mundo.<\/p>\n<p>La Organizaci\u00f3n de la Cooperaci\u00f3n Isl\u00e1mica (OCI), integrada por 57 pa\u00edses, manifest\u00f3 este pasado mi\u00e9rcoles su apoyo a la integridad territorial de Yemen y a su Gobierno respaldado por Arabia Saud\u00ed e internacionalmente reconocido.<\/p>\n","protected":false},"excerpt":{"rendered":"El l\u00edder del Consejo de Transici\u00f3n del Sur (CTS) de Yemen, Aidarous al Zubaidi, ha anunciado este viernes&hellip;\n","protected":false},"author":2,"featured_media":319709,"comment_status":"","ping_status":"","sticky":false,"template":"","format":"standard","meta":{"footnotes":""},"categories":[42],"tags":[17,18,13,14,11,61,62,63,64,19,20,9,10,15,16,12,21,22,65,66,67],"class_list":{"0":"post-319708","1":"post","2":"type-post","3":"status-publish","4":"format-standard","5":"has-post-thumbnail","7":"category-internacional","8":"tag-breaking-news","9":"tag-breakingnews","10":"tag-featured-news","11":"tag-featurednews","12":"tag-headlines","13":"tag-internacional","14":"tag-international","15":"tag-international-news","16":"tag-internationalnews","17":"tag-latest-news","18":"tag-latestnews","19":"tag-news","20":"tag-noticias","21":"tag-noticias-destacadas","22":"tag-noticiasdestacadas","23":"tag-titulares","24":"tag-ultimas-noticias","25":"tag-ultimasnoticias","26":"tag-world","27":"tag-world-news","28":"tag-worldnews"},"share_on_mastodon":{"url":"https:\/\/pubeurope.com\/@es\/115827411749043388","error":""},"_links":{"self":[{"href":"https:\/\/www.europesays.com\/es\/wp-json\/wp\/v2\/posts\/319708","targetHints":{"allow":["GET"]}}],"collection":[{"href":"https:\/\/www.europesays.com\/es\/wp-json\/wp\/v2\/posts"}],"about":[{"href":"https:\/\/www.europesays.com\/es\/wp-json\/wp\/v2\/types\/post"}],"author":[{"embeddable":true,"href":"https:\/\/www.europesays.com\/es\/wp-json\/wp\/v2\/users\/2"}],"replies":[{"embeddable":true,"href":"https:\/\/www.europesays.com\/es\/wp-json\/wp\/v2\/comments?post=319708"}],"version-history":[{"count":0,"href":"https:\/\/www.europesays.com\/es\/wp-json\/wp\/v2\/posts\/319708\/revisions"}],"wp:featuredmedia":[{"embeddable":true,"href":"https:\/\/www.europesays.com\/es\/wp-json\/wp\/v2\/media\/319709"}],"wp:attachment":[{"href":"https:\/\/www.europesays.com\/es\/wp-json\/wp\/v2\/media?parent=319708"}],"wp:term":[{"taxonomy":"category","embeddable":true,"href":"https:\/\/www.europesays.com\/es\/wp-json\/wp\/v2\/categories?post=319708"},{"taxonomy":"post_tag","embeddable":true,"href":"https:\/\/www.europesays.com\/es\/wp-json\/wp\/v2\/tags?post=319708"}],"curies":[{"name":"wp","href":"https:\/\/api.w.org\/{rel}","templated":true}]}}