{"id":319710,"date":"2026-01-02T20:33:09","date_gmt":"2026-01-02T20:33:09","guid":{"rendered":"https:\/\/www.europesays.com\/es\/319710\/"},"modified":"2026-01-02T20:33:09","modified_gmt":"2026-01-02T20:33:09","slug":"el-ayuntamiento-refuerza-la-coordinacion-y-los-protocolos-de-seguridad-ante-las-proximas-celebraciones-y-la-prevision-meteorologica-adversa","status":"publish","type":"post","link":"https:\/\/www.europesays.com\/es\/319710\/","title":{"rendered":"El Ayuntamiento refuerza la coordinaci\u00f3n y los protocolos de seguridad ante las pr\u00f3ximas celebraciones y la previsi\u00f3n meteorol\u00f3gica adversa"},"content":{"rendered":"<p>\t\t\t<a class=\"modal thumbnail\" href=\"https:\/\/www.europesays.com\/es\/wp-content\/uploads\/2026\/01\/Foto_Reuni\u00f3n_coordinaci\u00f3n_servicios_municipales_1.jpg\"><img decoding=\"async\" src=\"https:\/\/www.europesays.com\/es\/wp-content\/uploads\/2026\/01\/Foto_Reuni\u00f3n_coordinaci\u00f3n_servicios_municipales_1.jpg\" alt=\"\"\/><\/a><\/p>\n<p>El concejal de Seguridad y Movilidad, Miguel Herv\u00e1s, ha subrayado que, en estos momentos, la Cabalgata se mantiene tal y como est\u00e1 prevista, al tiempo que ha insistido en que \u201ccualquier decisi\u00f3n que pudiera adoptarse depender\u00e1 de la evoluci\u00f3n de las previsiones meteorol\u00f3gicas y se tomar\u00e1 siempre priorizando la seguridad\u201d.<\/p>\n<p>El Ayuntamiento de Ciudad Real ha celebrado hoy una reuni\u00f3n de coordinaci\u00f3n con el objetivo de preparar los dispositivos necesarios para el desarrollo del Heraldo y la Cabalgata de Reyes, garantizando la seguridad y el correcto funcionamiento de ambos eventos ante la previsi\u00f3n de bajas temperaturas y la llegada de la borrasca Francis.<\/p>\n<p>A esta reuni\u00f3n han asistido representantes de los servicios municipales de Limpieza, Participaci\u00f3n Ciudadana, Polic\u00eda Local, Mantenimiento y Protecci\u00f3n Civil. Adem\u00e1s, ante las previsiones meteorol\u00f3gicas adversas, se ha decidido reforzar el operativo incorporando tambi\u00e9n al \u00e1rea de Movilidad, especialmente para la planificaci\u00f3n del uso de sal, los accesos a la ciudad y la regulaci\u00f3n de la circulaci\u00f3n.<\/p>\n<p>Durante el encuentro se han abordado aspectos clave relacionados con la seguridad del Heraldo y de la Cabalgata, la previsi\u00f3n de bajas temperaturas y la activaci\u00f3n de los protocolos de actuaci\u00f3n ante cualquier episodio meteorol\u00f3gico adverso, como nieve o hielo, que pueda traer la borrasca Francis.<\/p>\n<p>El concejal de Seguridad y Movilidad, Miguel Herv\u00e1s, ha subrayado que, en estos momentos, la Cabalgata se mantiene tal y como est\u00e1 prevista, al tiempo que ha insistido en que \u201ccualquier decisi\u00f3n que pudiera adoptarse depender\u00e1 de la evoluci\u00f3n de las previsiones meteorol\u00f3gicas y se tomar\u00e1 siempre priorizando la seguridad\u201d.<\/p>\n<p>Asimismo, Herv\u00e1s ha querido lanzar un mensaje de tranquilidad a la ciudadan\u00eda. \u201cQueremos que los vecinos est\u00e9n tranquilos. Desde el Ayuntamiento estamos trabajando de manera preventiva y coordinada para garantizar tanto la seguridad del Heraldo como de la Cabalgata, incluso ante condiciones meteorol\u00f3gicas complicadas\u201d, ha se\u00f1alado.<\/p>\n<p>El concejal ha explicado que el Consistorio ha reforzado los medios materiales disponibles para hacer frente a una posible bajada dr\u00e1stica de las temperaturas. \u201cAdem\u00e1s de los tres camiones de sal con los que ya contamos en los almacenes municipales, se han solicitado dos camiones m\u00e1s, con el fin de estar preparados ante la llegada de alguna borrasca que pueda traer nieve o hielo a la ciudad\u201d, ha indicado.<\/p>\n<p>Los servicios municipales implicados permanecer\u00e1n en permanente coordinaci\u00f3n y seguimiento de la situaci\u00f3n meteorol\u00f3gica para actuar con rapidez y eficacia si fuera necesario, garantizando as\u00ed la seguridad y el normal desarrollo de las celebraciones previstas.<\/p>\n","protected":false},"excerpt":{"rendered":"El concejal de Seguridad y Movilidad, Miguel Herv\u00e1s, ha subrayado que, en estos momentos, la Cabalgata se mantiene&hellip;\n","protected":false},"author":2,"featured_media":319711,"comment_status":"","ping_status":"","sticky":false,"template":"","format":"standard","meta":{"footnotes":""},"categories":[8],"tags":[4071,1250,17,18,777,1940,5509,25,24,13,14,11,19,20,9,10,15,16,5510,23,12,5067,4664,21,22],"class_list":{"0":"post-319710","1":"post","2":"type-post","3":"status-publish","4":"format-standard","5":"has-post-thumbnail","7":"category-espana","8":"tag-agenda","9":"tag-ayuntamiento","10":"tag-breaking-news","11":"tag-breakingnews","12":"tag-ciudad","13":"tag-ciudad-real","14":"tag-empleo","15":"tag-es","16":"tag-espana","17":"tag-featured-news","18":"tag-featurednews","19":"tag-headlines","20":"tag-latest-news","21":"tag-latestnews","22":"tag-news","23":"tag-noticias","24":"tag-noticias-destacadas","25":"tag-noticiasdestacadas","26":"tag-promocion-economica","27":"tag-spain","28":"tag-titulares","29":"tag-tramites","30":"tag-turismo","31":"tag-ultimas-noticias","32":"tag-ultimasnoticias"},"share_on_mastodon":{"url":"https:\/\/pubeurope.com\/@es\/115827415733503314","error":""},"_links":{"self":[{"href":"https:\/\/www.europesays.com\/es\/wp-json\/wp\/v2\/posts\/319710","targetHints":{"allow":["GET"]}}],"collection":[{"href":"https:\/\/www.europesays.com\/es\/wp-json\/wp\/v2\/posts"}],"about":[{"href":"https:\/\/www.europesays.com\/es\/wp-json\/wp\/v2\/types\/post"}],"author":[{"embeddable":true,"href":"https:\/\/www.europesays.com\/es\/wp-json\/wp\/v2\/users\/2"}],"replies":[{"embeddable":true,"href":"https:\/\/www.europesays.com\/es\/wp-json\/wp\/v2\/comments?post=319710"}],"version-history":[{"count":0,"href":"https:\/\/www.europesays.com\/es\/wp-json\/wp\/v2\/posts\/319710\/revisions"}],"wp:featuredmedia":[{"embeddable":true,"href":"https:\/\/www.europesays.com\/es\/wp-json\/wp\/v2\/media\/319711"}],"wp:attachment":[{"href":"https:\/\/www.europesays.com\/es\/wp-json\/wp\/v2\/media?parent=319710"}],"wp:term":[{"taxonomy":"category","embeddable":true,"href":"https:\/\/www.europesays.com\/es\/wp-json\/wp\/v2\/categories?post=319710"},{"taxonomy":"post_tag","embeddable":true,"href":"https:\/\/www.europesays.com\/es\/wp-json\/wp\/v2\/tags?post=319710"}],"curies":[{"name":"wp","href":"https:\/\/api.w.org\/{rel}","templated":true}]}}