{"id":319712,"date":"2026-01-02T20:34:18","date_gmt":"2026-01-02T20:34:18","guid":{"rendered":"https:\/\/www.europesays.com\/es\/319712\/"},"modified":"2026-01-02T20:34:18","modified_gmt":"2026-01-02T20:34:18","slug":"tragedia-en-crans-montana-familias-buscan-a-jovenes-desaparecidos-desde-nochevieja-con-llamamientos-en-las-redes-sociales-la-voz-de-galicia","status":"publish","type":"post","link":"https:\/\/www.europesays.com\/es\/319712\/","title":{"rendered":"Tragedia en Crans-Montana: familias buscan a j\u00f3venes desaparecidos desde Nochevieja con llamamientos en las redes sociales &#8211; La Voz de Galicia"},"content":{"rendered":"<ol>\n<li><a href=\"https:\/\/news.google.com\/rss\/articles\/CBMimgJBVV95cUxPYlpzUzVfY1NtYV91WVhWUXUwbHJGNXVON29Ma3ZIbGJQRXZoM2xPUDNoTWswODFoY1hxS2Vyek1SQlRQZlFsbDlwN2xPWDRnUkRMZFVndFRDeUtKNDV5Rms4Q0ktNWlTZnl3YVpFSkotNl9STWljalNFdk5KWUtsd3c2SEdUX3Jhb3ZtS0lpTWg2WEhFblBXbi1qdk1SMmJWZVBCTnNMbFdlUmFFMHVXN1FkZllITVpMbTRfWm5kRmJHc3hHRUNLV3ZtYUMxVExjTkw3d2lmY0tldWhBSFdxOEFfWHgzMS1jYlgtNjhWOExZLWh3anVtWTE0V3ZqMEJ4cHR2aXhFZ0Y5aVFIUjBpY3VjU2JFaGo2N0HSAbYCQVVfeXFMUHhEOGxzTHpNbFZNZmFFMm1CcHVNSjM5ZmVxMVo2VnFXYll2cEFmNE5YSmM1a2ZQdXZCdHpLX2JGMGt5VEw5N0dvM2JEcWRDU1hvZFRkQzlVNmVsQ2FwQ2FsOUh4by1LQm1PUEVvNm1GUzZCbGJGa3Blb3hUOGM1SFA5QThPS3N4ZHItYW1od2k4NEJNNXlwR1BCMFBpdk5BWVl6a0gzS1E3cWFXOWZZVHlGaGRTZW1WOXIzc2NBci1QTmpCNWREYXhpcjA3NFZLNjYxeFQ2dEZzMi1VaXhlWnlUb3FFRHRpUmgtNEhQSEM2QUlEaDRDeDZKVlhnSTRSaGpiTXZXc1VHSFJjbmw4ZXkzT3dpZnpHQ3VzMTNWSURYWVlVVTY5RmtBdnh3c0JvanhlYUxoUQ?oc=5\" target=\"_blank\" rel=\"nofollow noopener\">Tragedia en Crans-Montana: familias buscan a j\u00f3venes desaparecidos desde Nochevieja con llamamientos en las redes sociales<\/a>&nbsp;&nbsp;La Voz de Galicia<\/li>\n<li><a href=\"https:\/\/news.google.com\/rss\/articles\/CBMihAJBVV95cUxPMFVKTllFUFAxX1BBdTFlRkF4MlFEcDJsSUZWWHhRekxfdUV1a1VIeWFBekpwSlVrVnZ3OHZWb0EtZWJXanNaVTE1U2c5WXlOWGEycWJURzBudHQxWk1qbWliLTlvZW54UkV6WHNZOXpzcjB2NVltYnhmSVhpUlVMQWxiamdvVlRBakU4Tk9EVFBJRGtvVXdGYnZDTE9qSHlUV2VEVVQwWldMMTlZeWc5NXpQYzY2aWJoN1JsNHM1ZThIVldOZGVYalJUWkRlOFNkZHFvX0xCb2F3YTZwdktmeWRyZW5QdTFrZHpZeWxnc002dHYxZW5uS2hfTFBzQ2RxdUtZZw?oc=5\" target=\"_blank\" rel=\"nofollow noopener\">Gr\u00e1ficos | Una escalera estrecha como salida de emergencia y una combusti\u00f3n s\u00fabita: lo que se sabe del incendio en Crans-Montana<\/a>&nbsp;&nbsp;EL PA\u00cdS<\/li>\n<li><a href=\"https:\/\/news.google.com\/rss\/articles\/CBMi-gFBVV95cUxNZGNIZ0E3dGhSQU1rckNtVzVZQmhZbjNFc2p3LTdtRzdYM2JxV29HaUhsVTIxczlkeC16MWhobWtKZVZZQWVWUElKVDFCY053QzV0Q2tSeU9jT3lFeWtlYnhsOXhyZEhEWlExMVhjYjFRNXBSS29NV3g5dmRqaHFOWTNNSEpvOWNNNDVwT2I1ZkJkd1ZHUFBjaEU4b090QVVKcFN5UHJ3a0FmM09XblNTYUxkLW85OTVGVmJwRkp5bUtXWGRfcWpYRTN5SHFqdlZ6WGZTalhVclVZcVNWZ21hTEhuN3c5NjlrWTF3SlkxNXNlU0tNSThBMUZ30gH6AUFVX3lxTE9udjZMeE9hVzRDRjhrR2lqbnU3am9YV01LZXNyUXVWM290ZldZaFJQOTYweWRySGFaeXBUaFBETFJXdGVuNl9mUFZBRU1zbnNvR29PVW9MTDVJZDdNMFBQY2ptSUZEUU9PZlRmVnlzdXpSel9BTktsbUhrMjBGSkRDaEtjUUozTzhqQWlYTXd0RTFCVnp5TEtVRXpIRDNTMkM1MGdXYXBVck1QanpjRVBleFhYc2JweXR5NktxZFhIWHZac19MckF4N05GaXQzR3c2MExReU9mRTdpZXhVRHRmMmZQYlZrcFNXVDhfQ1FTWTRTUm1oZDZKS0E?oc=5\" target=\"_blank\" rel=\"nofollow noopener\">A 50 metros de la tragedia de Crans-Montana: Paolo, el vecino que no dud\u00f3 en lanzarse al fuego para salvar<\/a>&nbsp;&nbsp;LaSexta<\/li>\n<li><a href=\"https:\/\/news.google.com\/rss\/articles\/CBMi7AFBVV95cUxQNEZNRjZZb0RsOGdpQkhzQXo0OUppeXp0U0VZTTF1cTBCZEV2S2hQUHh3bGpncHpGZVdxVkxiSXFXb2ZwTTdPUm1Db1gwNnRTTWNGWW9FdVBQTTYtTGNmZ0ZfQjRjOHFLRjlmdjE2aXVDWmhPdlAtTnFyV25lcGFHTTBBaFZZUzM3UlpMV3hvdlZyOXpxV1RfczQ0aFNkTlFTdWVFd1RfVXBRaUFOVlR6OE1NNlpvUjkwNUJ1Z2hvc2x1cVIwQlFhT0JKUlJaV2JrNDZPYVAyVTlmZ01yTmxfM3dxOW5tMWdQTG81N9IB8gFBVV95cUxPUGJhVUtpaGNRZE1ybTA2Z1hkRWpyc09jVzY2cUE1ZGc0aWs5RXNZdjNUOVYza2Y1YjFXbTc1WUZIRWJKTjZLMkdscEZKX2JvWXpnSUVTNHlfVDdCRUcyUGd6VnhBQk9uV2xVNzhfNzd5bzRyWl85QTJVb3hQU3FBcUhHYjgtT0RmTlE3dDFKUUNJWEMtWmxfWEN5c1BTMEdkbjNyX1owaGZwVVA4N1p6UmtNc1dKZEd6UlctWnJuQktrbnJJSVQ1ODUwQl9FRkQ0ME92aElIc2tiRnRlSFNxOU9XckZ1U1prV2pNbWRSZzJMZw?oc=5\" target=\"_blank\" rel=\"nofollow noopener\">Paolo Campolo, el h\u00e9roe que logr\u00f3 salvar a una veintena de j\u00f3venes en el incendio en el bar de Suiza<\/a>&nbsp;&nbsp;El Confidencial<\/li>\n<li><a href=\"https:\/\/news.google.com\/rss\/articles\/CBMixwFBVV95cUxPVk80Wk5uTk13a2d2VVdWdWIwMEZuWEt3WXlJNnJSN2Y3cl9OdGNDNUQ2TjFlTFU4ZHJtdXdyTWFRWS1QOW9sVHVxemNoWHlWM2U5eEZKUE1sWmFUR1pVY0VrRHhDcm1TcmNjWUMwcmhnNlVCNWNGcm1DUEFvV0QzU0p1NFV4MjhnM0JMLUtCOV9iNV8xWGlNblpDWTBmbDJsYi15ODBsY2ZETDVKTU5Ob3hBVktqU3poTFJYWFd3S3BVY1JPN080?oc=5\" target=\"_blank\" rel=\"nofollow noopener\">El uso temerario de bengalas caus\u00f3 el incendio mortal de Crans-Montana<\/a>&nbsp;&nbsp;El Correo<\/li>\n<\/ol>\n","protected":false},"excerpt":{"rendered":"Tragedia en Crans-Montana: familias buscan a j\u00f3venes desaparecidos desde Nochevieja con llamamientos en las redes sociales&nbsp;&nbsp;La Voz de&hellip;\n","protected":false},"author":2,"featured_media":319713,"comment_status":"","ping_status":"","sticky":false,"template":"","format":"standard","meta":{"footnotes":""},"categories":[5],"tags":[17,18,25,24,13,14,11,19,20,9,10,15,16,23,12,21,22],"class_list":{"0":"post-319712","1":"post","2":"type-post","3":"status-publish","4":"format-standard","5":"has-post-thumbnail","7":"category-titulares","8":"tag-breaking-news","9":"tag-breakingnews","10":"tag-es","11":"tag-espana","12":"tag-featured-news","13":"tag-featurednews","14":"tag-headlines","15":"tag-latest-news","16":"tag-latestnews","17":"tag-news","18":"tag-noticias","19":"tag-noticias-destacadas","20":"tag-noticiasdestacadas","21":"tag-spain","22":"tag-titulares","23":"tag-ultimas-noticias","24":"tag-ultimasnoticias"},"share_on_mastodon":{"url":"https:\/\/pubeurope.com\/@es\/115827419527318993","error":""},"_links":{"self":[{"href":"https:\/\/www.europesays.com\/es\/wp-json\/wp\/v2\/posts\/319712","targetHints":{"allow":["GET"]}}],"collection":[{"href":"https:\/\/www.europesays.com\/es\/wp-json\/wp\/v2\/posts"}],"about":[{"href":"https:\/\/www.europesays.com\/es\/wp-json\/wp\/v2\/types\/post"}],"author":[{"embeddable":true,"href":"https:\/\/www.europesays.com\/es\/wp-json\/wp\/v2\/users\/2"}],"replies":[{"embeddable":true,"href":"https:\/\/www.europesays.com\/es\/wp-json\/wp\/v2\/comments?post=319712"}],"version-history":[{"count":0,"href":"https:\/\/www.europesays.com\/es\/wp-json\/wp\/v2\/posts\/319712\/revisions"}],"wp:featuredmedia":[{"embeddable":true,"href":"https:\/\/www.europesays.com\/es\/wp-json\/wp\/v2\/media\/319713"}],"wp:attachment":[{"href":"https:\/\/www.europesays.com\/es\/wp-json\/wp\/v2\/media?parent=319712"}],"wp:term":[{"taxonomy":"category","embeddable":true,"href":"https:\/\/www.europesays.com\/es\/wp-json\/wp\/v2\/categories?post=319712"},{"taxonomy":"post_tag","embeddable":true,"href":"https:\/\/www.europesays.com\/es\/wp-json\/wp\/v2\/tags?post=319712"}],"curies":[{"name":"wp","href":"https:\/\/api.w.org\/{rel}","templated":true}]}}