{"id":319732,"date":"2026-01-02T20:51:09","date_gmt":"2026-01-02T20:51:09","guid":{"rendered":"https:\/\/www.europesays.com\/es\/319732\/"},"modified":"2026-01-02T20:51:09","modified_gmt":"2026-01-02T20:51:09","slug":"5-alimentos-desintoxicantes-ideales-para-resetear-tu-cuerpo-en-enero-accesibles-y-deliciosos","status":"publish","type":"post","link":"https:\/\/www.europesays.com\/es\/319732\/","title":{"rendered":"5 alimentos desintoxicantes ideales para resetear tu cuerpo en enero: accesibles y deliciosos"},"content":{"rendered":"<p>\u00bfBuscas <strong>alimentos desintoxicantes<\/strong>? El primer mes del a\u00f1o es perfecto para cuidarse despu\u00e9s de las fiestas, por eso conviene saber <strong>qu\u00e9 comer en enero<\/strong> para estar bien. <a href=\"https:\/\/www.glamour.mx\/articulos\/antojo-de-azucar-razones-por-las-que-siempre-quieres-postre-segun-expertos-en-nutricion\" rel=\"nofollow noopener\" target=\"_blank\">Entre cenas abundantes, postres<\/a> y platillos ricos en grasas, el cuerpo pide un respiro. Empieza el a\u00f1o con una dieta sana basada en las pautas que permiten recuperar energ\u00eda, mejorar la digesti\u00f3n y reforzar el sistema inmunitario, sometido a presi\u00f3n en plena temporada de gripe. Pero, \u00bfqu\u00e9 elegir para poner sobre la mesa desayunos nutritivos, almuerzos ligeros, tentempi\u00e9s saludables y alimentos desintoxicantes de temporada? En enero, esto es lo que hay que <strong>comer para empezar el a\u00f1o de forma saludable,<\/strong> seg\u00fan los nutricionistas.<\/p>\n<p>\u00bfPor qu\u00e9 enero es el mes ideal para empezar a comer sano?<\/p>\n<p>El nuevo a\u00f1o puede marcar <strong>un punto de ruptura con los viejos h\u00e1bitos alimentarios<\/strong>. El propio cuerpo, tras un largo periodo de excesos, requiere una atenci\u00f3n extra. \u00abEl primer mes del a\u00f1o es el momento ideal para centrarse en una dieta equilibrada, capaz de favorecer ante todo el equilibrio de la microbiota intestinal, que desempe\u00f1a un papel central en la salud general\u00bb, afirma la Dra. <strong>Valentina Schir\u00f2<\/strong>\u00ab. Se puede empezar con peque\u00f1os cambios, como <strong>beber m\u00e1s agua<\/strong>, aumentar el consumo de verdura y fruta y limitar la presencia de dulces, galletas y snacks en las comidas diarias\u00bb.<\/p>\n<p><img decoding=\"async\" alt=\"Mejora tu alimentaci\u00f3n desde enero\" loading=\"lazy\" class=\"ResponsiveImageContainer-eNxvmU cfBbTk responsive-image__image\"   src=\"https:\/\/www.europesays.com\/es\/wp-content\/uploads\/2026\/01\/alimentos-para-personas-autistas.jpg\"\/><\/p>\n<p>Getty Images.Getty Images<\/p>\n<p>5 alimentos desintoxicantes de temporada para incluir en tu dieta de enero<\/p>\n<p>Hay varios alimentos de temporada que ofrecen nutrientes esenciales. He aqu\u00ed cinco que no pueden faltar en los men\u00fas de estas fechas.<\/p>\n<p>Br\u00f3coli<\/p>\n<p>\u00abAportan vitaminas C y K, fibra y antioxidantes que refuerzan el sistema inmunitario y protegen las c\u00e9lulas del estr\u00e9s oxidativo. Tienen propiedades depurativas y digestivas, ideales tras los atracones festivos\u00bb.<\/p>\n<p>Naranjas<\/p>\n<p>Las naranjas ofrecen un conjunto de vitaminas de acci\u00f3n altamente antiinflamatoria, entre las que destacan la vitamina C y otros compuestos antioxidantes que protegen del estr\u00e9s oxidativo&#8217;<\/p>\n<p>Acelgas<\/p>\n<p>Son ricas en fibra, lo que favorece la digesti\u00f3n y la saciedad. Contienen vitaminas A, C y K y minerales como el calcio, que tambi\u00e9n es \u00fatil para el sistema inmunitario. Adem\u00e1s, tienen propiedades depurativas que ayudan a desintoxicar el organismo tras las vacaciones.<\/p>\n<p>Alcachofas<\/p>\n<p>Enero tambi\u00e9n es tiempo de alcachofas. \u00abEstas verduras de temporada aportan fibra aliada de la microbiota intestinal, polifenoles valiosos para la salud hep\u00e1tica y cinarina, que estimula la producci\u00f3n de bilis y favorece la digesti\u00f3n de las grasas. Tambi\u00e9n tienen un excelente efecto depurativo\u00bb.<\/p>\n<p>Kiwi<\/p>\n<p>\u00abEs muy rico en vitamina C, que refuerza el sistema inmunitario durante el invierno, y contiene fibras que facilitan la digesti\u00f3n\u00bb, dice la nutricionista Valentina Schir\u00f2. \u00abTiene propiedades antioxidantes y ayuda a combatir el cansancio postvacacional. Adem\u00e1s, es vers\u00e1til. Esta fruta puede comerse sola, en macedonia o batido para desayunos y meriendas nutritivos\u00bb.<\/p>\n","protected":false},"excerpt":{"rendered":"\u00bfBuscas alimentos desintoxicantes? El primer mes del a\u00f1o es perfecto para cuidarse despu\u00e9s de las fiestas, por eso&hellip;\n","protected":false},"author":2,"featured_media":319733,"comment_status":"","ping_status":"","sticky":false,"template":"","format":"standard","meta":{"footnotes":""},"categories":[92],"tags":[3214,7763,25,24,165,166,23],"class_list":{"0":"post-319732","1":"post","2":"type-post","3":"status-publish","4":"format-standard","5":"has-post-thumbnail","7":"category-salud","8":"tag-alimentacion","9":"tag-dietas","10":"tag-es","11":"tag-espana","12":"tag-health","13":"tag-salud","14":"tag-spain"},"share_on_mastodon":{"url":"https:\/\/pubeurope.com\/@es\/115827486525740325","error":""},"_links":{"self":[{"href":"https:\/\/www.europesays.com\/es\/wp-json\/wp\/v2\/posts\/319732","targetHints":{"allow":["GET"]}}],"collection":[{"href":"https:\/\/www.europesays.com\/es\/wp-json\/wp\/v2\/posts"}],"about":[{"href":"https:\/\/www.europesays.com\/es\/wp-json\/wp\/v2\/types\/post"}],"author":[{"embeddable":true,"href":"https:\/\/www.europesays.com\/es\/wp-json\/wp\/v2\/users\/2"}],"replies":[{"embeddable":true,"href":"https:\/\/www.europesays.com\/es\/wp-json\/wp\/v2\/comments?post=319732"}],"version-history":[{"count":0,"href":"https:\/\/www.europesays.com\/es\/wp-json\/wp\/v2\/posts\/319732\/revisions"}],"wp:featuredmedia":[{"embeddable":true,"href":"https:\/\/www.europesays.com\/es\/wp-json\/wp\/v2\/media\/319733"}],"wp:attachment":[{"href":"https:\/\/www.europesays.com\/es\/wp-json\/wp\/v2\/media?parent=319732"}],"wp:term":[{"taxonomy":"category","embeddable":true,"href":"https:\/\/www.europesays.com\/es\/wp-json\/wp\/v2\/categories?post=319732"},{"taxonomy":"post_tag","embeddable":true,"href":"https:\/\/www.europesays.com\/es\/wp-json\/wp\/v2\/tags?post=319732"}],"curies":[{"name":"wp","href":"https:\/\/api.w.org\/{rel}","templated":true}]}}