{"id":319740,"date":"2026-01-02T20:55:10","date_gmt":"2026-01-02T20:55:10","guid":{"rendered":"https:\/\/www.europesays.com\/es\/319740\/"},"modified":"2026-01-02T20:55:10","modified_gmt":"2026-01-02T20:55:10","slug":"un-terremoto-de-magnitud-65-sacude-el-centro-y-sur-de-mexico","status":"publish","type":"post","link":"https:\/\/www.europesays.com\/es\/319740\/","title":{"rendered":"Un terremoto de magnitud 6,5 sacude el centro y sur de M\u00e9xico"},"content":{"rendered":"<p><img fetchpriority=\"high\" decoding=\"async\" src=\"https:\/\/www.europesays.com\/es\/wp-content\/uploads\/2026\/01\/d84e6190-e7f3-11f0-bd80-5b82e99acd48.jpg.webp.webp\"   alt=\"Turistas en Acapulco abandonaron los lugares en los que se hospedaban tras el temblor.\" loading=\"eager\" width=\"1023\" height=\"575\" style=\"aspect-ratio:1023 \/ 575\" class=\"css-1seqhu9\"\/><\/p>\n<p class=\"css-by8ykd\" role=\"text\">Fuente de la imagen, Getty Images<\/p>\n<p>Pie de foto, Turistas en Acapulco abandonaron los lugares en los que se hospedaban tras el temblor.<strong id=\"article-byline\" aria-hidden=\"true\" class=\"css-2ozlq5\">Informaci\u00f3n del art\u00edculo<\/strong><\/p>\n<ul class=\"css-1dlgp3z\">\n<li class=\"css-1s1df59\">\n<ul role=\"list\" class=\"css-z50d25\">\n<li class=\"css-0\">Autor, Dar\u00edo Brooks<\/li>\n<li class=\"css-k1irjw\">T\u00edtulo del autor,  BBC News Mundo<\/li>\n<\/ul>\n<\/li>\n<li>2 enero 2026, 15:59 GMT\n<p>Actualizado 2 horas<\/p>\n<\/li>\n<li>\n<p>Tiempo de lectura: 3 min<\/p>\n<\/li>\n<\/ul>\n<p dir=\"ltr\" class=\"css-s4cjt0 e1yuyadm0\"><b>Un terremoto de magnitud 6,5 sacudi\u00f3 este viernes el centro y sur de  M\u00e9xico, seg\u00fan inform\u00f3 el Servicio Sismol\u00f3gico Nacional.<\/b><\/p>\n<p dir=\"ltr\" class=\"css-s4cjt0 e1yuyadm0\">El sismo, que ocurri\u00f3 a las 7.58 hora local (13.58 GMT), tuvo su epicentro frente a las costas del estado de Guerrero, en el Pac\u00edfico, pero sus efectos se dejaron sentir en la capital mexicana, donde sonaron las alarmas s\u00edsmicas.<\/p>\n<p dir=\"ltr\" class=\"css-s4cjt0 e1yuyadm0\">Seg\u00fan inform\u00f3 la agencia EFE, en un primer momento no se reportaron da\u00f1os materiales graves o p\u00e9rdidas humanas, aunque horas despu\u00e9s del sismo la alcald\u00eda de Benito Ju\u00e1rez report\u00f3 la muerte de un hombre de 60 a\u00f1os que tropez\u00f3 mientras evacuaba su departamento.<\/p>\n<p dir=\"ltr\" class=\"css-s4cjt0 e1yuyadm0\">La presidenta de M\u00e9xico, Claudia Sheinbaum, estaba en su habitual rueda de prensa matutina con periodistas cuando pidi\u00f3 a todos los presentes que evacuaran tras sonar la alerta s\u00edsmica.<\/p>\n<p dir=\"ltr\" class=\"css-s4cjt0 e1yuyadm0\">Al regresar al recinto, la mandataria dijo que hab\u00eda logrado hablar con la gobernadora de Guerrero, Evelyn Salgado, \u00aby est\u00e1n citando al Consejo de Protecci\u00f3n Civil y hasta ahora parece que no hay da\u00f1os graves\u00bb.<\/p>\n<p><img decoding=\"async\" src=\"https:\/\/www.europesays.com\/es\/wp-content\/uploads\/2026\/01\/63e92ed0-e7f7-11f0-b67b-690eb873de1b.jpg.webp.webp\"   alt=\"Claudia Sheinbaum durante la ma\u00f1anera, empieza a evacuar\" loading=\"lazy\" width=\"2304\" height=\"1536\" style=\"aspect-ratio:2304 \/ 1536\" class=\"css-1seqhu9\"\/><\/p>\n<p class=\"css-by8ykd\" role=\"text\">Fuente de la imagen, EPA<\/p>\n<p>Pie de foto, La presidenta de M\u00e9xico Claudia Sheinbaum estaba dando su rueda de prensa ma\u00f1anera cuando empez\u00f3 el terremoto<\/p>\n<p>Escenas de miedo<\/p>\n<p dir=\"ltr\" class=\"css-s4cjt0 e1yuyadm0\">La agencia de noticias Reuters inform\u00f3 que el terremoto dispar\u00f3 la alerta s\u00edsmica en Ciudad de M\u00e9xico y en el Estado de M\u00e9xico, por lo que miles de personas salieron a las calles por miedo a que se produjeran derrumbes.<\/p>\n<p dir=\"ltr\" class=\"css-s4cjt0 e1yuyadm0\">Las autoridades en la capital hicieron un sobrevuelo con helic\u00f3pteros en el cual no se detectaron mayores afectaciones, aunque varias colonias permanec\u00edan sin luz horas despu\u00e9s del temblor. <\/p>\n<p dir=\"ltr\" class=\"css-s4cjt0 e1yuyadm0\">La alcaldesa de CDMX, Clara Brugada, dijo despu\u00e9s que hasta el momento se han reportado 12 personas lesionadas, se evaluaron dos estructuras por riesgo de colapso y de manera preventiva se inspeccionaron 34 edificios y 5 casas habitaci\u00f3n.<\/p>\n<p dir=\"ltr\" class=\"css-s4cjt0 e1yuyadm0\">Por otro lado, usuarios de redes sociales han reportado diversos deslaves autopista Cuernavaca-Acapulco.<\/p>\n<p dir=\"ltr\" class=\"css-s4cjt0 e1yuyadm0\">Seg\u00fan el Servicio Sismol\u00f3gico Nacional de M\u00e9xico, se han presentado hasta el momento 151 r\u00e9plicas del movimiento, la m\u00e1s fuerte siendo de magnitud 4,2.<\/p>\n<p><img decoding=\"async\" src=\"https:\/\/www.europesays.com\/es\/wp-content\/uploads\/2026\/01\/d62e43e0-e7f7-11f0-b67b-690eb873de1b.jpg.webp.webp\"   alt=\"Un hombre en toalla en la mitad de la calle mientras detr\u00e1s pasa un recolector de cart\u00f3n\" loading=\"lazy\" width=\"1024\" height=\"683\" style=\"aspect-ratio:1024 \/ 683\" class=\"css-1seqhu9\"\/><\/p>\n<p class=\"css-by8ykd\" role=\"text\">Fuente de la imagen, Getty Images<\/p>\n<p>Pie de foto, Un hombre en toalla en la mitad de la calle tras producirse en terremoto.<img decoding=\"async\" src=\"https:\/\/www.europesays.com\/es\/wp-content\/uploads\/2026\/01\/9d6f84d0-e804-11f0-a8dc-93c15fe68710.png.webp.webp\"   alt=\"Imagen de un veh\u00edculo que fue impactado por la ca\u00edda de un \u00e1rbol.\" loading=\"lazy\" width=\"1187\" height=\"777\" style=\"aspect-ratio:1187 \/ 777\" class=\"css-1seqhu9\"\/><\/p>\n<p class=\"css-by8ykd\" role=\"text\">Fuente de la imagen, EPA<\/p>\n<p>Pie de foto, Imagen de un veh\u00edculo que fue impactado por la ca\u00edda de un \u00e1rbol.<img decoding=\"async\" src=\"https:\/\/www.europesays.com\/es\/wp-content\/uploads\/2025\/07\/c8beb280-fb45-11ee-8369-47dc4454b972.png.webp.webp\"   alt=\"L\u00ednea gris\" loading=\"lazy\" width=\"800\" height=\"100\" style=\"aspect-ratio:800 \/ 100\" class=\"css-1seqhu9\"\/><\/p>\n<p dir=\"ltr\" class=\"css-s4cjt0 e1yuyadm0\"><a href=\"https:\/\/www.bbc.com\/mundo\/send\/u184973209\" class=\"focusIndicatorReducedWidth css-n8oauk e1h2ur550\" rel=\"nofollow noopener\" target=\"_blank\">Suscr\u00edbete aqu\u00ed<\/a> a nuestro nuevo newsletter para recibir cada viernes una selecci\u00f3n de nuestro mejor contenido de la semana.<\/p>\n<p dir=\"ltr\" class=\"css-s4cjt0 e1yuyadm0\">Y recuerda que puedes recibir notificaciones en nuestra app. Descarga la \u00faltima versi\u00f3n y act\u00edvalas.<\/p>\n","protected":false},"excerpt":{"rendered":"Fuente de la imagen, Getty Images Pie de foto, Turistas en Acapulco abandonaron los lugares en los que&hellip;\n","protected":false},"author":2,"featured_media":319741,"comment_status":"","ping_status":"","sticky":false,"template":"","format":"standard","meta":{"footnotes":""},"categories":[42],"tags":[17,18,13,14,11,61,62,63,64,19,20,9,10,15,16,12,21,22,65,66,67],"class_list":{"0":"post-319740","1":"post","2":"type-post","3":"status-publish","4":"format-standard","5":"has-post-thumbnail","7":"category-internacional","8":"tag-breaking-news","9":"tag-breakingnews","10":"tag-featured-news","11":"tag-featurednews","12":"tag-headlines","13":"tag-internacional","14":"tag-international","15":"tag-international-news","16":"tag-internationalnews","17":"tag-latest-news","18":"tag-latestnews","19":"tag-news","20":"tag-noticias","21":"tag-noticias-destacadas","22":"tag-noticiasdestacadas","23":"tag-titulares","24":"tag-ultimas-noticias","25":"tag-ultimasnoticias","26":"tag-world","27":"tag-world-news","28":"tag-worldnews"},"share_on_mastodon":{"url":"https:\/\/pubeurope.com\/@es\/115827502348568260","error":""},"_links":{"self":[{"href":"https:\/\/www.europesays.com\/es\/wp-json\/wp\/v2\/posts\/319740","targetHints":{"allow":["GET"]}}],"collection":[{"href":"https:\/\/www.europesays.com\/es\/wp-json\/wp\/v2\/posts"}],"about":[{"href":"https:\/\/www.europesays.com\/es\/wp-json\/wp\/v2\/types\/post"}],"author":[{"embeddable":true,"href":"https:\/\/www.europesays.com\/es\/wp-json\/wp\/v2\/users\/2"}],"replies":[{"embeddable":true,"href":"https:\/\/www.europesays.com\/es\/wp-json\/wp\/v2\/comments?post=319740"}],"version-history":[{"count":0,"href":"https:\/\/www.europesays.com\/es\/wp-json\/wp\/v2\/posts\/319740\/revisions"}],"wp:featuredmedia":[{"embeddable":true,"href":"https:\/\/www.europesays.com\/es\/wp-json\/wp\/v2\/media\/319741"}],"wp:attachment":[{"href":"https:\/\/www.europesays.com\/es\/wp-json\/wp\/v2\/media?parent=319740"}],"wp:term":[{"taxonomy":"category","embeddable":true,"href":"https:\/\/www.europesays.com\/es\/wp-json\/wp\/v2\/categories?post=319740"},{"taxonomy":"post_tag","embeddable":true,"href":"https:\/\/www.europesays.com\/es\/wp-json\/wp\/v2\/tags?post=319740"}],"curies":[{"name":"wp","href":"https:\/\/api.w.org\/{rel}","templated":true}]}}