{"id":319744,"date":"2026-01-02T20:57:19","date_gmt":"2026-01-02T20:57:19","guid":{"rendered":"https:\/\/www.europesays.com\/es\/319744\/"},"modified":"2026-01-02T20:57:19","modified_gmt":"2026-01-02T20:57:19","slug":"convocado-el-proceso-selectivo-para-cubrir-97-plazas-para-trabajar-como-tecnico-de-la-administracion-de-la-seguridad-social-revista-seguridad-social","status":"publish","type":"post","link":"https:\/\/www.europesays.com\/es\/319744\/","title":{"rendered":"Convocado el proceso selectivo para cubrir 97 plazas para trabajar como T\u00e9cnico de la Administraci\u00f3n de la Seguridad Social &#8211; Revista Seguridad Social"},"content":{"rendered":"<ol>\n<li><a href=\"https:\/\/news.google.com\/rss\/articles\/CBMi-AFBVV95cUxOOUIxby1adXJyV1Z2dlE0bi1raTBOdXFCRHdETHg5dTJ6SkdEMmhWZUUwcVNZUnZybk5lOElvQzBCenRQUmJJUUxpS2g5c3NEQkpiVGJ2MjBPRkpBSlpPTktJVWFPNmlGLXBJMkIzaUdONjEyZGNIWS1raHRQS1N4R01sdWRub1pTSmk0QXNhdVBYTW1OcWQzVl9FSzhOVUhwWGljX19zejZVVTAybVVqdFB1SG9qTkVUY0tBdEpmUnVlVTRBc2VPMHFkMFJqYkhmMTFpZDJreHJlYjZGeDBXMi1pWnhJUmxyZ0VjbDhud01CSWV0WWRUYw?oc=5\" target=\"_blank\" rel=\"nofollow noopener\">Convocado el proceso selectivo para cubrir 97 plazas para trabajar como T\u00e9cnico de la Administraci\u00f3n de la Seguridad Social<\/a>&nbsp;&nbsp;Revista Seguridad Social<\/li>\n<li><a href=\"https:\/\/news.google.com\/rss\/articles\/CBMiqAFBVV95cUxQM3lkQVBhZFFEM2JvMFYxN1FwU010UWFNSE9DZllQNHQ3Qzg5WHlXOXhLd1ItRjZJYTNqbUlhU0lVdGtQVEgyLWdnUDRuTFIzUi1RU043ekRBX2NLVU8zQ2xObV83X2ZRaXlBc1FjZ3FDd0t2NmV6X0h5SmdDdUhiT1pXVVNodzl1LWNfYVNZaF82cGVpX21qX2xnaUNSQk0wV0loTnh5UkY?oc=5\" target=\"_blank\" rel=\"nofollow noopener\">El BOE confirma m\u00e1s de 2.000 plazas de oposiciones para Hacienda, Trabajo y Seguridad Social: requisitos y c\u00f3mo inscribirse<\/a>&nbsp;&nbsp;ABC<\/li>\n<li><a href=\"https:\/\/news.google.com\/rss\/articles\/CBMivwFBVV95cUxNVFcyelBvbFd4eXVlaVcwZG8tOG9FbzlyTlZkY3pGR3NOMmhFLThYbWxjVVN2ZXJuNjJxUU9KYmdHR1EyVEE0S2tFRGFBb0l5R1ctVVRBQ0hlNjlpZnNxbXR4eXNCVlFRWFlUSlRKTmVRemptZGZhWHVfemxpNUtWSU1CQUNjTU5BU05McnFqQmxKczFVdHNGeHlXcXBuQnJNT1VTcnM2RWZSUzduR0ZWWlRXM3R3QWxZOHpFU1F5WQ?oc=5\" target=\"_blank\" rel=\"nofollow noopener\">Hacienda convoca m\u00e1s de 1.000 plazas para diferentes cuerpos y personal laboral<\/a>&nbsp;&nbsp;EL PA\u00cdS<\/li>\n<li><a href=\"https:\/\/news.google.com\/rss\/articles\/CBMiwAFBVV95cUxNamtWeDlLNFZLbU5QbFA1dmFDZWxmZUlSZDdjOFN5aGVFWGU1YXJRSmpoR182SF9PS2FXUmpMOUJudDkyRDNISEFtSG1mcHdjVGZ5cnV5T2ZJZ2NUaklhQnVfcERKTS03bXVhZ2lVcExkbEhQS1RXNVJNaTlhOFhGWkhCRGtwMk5PZ1ZmRFBWcEM4UDMtTkYxNi1LUUhiTVBrWXRFLTgyNUwyTUdWeTdFMTR5REJWM1k5YkJ2dEpjT1g?oc=5\" target=\"_blank\" rel=\"nofollow noopener\">Hacienda, Trabajo y Seguridad Social convocan oposiciones para cubrir m\u00e1s de 2.100 plazas<\/a>&nbsp;&nbsp;elDiario.es<\/li>\n<li><a href=\"https:\/\/news.google.com\/rss\/articles\/CBMi1wFBVV95cUxORWpuaTg4MkZTbW1vcnZ5TUlueUhYV203c0xLUTRWd3VOU01OT1hoQUFGQlFic0lUcWhoNDJVbUg0b0YyWW5BRFJkZnhrYjUwT0hUYnZBX0FKS1Riai01Zmx5cll1QUpIUGNBMVFybHV3N1NybllpZ1hiSW9hZ3RMXzVuTEUtbVZYbjQtcW9tVlBfZi03My1Wc1RBMmlkTHk3YUtxX3A4VmVCUXRvMWx0RVh4Mk1NQXhzVHNGQ2oxNHpkTlNHRFpqdHA2empjQzVoZTRWM0FLY9IB3AFBVV95cUxNVFM5cTY5bUVQWWsxT1RRNmdSa3lrQmdHWjIzWURJVV9pak0zM1dwN2hmeXJ1c2J5Q1V0Yk9KT3B0MXNRN3R6R251Um9VOF9qakg3bE5NTFJFSDRVRkVMdVpES2lQbnRYRGpKSkJaUmpKcmI4M3V4alpwRzdNWmltTnhFb2VVQURqZmZGRFBqWWdKWEVkNkJBSHBNV1l5c1FrMXhmc1U5Nm5yRVFyRF8wRUprbjBvb1hIUkVGNTlRb2ZJNjR2M2plR3lhMWZJdzVnQVhYS1NKaTdFS1FS?oc=5\" target=\"_blank\" rel=\"nofollow noopener\">Confirmado por el BOE: as\u00ed puedes acceder a las m\u00e1s de 2.000 plazas en Espa\u00f1a para Hacienda, Trabajo y Seguridad Social<\/a>&nbsp;&nbsp;El Confidencial<\/li>\n<\/ol>\n","protected":false},"excerpt":{"rendered":"Convocado el proceso selectivo para cubrir 97 plazas para trabajar como T\u00e9cnico de la Administraci\u00f3n de la Seguridad&hellip;\n","protected":false},"author":2,"featured_media":297172,"comment_status":"","ping_status":"","sticky":false,"template":"","format":"standard","meta":{"footnotes":""},"categories":[5],"tags":[17,18,25,24,13,14,11,19,20,9,10,15,16,23,12,21,22],"class_list":{"0":"post-319744","1":"post","2":"type-post","3":"status-publish","4":"format-standard","5":"has-post-thumbnail","7":"category-titulares","8":"tag-breaking-news","9":"tag-breakingnews","10":"tag-es","11":"tag-espana","12":"tag-featured-news","13":"tag-featurednews","14":"tag-headlines","15":"tag-latest-news","16":"tag-latestnews","17":"tag-news","18":"tag-noticias","19":"tag-noticias-destacadas","20":"tag-noticiasdestacadas","21":"tag-spain","22":"tag-titulares","23":"tag-ultimas-noticias","24":"tag-ultimasnoticias"},"share_on_mastodon":{"url":"https:\/\/pubeurope.com\/@es\/115827510040884172","error":""},"_links":{"self":[{"href":"https:\/\/www.europesays.com\/es\/wp-json\/wp\/v2\/posts\/319744","targetHints":{"allow":["GET"]}}],"collection":[{"href":"https:\/\/www.europesays.com\/es\/wp-json\/wp\/v2\/posts"}],"about":[{"href":"https:\/\/www.europesays.com\/es\/wp-json\/wp\/v2\/types\/post"}],"author":[{"embeddable":true,"href":"https:\/\/www.europesays.com\/es\/wp-json\/wp\/v2\/users\/2"}],"replies":[{"embeddable":true,"href":"https:\/\/www.europesays.com\/es\/wp-json\/wp\/v2\/comments?post=319744"}],"version-history":[{"count":0,"href":"https:\/\/www.europesays.com\/es\/wp-json\/wp\/v2\/posts\/319744\/revisions"}],"wp:featuredmedia":[{"embeddable":true,"href":"https:\/\/www.europesays.com\/es\/wp-json\/wp\/v2\/media\/297172"}],"wp:attachment":[{"href":"https:\/\/www.europesays.com\/es\/wp-json\/wp\/v2\/media?parent=319744"}],"wp:term":[{"taxonomy":"category","embeddable":true,"href":"https:\/\/www.europesays.com\/es\/wp-json\/wp\/v2\/categories?post=319744"},{"taxonomy":"post_tag","embeddable":true,"href":"https:\/\/www.europesays.com\/es\/wp-json\/wp\/v2\/tags?post=319744"}],"curies":[{"name":"wp","href":"https:\/\/api.w.org\/{rel}","templated":true}]}}