{"id":319753,"date":"2026-01-02T21:07:08","date_gmt":"2026-01-02T21:07:08","guid":{"rendered":"https:\/\/www.europesays.com\/es\/319753\/"},"modified":"2026-01-02T21:07:08","modified_gmt":"2026-01-02T21:07:08","slug":"el-emocionante-viaje-de-jazmine-y-alexandre-grimaldi-a-hollywood-para-descubrir-los-secretos-de-su-abuela-la-eterna-grace-kelly","status":"publish","type":"post","link":"https:\/\/www.europesays.com\/es\/319753\/","title":{"rendered":"El emocionante viaje de Jazmine y Alexandre Grimaldi a Hollywood para descubrir los secretos de su abuela, la eterna Grace Kelly"},"content":{"rendered":"<p id=\"et9eitio_5\" data-wc=\"107\"><strong>Jazmine y Alexandre Grimaldi<\/strong> han vivido juntos una experiencia de lo m\u00e1s emocionante en el plano personal, un viaje que les ha hecho recordar el eterno legado que dej\u00f3 una de las actrices y princesas m\u00e1s legendarias de la historia: <strong>su abuela, Grace Kelly.<\/strong> Aprovechando las vacaciones navide\u00f1as, los dos j\u00f3venes de 33 y 22 a\u00f1os respectivamente han querido conocer en persona los secretos que esconde la figura de la m\u00edtica int\u00e9rprete. Para ello, pon\u00edan rumbo a uno de los lugares m\u00e1s emblem\u00e1ticos de Hollywood (Los \u00c1ngeles, California), donde la estrella desempe\u00f1\u00f3 buena parte de su exitosa e inolvidable carrera antes de contraer matrimonio con Rainiero III.<\/p>\n<p> <img src=\"https:\/\/www.europesays.com\/es\/wp-content\/uploads\/2026\/01\/613351c6a5ae-60883683218552522004053285666117349846810245n.jpg\"   width=\"768\" height=\"1024\" loading=\"lazy\" decoding=\"async\" alt=\"Jazmine y Alexandre Grimaldi, en Hollywood\" fetchpriority=\"auto\" class=\"image ho-image\"\/>\u00a9 jazmingrimaldiJazmine y Alexandre Grimaldi, en Hollywood<\/p>\n<p id=\"eKagDs_yiG2\" data-wc=\"88\"><strong>\u00a0\u00abHemos podido ver su camerino y los sets de rodaje donde grab\u00f3 algunas de sus pel\u00edculas m\u00e1s ic\u00f3nicas\u00bb<\/strong>, contaba en sus redes sociales la hija mayor del pr\u00edncipe Alberto de M\u00f3naco, tras la visita que ella y su hermano han hecho a los estudios de Paramount Pictures. Se refer\u00eda as\u00ed a t\u00edtulos tan importantes de la historia del s\u00e9ptimo arte como son La ventana indiscreta, Crimen perfecto o Atrapa a un ladr\u00f3n, los tres dirigidos en la d\u00e9cada de los cincuenta por el maestro del suspense, Alfred Hitchcock.\u00a0<\/p>\n<p> <img src=\"https:\/\/www.europesays.com\/es\/wp-content\/uploads\/2026\/01\/59859cace615-609207982185525219950532852653943269180406504n.jpg\"   width=\"768\" height=\"1024\" loading=\"lazy\" decoding=\"async\" alt=\"La hija mayor de Alberto de M\u00f3naco ha visitado con su hermano los estudios de la Paramount\" fetchpriority=\"auto\" class=\"image ho-image\"\/>\u00a9 jazmingrimaldiLa hija mayor de Alberto de M\u00f3naco ha visitado con su hermano los estudios de la Paramount<\/p>\n<p id=\"eAAQHG1Bo8\" data-wc=\"106\"><strong>\u00abHa sido un momento muy especial para m\u00ed\u00bb<\/strong>, confesaba Jazmin, cuyo segundo nombre es precisamente Grace en honor a la mujer que brill\u00f3 con luz propia en la meca del cine. \u00abAunque nunca pudimos conocernos en vida, siento una conexi\u00f3n espiritual con ella\u00bb, se\u00f1alaba a continuaci\u00f3n, a\u00f1adiendo que su paso por este sitio le ha servido sobre todo para indagar m\u00e1s en sus ra\u00edces. Es m\u00e1s, asegura que para ella ha supuesto tambi\u00e9n un \u00abhermoso impulso\u00bb de cara al 2026 que acaba de arrancar, donde seguir\u00e1 intentando hacerse un hueco en el mundo del espect\u00e1culo por su deseo de ser tambi\u00e9n una actriz y cantante reconocida.<\/p>\n<p> <img src=\"https:\/\/www.europesays.com\/es\/wp-content\/uploads\/2026\/01\/6231f6f8ab37-gettyimages-1366731789.jpg\"   width=\"819\" height=\"1024\" loading=\"lazy\" decoding=\"async\" alt=\"Grace Kelly, en una imagen de archivo\" fetchpriority=\"auto\" class=\"image ho-image\"\/>\u00a9 Getty ImagesGrace Kelly, en una imagen de archivo<\/p>\n<p id=\"esEwyJoTIyB\" data-wc=\"101\">Cabe recordar que la joven naci\u00f3 en 1992 fruto del fugaz romance del actual jefe de Estado monegasco <a class=\"hm-link ho-link\" href=\"https:\/\/www.hola.com\/actualidad\/20221028219951\/asi-es-la-madre-de-jazmin-grace-grimaldi-tamara-jean-rotolo\/\" data-mrf-recirculation=\"article-body-link\" rel=\"nofollow noopener\" target=\"_blank\">con Tamara Rotolo<\/a>, y no fue reconocida por este hasta 2006. Alexandre, por su parte, vino al mundo m\u00e1s una d\u00e9cada despu\u00e9s tras el breve idilio de Alberto II con <a class=\"hm-link ho-link\" href=\"https:\/\/www.hola.com\/realeza\/casa_monaco\/20220127203577\/nicole-coste-madre-hijo-principe-alberto-protagonism\/\" data-mrf-recirculation=\"article-body-link\" rel=\"nofollow noopener\" target=\"_blank\">la azafata Nicole Coste<\/a>, y est\u00e1 plenamente integrado en la vida del Principado. De hecho, se lleva de maravilla con su prima, Pauline Ducruet, ya que ambos comparten su pasi\u00f3n por la moda. De hecho, aunque estudia empresariales en Reino Unido, ha sido ya embajador de marcas de lujo en diversas campa\u00f1as publicitarias.<\/p>\n","protected":false},"excerpt":{"rendered":"Jazmine y Alexandre Grimaldi han vivido juntos una experiencia de lo m\u00e1s emocionante en el plano personal, un&hellip;\n","protected":false},"author":2,"featured_media":319754,"comment_status":"","ping_status":"","sticky":false,"template":"","format":"standard","meta":{"footnotes":""},"categories":[174],"tags":[255,146,147,25,24,256,59652,74533,1027,17329,23],"class_list":{"0":"post-319753","1":"post","2":"type-post","3":"status-publish","4":"format-standard","5":"has-post-thumbnail","7":"category-famosos","8":"tag-celebrities","9":"tag-entertainment","10":"tag-entretenimiento","11":"tag-es","12":"tag-espana","13":"tag-famosos","14":"tag-grace-kelly","15":"tag-jazmin-grace-grimaldi","16":"tag-realeza","17":"tag-realeza-monaco","18":"tag-spain"},"share_on_mastodon":{"url":"https:\/\/pubeurope.com\/@es\/115827549373054414","error":""},"_links":{"self":[{"href":"https:\/\/www.europesays.com\/es\/wp-json\/wp\/v2\/posts\/319753","targetHints":{"allow":["GET"]}}],"collection":[{"href":"https:\/\/www.europesays.com\/es\/wp-json\/wp\/v2\/posts"}],"about":[{"href":"https:\/\/www.europesays.com\/es\/wp-json\/wp\/v2\/types\/post"}],"author":[{"embeddable":true,"href":"https:\/\/www.europesays.com\/es\/wp-json\/wp\/v2\/users\/2"}],"replies":[{"embeddable":true,"href":"https:\/\/www.europesays.com\/es\/wp-json\/wp\/v2\/comments?post=319753"}],"version-history":[{"count":0,"href":"https:\/\/www.europesays.com\/es\/wp-json\/wp\/v2\/posts\/319753\/revisions"}],"wp:featuredmedia":[{"embeddable":true,"href":"https:\/\/www.europesays.com\/es\/wp-json\/wp\/v2\/media\/319754"}],"wp:attachment":[{"href":"https:\/\/www.europesays.com\/es\/wp-json\/wp\/v2\/media?parent=319753"}],"wp:term":[{"taxonomy":"category","embeddable":true,"href":"https:\/\/www.europesays.com\/es\/wp-json\/wp\/v2\/categories?post=319753"},{"taxonomy":"post_tag","embeddable":true,"href":"https:\/\/www.europesays.com\/es\/wp-json\/wp\/v2\/tags?post=319753"}],"curies":[{"name":"wp","href":"https:\/\/api.w.org\/{rel}","templated":true}]}}