{"id":319768,"date":"2026-01-02T21:18:07","date_gmt":"2026-01-02T21:18:07","guid":{"rendered":"https:\/\/www.europesays.com\/es\/319768\/"},"modified":"2026-01-02T21:18:07","modified_gmt":"2026-01-02T21:18:07","slug":"la-nueva-narrativa-que-mexico-necesita-para-fortalecer-a-las-mipymes-y-el","status":"publish","type":"post","link":"https:\/\/www.europesays.com\/es\/319768\/","title":{"rendered":"La nueva narrativa que M\u00e9xico necesita para fortalecer a las mipymes y el"},"content":{"rendered":"<p><img fetchpriority=\"high\" decoding=\"async\" width=\"683\" height=\"1024\" src=\"https:\/\/www.europesays.com\/es\/wp-content\/uploads\/2026\/01\/Juan-Jose-Sierra-Alvarez-683x1024.png\" alt=\"\" class=\"wp-image-108972\" style=\"aspect-ratio:0.6669972838526567;width:304px;height:auto\"  \/><\/p>\n<p><strong>Art\u00edculo de Opini\u00f3n\u00a0escrito por\u00a0Juan Jos\u00e9 Sierra \u00c1lvarez,\u00a0Presidente Nacional de COPARMEX\u00a0|\u00a0V\u00eda:<\/strong>\u00a0<a href=\"https:\/\/x.com\/Excelsior\" rel=\"nofollow\"><strong>@Excelsior<\/strong><\/a><\/p>\n<p><strong>X:<\/strong><a href=\"https:\/\/x.com\/jsierraalvarez\" rel=\"nofollow\">@jsierraalvarez<\/a><\/p>\n<p>Las micro, peque\u00f1as y medianas empresas en M\u00e9xico crecen cuesta arriba. Innovan, emprenden, arriesgan capital y generan empleo en un entorno que suele exigirles m\u00e1s de lo que acompa\u00f1a.<\/p>\n<p>Las mipymes no son una categor\u00eda econ\u00f3mica: son el coraz\u00f3n productivo y social del pa\u00eds. En ellas se genera m\u00e1s de\u00a0\u00a071% del empleo, se sostienen millones de hogares y se construye movilidad social en regiones donde muchas veces no llegan otras oportunidades.<\/p>\n<p>Fortalecerlas no puede entenderse como un programa aislado ni como una pol\u00edtica coyuntural. Es una decisi\u00f3n estrat\u00e9gica de desarrollo. Cuando una mipyme crece, se formaliza y se integra a cadenas de valor, no s\u00f3lo mejora su productividad: fortalece el empleo formal, ampl\u00eda la base econ\u00f3mica y reduce desigualdades de manera sostenida.<\/p>\n<p>Sin embargo, el camino para lograrlo sigue lleno de obst\u00e1culos. Informalidad, bajo acceso a financiamiento, rezagos tecnol\u00f3gicos, tr\u00e1mites excesivos y escasa vinculaci\u00f3n con mercados nacionales e internacionales contin\u00faan limitando su potencial. Cambiar esta realidad exige algo m\u00e1s profundo que ajustes marginales: requiere una nueva narrativa y, sobre todo, herramientas que funcionen.<\/p>\n<p>Por eso en Coparmex creamos la Feria Internacional de Innovaci\u00f3n y Emprendimiento (FIIE), un espacio que traduce esa visi\u00f3n en acci\u00f3n. No es un escaparate ni un evento simb\u00f3lico. Es un punto de encuentro donde se articulan emprendedores, empresas, inversionistas, instituciones p\u00fablicas y aliados internacionales para resolver, en concreto, los retos del crecimiento empresarial.<\/p>\n<p>Las cifras hablan de su alcance, pero su verdadero valor est\u00e1 en lo que provoca: capacitaci\u00f3n aplicada, acceso a conocimiento experto, vinculaci\u00f3n con cadenas de valor y decisiones que se convierten en oportunidades reales. La FIIE demuestra que cuando se conectan capacidades, el talento encuentra caminos.<\/p>\n<p>La edici\u00f3n 2026, que se realizar\u00e1 el 11 y 12 de febrero en el World Trade Center de la Ciudad de M\u00e9xico, con acceso gratuito, dar\u00e1 un paso m\u00e1s. A la experiencia presencial se suma el lanzamiento de Crece Mi Negocio, una plataforma que convierte este esfuerzo en un ecosistema permanente.<\/p>\n<p>Con inteligencia artificial, diagn\u00f3stico inicial y rutas personalizadas, acompa\u00f1ar\u00e1 a los empresarios durante todo el a\u00f1o, sin importar la etapa en la que se encuentre su empresa.<\/p>\n<p>Nada de esto ser\u00e1 suficiente sin condiciones habilitantes. La seguridad, el Estado de derecho y el acceso competitivo a la energ\u00eda siguen siendo pilares indispensables para que las mipymes puedan planear, invertir y generar empleo. Sin reglas claras y entornos seguros, el esfuerzo empresarial se vuelve vulnerable.<\/p>\n<p>La conversaci\u00f3n sobre el futuro de las mipymes est\u00e1 evolucionando. Hoy sabemos que no basta con reconocer su importancia; hay que respaldarlas con pol\u00edticas, plataformas y colaboraci\u00f3n real. La FIIE es una expresi\u00f3n concreta de esa convicci\u00f3n.<\/p>\n<p>Si queremos un M\u00e9xico mejor, m\u00e1s productivo y m\u00e1s justo, no podemos dejar solas a las mipymes. Fortalecerlas es fortalecer el empleo formal, el desarrollo regional y el futuro econ\u00f3mico del pa\u00eds.<\/p>\n","protected":false},"excerpt":{"rendered":"Art\u00edculo de Opini\u00f3n\u00a0escrito por\u00a0Juan Jos\u00e9 Sierra \u00c1lvarez,\u00a0Presidente Nacional de COPARMEX\u00a0|\u00a0V\u00eda:\u00a0@Excelsior X:@jsierraalvarez Las micro, peque\u00f1as y medianas empresas en&hellip;\n","protected":false},"author":2,"featured_media":319769,"comment_status":"","ping_status":"","sticky":false,"template":"","format":"standard","meta":{"footnotes":""},"categories":[42],"tags":[17,18,13,14,11,61,62,63,64,19,20,9,10,15,16,12,21,22,65,66,67],"class_list":{"0":"post-319768","1":"post","2":"type-post","3":"status-publish","4":"format-standard","5":"has-post-thumbnail","7":"category-internacional","8":"tag-breaking-news","9":"tag-breakingnews","10":"tag-featured-news","11":"tag-featurednews","12":"tag-headlines","13":"tag-internacional","14":"tag-international","15":"tag-international-news","16":"tag-internationalnews","17":"tag-latest-news","18":"tag-latestnews","19":"tag-news","20":"tag-noticias","21":"tag-noticias-destacadas","22":"tag-noticiasdestacadas","23":"tag-titulares","24":"tag-ultimas-noticias","25":"tag-ultimasnoticias","26":"tag-world","27":"tag-world-news","28":"tag-worldnews"},"share_on_mastodon":{"url":"","error":""},"_links":{"self":[{"href":"https:\/\/www.europesays.com\/es\/wp-json\/wp\/v2\/posts\/319768","targetHints":{"allow":["GET"]}}],"collection":[{"href":"https:\/\/www.europesays.com\/es\/wp-json\/wp\/v2\/posts"}],"about":[{"href":"https:\/\/www.europesays.com\/es\/wp-json\/wp\/v2\/types\/post"}],"author":[{"embeddable":true,"href":"https:\/\/www.europesays.com\/es\/wp-json\/wp\/v2\/users\/2"}],"replies":[{"embeddable":true,"href":"https:\/\/www.europesays.com\/es\/wp-json\/wp\/v2\/comments?post=319768"}],"version-history":[{"count":0,"href":"https:\/\/www.europesays.com\/es\/wp-json\/wp\/v2\/posts\/319768\/revisions"}],"wp:featuredmedia":[{"embeddable":true,"href":"https:\/\/www.europesays.com\/es\/wp-json\/wp\/v2\/media\/319769"}],"wp:attachment":[{"href":"https:\/\/www.europesays.com\/es\/wp-json\/wp\/v2\/media?parent=319768"}],"wp:term":[{"taxonomy":"category","embeddable":true,"href":"https:\/\/www.europesays.com\/es\/wp-json\/wp\/v2\/categories?post=319768"},{"taxonomy":"post_tag","embeddable":true,"href":"https:\/\/www.europesays.com\/es\/wp-json\/wp\/v2\/tags?post=319768"}],"curies":[{"name":"wp","href":"https:\/\/api.w.org\/{rel}","templated":true}]}}