{"id":319770,"date":"2026-01-02T21:19:25","date_gmt":"2026-01-02T21:19:25","guid":{"rendered":"https:\/\/www.europesays.com\/es\/319770\/"},"modified":"2026-01-02T21:19:25","modified_gmt":"2026-01-02T21:19:25","slug":"feijoo-entrega-a-la-jueza-sus-mensajes-con-mazon-del-dia-de-la-dana-lleva-la-iniciativa-de-comunicacion-es-la-clave-espana","status":"publish","type":"post","link":"https:\/\/www.europesays.com\/es\/319770\/","title":{"rendered":"Feij\u00f3o entrega a la jueza sus mensajes con Maz\u00f3n del d\u00eda de la dana: \u201cLleva la iniciativa de comunicaci\u00f3n&#8230; Es la clave\u201d | Espa\u00f1a"},"content":{"rendered":"<p class=\"\">Ganar el relato. El l\u00edder del PP, Alberto N\u00fa\u00f1ez Feij\u00f3o, inst\u00f3 al expresidente de la Generalitat Valenciana, Carlos Maz\u00f3n a \u201cliderar informativamente\u201d la crisis de la dana del 29 de octubre de 2024, que dej\u00f3 230 muertos en Valencia. As\u00ed lo revela el acta notarial aportada por Feij\u00f3o a la jueza de Catarroja (Valencia) que investiga la desgracia, Nuria Ruiz Tobarra.\u201c\u00c1nimo. Lidera informativamente como hiciste con el incendio\u201d, escribi\u00f3 el dirigente del PP a su entonces hom\u00f3logo valenciano. Las misivas afloran que Feij\u00f3o se interes\u00f3 por el n\u00famero de muertos y desaparecidos y que pregunt\u00f3 a Maz\u00f3n si el Gobierno le hab\u00eda llamado o le ofreci\u00f3 ayuda, seg\u00fan el acta, a la que ha tenido acceso EL PA\u00cdS. El documento tiene 24 p\u00e1ginas y fue expedido por un notario de la madrile\u00f1a Calle Serrano. <\/p>\n<p class=\"\">En la decena de mensajes que cruzaron ambos dirigentes esa tarde, Feij\u00f3o anima al entonces bar\u00f3n popular a \u201cllevar la iniciativa en comunicaci\u00f3n\u201d. \u201cEs la clave. Los alcaldes, diputaciones, coordinados y con la gente y tu informando [sic]\u201d, insisti\u00f3 el l\u00edder del PP a las 23.27 horas. <\/p>\n<p class=\"\">Cuando Feij\u00f3o inst\u00f3 a Maz\u00f3n por primera vez a ganar el relato, el entonces jefe del Consell todav\u00eda no hab\u00eda llegado al Cecopi, el \u00f3rgano de crisis en L\u2019Eliana (Valencia) que gestion\u00f3 la desgracia y desde d\u00f3nde se envi\u00f3 el ES-Alert, la alerta masiva a m\u00f3viles que se remiti\u00f3 para informar de la magnitud de la tragedia. La notificaci\u00f3n son\u00f3 en los tel\u00e9fonos cuando, al menos, 155 personas ya hab\u00edan muerto, seg\u00fan la base de datos de este peri\u00f3dico tras el an\u00e1lisis del sumario del caso. <\/p>\n<p class=\"\">El pasado 24 de diciembre, el l\u00edder del PP ya mand\u00f3 a la jueza los mensajes de WhatsApp que le envi\u00f3 el expresidente de la Generalitat el d\u00eda de la tragedia. La magistrada solicit\u00f3 entonces a Feij\u00f3o la aportaci\u00f3n voluntaria de sus comunicaciones con Maz\u00f3n. Y este dirigente nacional acept\u00f3. <\/p>\n<p class=\"\">Seg\u00fan el acta notarial, que recoge los mensajes sin correcciones ortogr\u00e1ficas, el primer mensaje entre ambos se registr\u00f3 a las 19.59 horas. \u201cAmigo Carlos. Os mando a todos los ciudadanos de la Comunitat Valenciana mi solidaridad y \u00e1nimo para superar esta situaci\u00f3n Estoy a la orden para lo que toda la organizaci\u00f3n y yo mismo podamos ser de utilidad. Un fuerte abrazo\u201d, escribi\u00f3 Feij\u00f3o. <\/p>\n<p class=\"\">A las 21.29 horas, el l\u00edder popular se excusa: \u201cPerdona Carlos. Estoy en un acto. Te puedo llamar a las 22.30h. Lo que o\u00edmos es que est\u00e1is mal. Muertos? Desaparecidos? Da\u00f1os cuantiosos? \u00c1nimo, Amigos\u201d. En otro WhatsApp, a las 21.45 horas, responde con un \u201cBien\u201d. Y env\u00eda a Maz\u00f3n el contacto del entonces presidente de Telef\u00f3nica, Jos\u00e9 Mar\u00eda \u00c1lvarez-Pallete. <\/p>\n<p class=\"\">A las 23.21 horas, cuando ya casi todos los desaparecidos han muerto, Feij\u00f3o escribe: \u201cDice. El Gobierno q os ha llamado&#8230; espero q sea as\u00ed y os est\u00e9n prestando ayuda suficiente\u201d. Dos minutos despu\u00e9s, insiste: \u201cA q hora os han llamado? Q ministro tienes de referencia?\u201c. En paralelo, pregunta: \u201dCuando se cree que acaba la dana?\u201c. <\/p>\n<p class=\"\">Poco despu\u00e9s, Feij\u00f3o se ofrece a arropar al jefe del Consell. \u201cSi crees que debo ir ma\u00f1ana o el jueves por la ma\u00f1ana. Estoy a la orden\u201d. <\/p>\n<p class=\"\">Las comunicaciones entre ambos populares revelan que Maz\u00f3n minti\u00f3 en la comisi\u00f3n de investigaci\u00f3n del Congreso de los Diputados. El popular valenciano asegur\u00f3 que en esta c\u00e1mara que se enter\u00f3 de que hab\u00eda fallecidos por la riada la madrugada del d\u00eda siguiente. Sin embargo, en los wasaps que intercambi\u00f3 con Feij\u00f3o le inform\u00f3 a las 23.25 de la existencia de fallecidos. \u201cNo lo han hecho p\u00fablico a\u00fan, pero ya est\u00e1n apareciendo muertos en Utiel y van a aparecer bastantes m\u00e1s. Un puto desastre va a ser esto, presi. Van a ser decenas, seguro\u201d, apunt\u00f3 el exdirigente popular. <\/p>\n<p class=\"\">Tres minutos antes de que Maz\u00f3n se incorporara al dispositivo que gestion\u00f3 la crisis, tras disfrutar de un almuerzo de casi cuatro horas con la periodista Maribel Vilaplana en el restaurante El Ventorro de Valencia, el exjefe del Consell cruz\u00f3 su primer mensaje con Feij\u00f3o. \u201cGracias Presi. Luego te cuento. Se est\u00e1 jodiendo cada minuto\u201d, apunt\u00f3 el dirigente valenciano, que, sobre las 20.15 mand\u00f3 otro mensaje de WhatsApp a su jefe. \u201cNoche larga por delante\u201d, escribi\u00f3. <\/p>\n<p class=\"\">El PSOE ha cargado contra el inter\u00e9s mostrado por el l\u00edder del PP en los mensajes de que Maz\u00f3n controlara la comunicaci\u00f3n en la gesti\u00f3n de la dana. \u201cMientras la jueza investiga una tragedia que cost\u00f3 la vida a 230 personas, hoy conocemos que Alberto N\u00fa\u00f1ez Feij\u00f3o estaba m\u00e1s preocupado por el relato y la iniciativa de comunicaci\u00f3n que por la gesti\u00f3n de la emergencia y la protecci\u00f3n de la ciudadan\u00eda\u201d, aseguran fuentes socialistas. \u201cEn mitad de una DANA devastadora, cuando lo prioritario es salvar vidas, Feij\u00f3o pone por escrito que llevar la iniciativa de comunicaci\u00f3n es la clave\u201d, a\u00f1aden las mismas fuentes. \u201cNo nos sorprende, pero no deja de avergonzar tanta frialdad en un momento tan tr\u00e1gico. En una emergencia no se est\u00e1 en la estrategia pol\u00edtica, se est\u00e1 en proteger a la gente\u201d, zanjan. <\/p>\n<p class=\"\">En el PP destacan el gesto de su l\u00edder al entregar los wasaps. \u201cMientras desde el Gobierno acusan a los jueces de prevaricaci\u00f3n y Pedro S\u00e1nchez y su exfiscal cambian de m\u00f3vil o borran mensajes, Feij\u00f3o sigue colaborando con la Justicia de manera ejemplar, como no podr\u00eda ser de otra manera\u201d, apuntan fuentes de esta formaci\u00f3n. <\/p>\n","protected":false},"excerpt":{"rendered":"Ganar el relato. El l\u00edder del PP, Alberto N\u00fa\u00f1ez Feij\u00f3o, inst\u00f3 al expresidente de la Generalitat Valenciana, Carlos&hellip;\n","protected":false},"author":2,"featured_media":305388,"comment_status":"","ping_status":"","sticky":false,"template":"","format":"standard","meta":{"footnotes":""},"categories":[8],"tags":[6069,17,18,2007,9865,242,25,24,13,14,238,11,4274,19,20,9,10,15,16,956,23,12,21,22,137],"class_list":{"0":"post-319770","1":"post","2":"type-post","3":"status-publish","4":"format-standard","5":"has-post-thumbnail","7":"category-espana","8":"tag-alberto-nunez-feijoo","9":"tag-breaking-news","10":"tag-breakingnews","11":"tag-carlos-mazon","12":"tag-catarroja","13":"tag-comunidad-valenciana","14":"tag-es","15":"tag-espana","16":"tag-featured-news","17":"tag-featurednews","18":"tag-generalitat-valenciana","19":"tag-headlines","20":"tag-inundaciones-dana-octubre-2024","21":"tag-latest-news","22":"tag-latestnews","23":"tag-news","24":"tag-noticias","25":"tag-noticias-destacadas","26":"tag-noticiasdestacadas","27":"tag-pp","28":"tag-spain","29":"tag-titulares","30":"tag-ultimas-noticias","31":"tag-ultimasnoticias","32":"tag-whatsapp"},"share_on_mastodon":{"url":"https:\/\/pubeurope.com\/@es\/115827596548273077","error":""},"_links":{"self":[{"href":"https:\/\/www.europesays.com\/es\/wp-json\/wp\/v2\/posts\/319770","targetHints":{"allow":["GET"]}}],"collection":[{"href":"https:\/\/www.europesays.com\/es\/wp-json\/wp\/v2\/posts"}],"about":[{"href":"https:\/\/www.europesays.com\/es\/wp-json\/wp\/v2\/types\/post"}],"author":[{"embeddable":true,"href":"https:\/\/www.europesays.com\/es\/wp-json\/wp\/v2\/users\/2"}],"replies":[{"embeddable":true,"href":"https:\/\/www.europesays.com\/es\/wp-json\/wp\/v2\/comments?post=319770"}],"version-history":[{"count":0,"href":"https:\/\/www.europesays.com\/es\/wp-json\/wp\/v2\/posts\/319770\/revisions"}],"wp:featuredmedia":[{"embeddable":true,"href":"https:\/\/www.europesays.com\/es\/wp-json\/wp\/v2\/media\/305388"}],"wp:attachment":[{"href":"https:\/\/www.europesays.com\/es\/wp-json\/wp\/v2\/media?parent=319770"}],"wp:term":[{"taxonomy":"category","embeddable":true,"href":"https:\/\/www.europesays.com\/es\/wp-json\/wp\/v2\/categories?post=319770"},{"taxonomy":"post_tag","embeddable":true,"href":"https:\/\/www.europesays.com\/es\/wp-json\/wp\/v2\/tags?post=319770"}],"curies":[{"name":"wp","href":"https:\/\/api.w.org\/{rel}","templated":true}]}}