{"id":319780,"date":"2026-01-02T21:30:09","date_gmt":"2026-01-02T21:30:09","guid":{"rendered":"https:\/\/www.europesays.com\/es\/319780\/"},"modified":"2026-01-02T21:30:09","modified_gmt":"2026-01-02T21:30:09","slug":"asi-es-su-dia-a-dia","status":"publish","type":"post","link":"https:\/\/www.europesays.com\/es\/319780\/","title":{"rendered":"as\u00ed es su d\u00eda a d\u00eda"},"content":{"rendered":"<p id=\"eM90NU2lu9\" data-wc=\"53\"><strong>Jim Curtis y Jennifer Aniston<\/strong> han vivido un a\u00f1o muy especial desde que empezaron su relaci\u00f3n en julio de 2025, seg\u00fan una exclusiva de la revista <strong>People<\/strong>. Aunque no lo hicieron oficial hasta meses despu\u00e9s, ahora la pareja est\u00e1 muy feliz y enamorada, y as\u00ed lo han querido compartir con todo el mundo.<\/p>\n<p> <img src=\"https:\/\/www.europesays.com\/es\/wp-content\/uploads\/2026\/01\/ff4e6ae8b88a-sometimes-laughter-is-the-best-medicine-last-slide-today-is-day-1-its-your.jpg\"   width=\"768\" height=\"1024\" loading=\"lazy\" decoding=\"async\" alt=\"Jennifer Aniston y Jim Curtis, felices y enamorados\" fetchpriority=\"auto\" class=\"image ho-image\"\/>\u00a9 jimcurtis1Jennifer Aniston y Jim Curtis, felices y enamorados<\/p>\n<p id=\"eRn4Nu2LPUm\" data-wc=\"57\"><a class=\"hm-link ho-link\" href=\"https:\/\/www.hola.com\/actualidad\/20250710843538\/quien-es-jim-curtis-nuevo-novio-de-jennifer-aniston-fotografias-en-mallorca\/\" data-mrf-recirculation=\"article-body-link\" rel=\"nofollow noopener\" target=\"_blank\">El hipnotista<\/a> subi\u00f3 una publicaci\u00f3n en Instagram con unas fotos en las que se desped\u00eda del a\u00f1o. \u00abSucedieron cosas incre\u00edbles este a\u00f1o, pero <strong>siempre es la gente la que lo logra<\/strong>\u00bb escribi\u00f3 Jim, de 50 a\u00f1os, haciendo una referencia clara a una de las personas m\u00e1s importantes de su vida actualmente: su novia, Jennifer, de 56 a\u00f1os.<\/p>\n<p> <img src=\"https:\/\/www.europesays.com\/es\/wp-content\/uploads\/2026\/01\/3494c34b260e-gettyimages-2247250671.jpg\"   width=\"809\" height=\"1024\" loading=\"lazy\" decoding=\"async\" alt=\"Jim Curtis y Jennifer Aniston posando juntos \" fetchpriority=\"auto\" class=\"image ho-image\"\/>\u00a9 Getty ImagesLa pareja posa junta<\/p>\n<p id=\"e-lM6VTtvLn\" data-wc=\"85\">Adem\u00e1s, la ic\u00f3nica actriz de la serie Friends, que no estaba acostumbrada a hablar de su nueva relaci\u00f3n, dijo para la revista francesa Elle\u00a0que \u00e9l es una persona muy amable y especial. \u00ab<strong>Es\u00a0<\/strong><strong>extraordinario<\/strong>. Aparte del hipnotismo, hace muchas m\u00e1s cosas. Le gusta ayudar a la gente a sanar y a superar sus traumas. Es algo muy bonito a lo que dedicar tu vida\u00bb dijo la estrella de la interpretaci\u00f3n, hablando de esta nueva ilusi\u00f3n tras su ruptura con su ex marido Justin Theroux.<\/p>\n<p> <img src=\"https:\/\/www.europesays.com\/es\/wp-content\/uploads\/2026\/01\/ce9adac4ac21-u594932060.jpg\"   width=\"822\" height=\"1024\" loading=\"lazy\" decoding=\"async\" alt=\"Jennifer Aniston con melena larga en tonos beige y reflejos dorados\" fetchpriority=\"auto\" class=\"image ho-image\"\/>\u00a9 GTRESLa ic\u00f3nica actriz de Hollywood<\/p>\n<p id=\"eCz4atCWgK8\" data-wc=\"75\">Seg\u00fan personas cercanas a la estrella de Hollywood, creen que Jim \u00abes el indicado\u00bb. Adem\u00e1s, est\u00e1n felices por Jennifer Aniston, y creen que su actual pareja se integra a la perfecci\u00f3n, asegurando que es muy social y extrovertido. El \u00abcoach de bienestar\u00bb no se siente abrumado con el reconocimiento que tiene la actriz, ya que est\u00e1 acostumbrado a trabajar con clientes de alto perfil, por lo que la fama no es algo desconocido para \u00e9l.<\/p>\n<p> <img src=\"https:\/\/www.europesays.com\/es\/wp-content\/uploads\/2026\/01\/e1c268a89718-608006846185465305240494683091084750626707958n.jpg\"   width=\"877\" height=\"1024\" loading=\"lazy\" decoding=\"async\" alt=\"El hipnotista, la nueva ilusi\u00f3n de Aniston\" fetchpriority=\"auto\" class=\"image ho-image\"\/>\u00a9 jimcurtis1El hipnotista, la nueva ilusi\u00f3n de Aniston<\/p>\n<p id=\"evg6HtLtdpp\" data-wc=\"58\">Se empezaron a conocer entre primavera y verano del a\u00f1o pasado, y aunque al principio solo se consideraban amigos, se les vio muy de cerca con amigos durante las vacaciones en Mallorca. Fue el pasado mes de<a class=\"hm-link ho-link\" href=\"https:\/\/www.hola.com\/us-es\/celebrities\/20251103865330\/jennifer-aniston-jim-curtis-confirma-romance\/\" data-mrf-recirculation=\"article-body-link\" rel=\"nofollow noopener\" target=\"_blank\">\u00a0noviembre cuando Aniston se aventur\u00f3 a subir una foto del cumplea\u00f1os de Jim en la que pon\u00eda \u00abfeliz cumplea\u00f1os mi amor\u00bb<\/a>.<\/p>\n<p> <img src=\"https:\/\/www.europesays.com\/es\/wp-content\/uploads\/2026\/01\/64c10da73f59-604431148181296478127144977357917950335568537n.jpg\"   width=\"768\" height=\"1024\" loading=\"lazy\" decoding=\"async\" alt=\"Jennifer comparte una fotograf\u00eda con Jim y un bebe durante Navidad\" fetchpriority=\"auto\" class=\"image ho-image\"\/>\u00a9 jenniferanistonJennifer comparte una fotograf\u00eda con Jim y un bebe durante Navidad<\/p>\n<p id=\"eej-eW56bW\" data-wc=\"55\">Desde entonces, no esconden su amor y han asistido juntos a eventos como el estreno de <strong>The\u00a0<\/strong><strong>Morning\u00a0<\/strong><strong>Show<\/strong>, y <a class=\"hm-link ho-link\" href=\"https:\/\/www.hola.com\/actualidad\/20251227874945\/jennifer-aniston-con-jim-curtis-en-refugio-navideno\/\" data-mrf-recirculation=\"article-body-link\" rel=\"nofollow noopener\" target=\"_blank\">han pasado la Navidad en compa\u00f1\u00eda<\/a>. A pesar de que no lleven mucho tiempo juntos, se respira un ambiente de calidez y amor entre ellos, y ella se siente muy segura al lado de Jim.\u00a0<\/p>\n<p> <img src=\"https:\/\/www.europesays.com\/es\/wp-content\/uploads\/2026\/01\/3fb2b26b7d74-575191073181248421067144971110202447239843392n.jpg\"   width=\"819\" height=\"1024\" loading=\"lazy\" decoding=\"async\" alt=\"Aniston y Curtis comparten su amor\" fetchpriority=\"auto\" class=\"image ho-image\"\/>\u00a9 jenniferanistonAniston y Curtis comparten su amor<br \/>\n\u00bfQui\u00e9n es Jim Curtis?<\/p>\n<p data-wc=\"90\" id=\"eO0wt1M4aM-\">Jim Curtis se define as\u00ed mismo en sus redes sociales como entrenador, &#8216;coach transformacional&#8217; e hipnoterapista. El poder del subconsciente o de la hipnosis, el crecimiento del esp\u00edritu y la importancia del amor para absorber el dolor, as\u00ed como los mensajes inspiracionales que animan a creer en uno mismo, a enfrentarse a la vida con entusiasmo y energ\u00eda, y a superar los baches trabajando la autoestima, son algunos de los mensajes que protagonizan su cuenta, donde tiene m\u00e1s de medio mill\u00f3n de seguidores que le piden consejos para diferentes situaciones.\u00a0<\/p>\n","protected":false},"excerpt":{"rendered":"Jim Curtis y Jennifer Aniston han vivido un a\u00f1o muy especial desde que empezaron su relaci\u00f3n en julio&hellip;\n","protected":false},"author":2,"featured_media":319781,"comment_status":"","ping_status":"","sticky":false,"template":"","format":"standard","meta":{"footnotes":""},"categories":[174],"tags":[517,255,146,147,25,24,256,20187,23],"class_list":{"0":"post-319780","1":"post","2":"type-post","3":"status-publish","4":"format-standard","5":"has-post-thumbnail","7":"category-famosos","8":"tag-actualidad","9":"tag-celebrities","10":"tag-entertainment","11":"tag-entretenimiento","12":"tag-es","13":"tag-espana","14":"tag-famosos","15":"tag-jennifer-aniston","16":"tag-spain"},"share_on_mastodon":{"url":"https:\/\/pubeurope.com\/@es\/115827639856633280","error":""},"_links":{"self":[{"href":"https:\/\/www.europesays.com\/es\/wp-json\/wp\/v2\/posts\/319780","targetHints":{"allow":["GET"]}}],"collection":[{"href":"https:\/\/www.europesays.com\/es\/wp-json\/wp\/v2\/posts"}],"about":[{"href":"https:\/\/www.europesays.com\/es\/wp-json\/wp\/v2\/types\/post"}],"author":[{"embeddable":true,"href":"https:\/\/www.europesays.com\/es\/wp-json\/wp\/v2\/users\/2"}],"replies":[{"embeddable":true,"href":"https:\/\/www.europesays.com\/es\/wp-json\/wp\/v2\/comments?post=319780"}],"version-history":[{"count":0,"href":"https:\/\/www.europesays.com\/es\/wp-json\/wp\/v2\/posts\/319780\/revisions"}],"wp:featuredmedia":[{"embeddable":true,"href":"https:\/\/www.europesays.com\/es\/wp-json\/wp\/v2\/media\/319781"}],"wp:attachment":[{"href":"https:\/\/www.europesays.com\/es\/wp-json\/wp\/v2\/media?parent=319780"}],"wp:term":[{"taxonomy":"category","embeddable":true,"href":"https:\/\/www.europesays.com\/es\/wp-json\/wp\/v2\/categories?post=319780"},{"taxonomy":"post_tag","embeddable":true,"href":"https:\/\/www.europesays.com\/es\/wp-json\/wp\/v2\/tags?post=319780"}],"curies":[{"name":"wp","href":"https:\/\/api.w.org\/{rel}","templated":true}]}}