{"id":319799,"date":"2026-01-02T21:42:17","date_gmt":"2026-01-02T21:42:17","guid":{"rendered":"https:\/\/www.europesays.com\/es\/319799\/"},"modified":"2026-01-02T21:42:17","modified_gmt":"2026-01-02T21:42:17","slug":"alcala-coordina-los-medios-municipales-ante-posibles-inclemencias-invernales","status":"publish","type":"post","link":"https:\/\/www.europesays.com\/es\/319799\/","title":{"rendered":"Alcal\u00e1 coordina los medios municipales ante posibles inclemencias invernales"},"content":{"rendered":"<p>El Plan Municipal de Inclemencias Invernales del Ayuntamiento de Alcal\u00e1 de Henares establece el protocolo de actuaci\u00f3n durante el periodo invernal con el objetivo de garantizar una movilidad segura tanto para peatones como para veh\u00edculos, ante posibles episodios de nieve, hielo o bajas temperaturas, conforme a las previsiones de la Agencia Estatal de Meteorolog\u00eda.<\/p>\n<p>En una reuni\u00f3n previa con presencia telem\u00e1tica de la alcaldesa Judith Piquet, la concejala de Seguridad Ciudadana, Orlena de Miguel, el concejal de Obras y Mantenimiento Urbano, Antonio Salda\u00f1a, el concejal de Limpieza Viaria y Medio Ambiente, Vicente P\u00e9rez, y miembros de Polic\u00eda Local y el Parque de Servicios, el Ayuntamiento de Alcal\u00e1 de Henares pondr\u00e1 a disposici\u00f3n, todos los medios humanos y mec\u00e1nicos disponibles, incluyendo m\u00e1quinas quitanieves, esparcidores de sal y veh\u00edculos auxiliares, que ya se encuentran preparados para su inmediata activaci\u00f3n. Los efectivos municipales actuar\u00e1n de forma coordinada y progresiva, en funci\u00f3n de la evoluci\u00f3n de las condiciones meteorol\u00f3gicas durante las pr\u00f3ximas semanas.<\/p>\n<p>Las actuaciones se centrar\u00e1n en la retirada de nieve y hielo en aquellos puntos donde puedan suponer un riesgo o impedir la circulaci\u00f3n, tales como las principales v\u00edas del municipio, pasarelas peatonales, accesos al Hospital y Centros de Salud y de forma preventiva en el recorrido de la Cabalgata de Reyes prevista para la tarde del 5 de enero.<\/p>\n<p>De manera prioritaria, se atender\u00e1n las v\u00edas principales y los centros de atenci\u00f3n preferente, garantizando el acceso a servicios esenciales y la seguridad de la ciudadan\u00eda, y se habilitar\u00e1 el Pabell\u00f3n Alicia de Larrocha, como espacio disponible para posibles acciones de emergencia.<\/p>\n<p>Asimismo, en el Edificio de Obras y Servicios, situado en la calle V\u00eda Complutense 130, de 9 a 20 horas, se facilitar\u00e1 sal de forma gratuita a los vecinos y vecinas que lo necesiten para el tratamiento de hielo en accesos particulares.<\/p>\n<p>El Plan Municipal de Inclemencias Invernales de Alcal\u00e1 de Henares incluye una s\u00edntesis de las actuaciones previstas, as\u00ed como un conjunto de recomendaciones preventivas dirigidas a la poblaci\u00f3n.<\/p>\n<p><strong>Recomendaciones a la ciudadan\u00eda en caso de heladas o nieve<\/strong><\/p>\n<p>Desde el Ayuntamiento de Alcal\u00e1 de Henares se recomienda a los vecinos y vecinas:<\/p>\n<ul>\n<li>Priorizar el uso del transporte p\u00fablico siempre que sea posible.<\/li>\n<li>Evitar desplazamientos innecesarios durante episodios de nieve o heladas intensas.<\/li>\n<li>En caso de utilizar veh\u00edculo particular, informarse previamente sobre el estado de las calles y carreteras.<\/li>\n<li>Revisar el estado del autom\u00f3vil, prestando especial atenci\u00f3n a neum\u00e1ticos, frenos, bater\u00eda y niveles de anticongelante.<\/li>\n<li>Circular a velocidad moderada, aumentar la distancia de seguridad y evitar maniobras bruscas.<\/li>\n<li>Extremar la precauci\u00f3n en zonas de umbr\u00eda, donde es m\u00e1s probable la formaci\u00f3n de placas de hielo.<\/li>\n<li>Utilizar calzado adecuado y antideslizante para evitar ca\u00eddas.<\/li>\n<li>Retirar, en la medida de lo posible, la nieve o el hielo acumulado en accesos a viviendas y locales, utilizando sal de forma responsable.<\/li>\n<li>Proteger contadores, tuber\u00edas y elementos exteriores del hogar frente a las bajas temperaturas.<\/li>\n<li>Prestar especial atenci\u00f3n a personas mayores, menores y colectivos vulnerables, comprobando que se encuentran en condiciones adecuadas.<\/li>\n<\/ul>\n<p>El Ayuntamiento agradece la colaboraci\u00f3n ciudadana y recuerda que estas medidas contribuyen a mejorar la seguridad y la convivencia durante los episodios de inclemencias invernales.<\/p>\n","protected":false},"excerpt":{"rendered":"El Plan Municipal de Inclemencias Invernales del Ayuntamiento de Alcal\u00e1 de Henares establece el protocolo de actuaci\u00f3n durante&hellip;\n","protected":false},"author":2,"featured_media":319800,"comment_status":"","ping_status":"","sticky":false,"template":"","format":"standard","meta":{"footnotes":""},"categories":[8],"tags":[17,18,25,24,13,14,11,19,20,9,10,15,16,74539,23,12,21,22],"class_list":{"0":"post-319799","1":"post","2":"type-post","3":"status-publish","4":"format-standard","5":"has-post-thumbnail","7":"category-espana","8":"tag-breaking-news","9":"tag-breakingnews","10":"tag-es","11":"tag-espana","12":"tag-featured-news","13":"tag-featurednews","14":"tag-headlines","15":"tag-latest-news","16":"tag-latestnews","17":"tag-news","18":"tag-noticias","19":"tag-noticias-destacadas","20":"tag-noticiasdestacadas","21":"tag-plan-de-inclemencias-invernales","22":"tag-spain","23":"tag-titulares","24":"tag-ultimas-noticias","25":"tag-ultimasnoticias"},"share_on_mastodon":{"url":"https:\/\/pubeurope.com\/@es\/115827687056503896","error":""},"_links":{"self":[{"href":"https:\/\/www.europesays.com\/es\/wp-json\/wp\/v2\/posts\/319799","targetHints":{"allow":["GET"]}}],"collection":[{"href":"https:\/\/www.europesays.com\/es\/wp-json\/wp\/v2\/posts"}],"about":[{"href":"https:\/\/www.europesays.com\/es\/wp-json\/wp\/v2\/types\/post"}],"author":[{"embeddable":true,"href":"https:\/\/www.europesays.com\/es\/wp-json\/wp\/v2\/users\/2"}],"replies":[{"embeddable":true,"href":"https:\/\/www.europesays.com\/es\/wp-json\/wp\/v2\/comments?post=319799"}],"version-history":[{"count":0,"href":"https:\/\/www.europesays.com\/es\/wp-json\/wp\/v2\/posts\/319799\/revisions"}],"wp:featuredmedia":[{"embeddable":true,"href":"https:\/\/www.europesays.com\/es\/wp-json\/wp\/v2\/media\/319800"}],"wp:attachment":[{"href":"https:\/\/www.europesays.com\/es\/wp-json\/wp\/v2\/media?parent=319799"}],"wp:term":[{"taxonomy":"category","embeddable":true,"href":"https:\/\/www.europesays.com\/es\/wp-json\/wp\/v2\/categories?post=319799"},{"taxonomy":"post_tag","embeddable":true,"href":"https:\/\/www.europesays.com\/es\/wp-json\/wp\/v2\/tags?post=319799"}],"curies":[{"name":"wp","href":"https:\/\/api.w.org\/{rel}","templated":true}]}}