{"id":31981,"date":"2025-08-07T16:43:04","date_gmt":"2025-08-07T16:43:04","guid":{"rendered":"https:\/\/www.europesays.com\/es\/31981\/"},"modified":"2025-08-07T16:43:04","modified_gmt":"2025-08-07T16:43:04","slug":"presentado-el-trofeo-al-toro-mas-bravo-de-la-feria-de-malaga","status":"publish","type":"post","link":"https:\/\/www.europesays.com\/es\/31981\/","title":{"rendered":"Presentado el trofeo al toro m\u00e1s bravo de la Feria de M\u00e1laga"},"content":{"rendered":"<p>El centro cultural La Malagueta ha acogido este jueves la presentaci\u00f3n del trofeo taurino al toro m\u00e1s bravo de la feria taurina de la capital.  &#8230; Un galard\u00f3n que concede el Colegio Oficial de Veterinarios de M\u00e1laga -entidad que este 2025 cumple su 120 aniversario- y que alcanza su XIX edici\u00f3n. <\/p>\n<p class=\"v-p\">El trofeo es una escultura de la artista holandesa Gerthy Baars realizada con la t\u00e9cnica de la cera perdida en bronce viejo y bronce pulido y que el pasado a\u00f1o recay\u00f3 en el toro &#8216;Ponderoso&#8217; de la ganader\u00eda de N\u00fa\u00f1ez del Cuvillo, al que Fortes cort\u00f3 dos orejas y fue premiado con la vuelta al ruedo. <\/p>\n<p class=\"v-p\">El acto de presentaci\u00f3n ha contado con la presencia del presidente de la Diputaci\u00f3n, Francisco Salado; la delegada de Empleo, Empresa y Trabajo Aut\u00f3nomo de la Junta en M\u00e1laga, Carmen S\u00e1nchez; la concejala de Fiestas del Ayuntamiento de la capital Teresa Porras; el presidente del Colegio de Veterinarios de M\u00e1laga, Juan Antonio Luque y del secretario general electo de la Organizaci\u00f3n Colegial Veterinaria, Jos\u00e9 Ram\u00f3n Caballero.<\/p>\n<p>V\u00ednculo<\/p>\n<p class=\"v-p\">Salado ha destacado en el apoyo institucional de la Diputaci\u00f3n a la tauromaquia y ha defendido la vinculaci\u00f3n del mundo veterinario con el mundo del toreo, que ha definido como \u00abuna combinaci\u00f3n de ciencia, \u00e9tica y tradici\u00f3n\u00bb.<\/p>\n<p class=\"v-p\">\u00abSu rol es esencial para mantener un nivel de integridad y respeto dentro de este antiguo y complejo ritual. Sin ellos no podr\u00edan realizarse ning\u00fan evento taurino\u00bb, ha afirmado, al tiempo que ha recordado que los veterinarios garantizan que los toros \u00abcumplan con los est\u00e1ndares requeridos, que se cumplan las normativas vigentes y que, en la medida de lo posible, se minimice el sufrimiento de los animales\u00bb.<\/p>\n","protected":false},"excerpt":{"rendered":"El centro cultural La Malagueta ha acogido este jueves la presentaci\u00f3n del trofeo taurino al toro m\u00e1s bravo&hellip;\n","protected":false},"author":2,"featured_media":31982,"comment_status":"","ping_status":"","sticky":false,"template":"","format":"standard","meta":{"footnotes":""},"categories":[277],"tags":[4471,373,168,25,24,599,3855,11120,23,167,374,913,7132],"class_list":{"0":"post-31981","1":"post","2":"type-post","3":"status-publish","4":"format-standard","5":"has-post-thumbnail","7":"category-toreo","8":"tag-bravo","9":"tag-bullfighting","10":"tag-deportes","11":"tag-es","12":"tag-espana","13":"tag-feria","14":"tag-malaga","15":"tag-presentado","16":"tag-spain","17":"tag-sports","18":"tag-toreo","19":"tag-toro","20":"tag-trofeo"},"share_on_mastodon":{"url":"","error":""},"_links":{"self":[{"href":"https:\/\/www.europesays.com\/es\/wp-json\/wp\/v2\/posts\/31981","targetHints":{"allow":["GET"]}}],"collection":[{"href":"https:\/\/www.europesays.com\/es\/wp-json\/wp\/v2\/posts"}],"about":[{"href":"https:\/\/www.europesays.com\/es\/wp-json\/wp\/v2\/types\/post"}],"author":[{"embeddable":true,"href":"https:\/\/www.europesays.com\/es\/wp-json\/wp\/v2\/users\/2"}],"replies":[{"embeddable":true,"href":"https:\/\/www.europesays.com\/es\/wp-json\/wp\/v2\/comments?post=31981"}],"version-history":[{"count":0,"href":"https:\/\/www.europesays.com\/es\/wp-json\/wp\/v2\/posts\/31981\/revisions"}],"wp:featuredmedia":[{"embeddable":true,"href":"https:\/\/www.europesays.com\/es\/wp-json\/wp\/v2\/media\/31982"}],"wp:attachment":[{"href":"https:\/\/www.europesays.com\/es\/wp-json\/wp\/v2\/media?parent=31981"}],"wp:term":[{"taxonomy":"category","embeddable":true,"href":"https:\/\/www.europesays.com\/es\/wp-json\/wp\/v2\/categories?post=31981"},{"taxonomy":"post_tag","embeddable":true,"href":"https:\/\/www.europesays.com\/es\/wp-json\/wp\/v2\/tags?post=31981"}],"curies":[{"name":"wp","href":"https:\/\/api.w.org\/{rel}","templated":true}]}}