{"id":319866,"date":"2026-01-02T22:29:19","date_gmt":"2026-01-02T22:29:19","guid":{"rendered":"https:\/\/www.europesays.com\/es\/319866\/"},"modified":"2026-01-02T22:29:19","modified_gmt":"2026-01-02T22:29:19","slug":"el-cartero-real-recogera-las-cartas-de-los-ninos-a-los-reyes-hasta-el-proximo-domingo","status":"publish","type":"post","link":"https:\/\/www.europesays.com\/es\/319866\/","title":{"rendered":"El Cartero Real recoger\u00e1 las cartas de los ni\u00f1os a los Reyes hasta el pr\u00f3ximo domingo"},"content":{"rendered":"<p class=\"xmsonormal\" style=\"text-align: justify; line-height: 115%;\">El Cartero Real llega hoy al Palacio del Infante D. Luis para recoger las peticiones que los m\u00e1s peque\u00f1os hacen a Sus Majestades los Reyes Magos y lo har\u00e1 tambi\u00e9n los d\u00edas 3 y 4, entre las 17:00 y las 19:30 horas. \u00a0<\/p>\n<p class=\"xmsonormal\" style=\"text-align: justify; line-height: 115%;\">Las cartas pueden adem\u00e1s depositarse en el Buz\u00f3n de los Reyes Magos, que est\u00e1 instalado tambi\u00e9n en el Palacio hasta el 4 de enero. El horario es de 11:00 a 14:00 y de 17:00 a 19:30 horas. Los ni\u00f1os que lo deseen tambi\u00e9n podr\u00e1n entregar sus cartas a los Reyes en mano, al t\u00e9rmino de la Cabalgata, la noche del 5 de enero.<\/p>\n<p class=\"xmsonormal\" style=\"text-align: justify; line-height: 115%;\">\u00a0<\/p>\n<p class=\"xmsonormal\" style=\"text-align: justify; line-height: 115%; background: white;\">\u00a0<\/p>\n","protected":false},"excerpt":{"rendered":"El Cartero Real llega hoy al Palacio del Infante D. Luis para recoger las peticiones que los m\u00e1s&hellip;\n","protected":false},"author":2,"featured_media":319867,"comment_status":"","ping_status":"","sticky":false,"template":"","format":"standard","meta":{"footnotes":""},"categories":[5],"tags":[17,18,25,24,13,14,11,19,20,9,10,15,16,23,12,21,22],"class_list":{"0":"post-319866","1":"post","2":"type-post","3":"status-publish","4":"format-standard","5":"has-post-thumbnail","7":"category-titulares","8":"tag-breaking-news","9":"tag-breakingnews","10":"tag-es","11":"tag-espana","12":"tag-featured-news","13":"tag-featurednews","14":"tag-headlines","15":"tag-latest-news","16":"tag-latestnews","17":"tag-news","18":"tag-noticias","19":"tag-noticias-destacadas","20":"tag-noticiasdestacadas","21":"tag-spain","22":"tag-titulares","23":"tag-ultimas-noticias","24":"tag-ultimasnoticias"},"share_on_mastodon":{"url":"https:\/\/pubeurope.com\/@es\/115827871722019675","error":""},"_links":{"self":[{"href":"https:\/\/www.europesays.com\/es\/wp-json\/wp\/v2\/posts\/319866","targetHints":{"allow":["GET"]}}],"collection":[{"href":"https:\/\/www.europesays.com\/es\/wp-json\/wp\/v2\/posts"}],"about":[{"href":"https:\/\/www.europesays.com\/es\/wp-json\/wp\/v2\/types\/post"}],"author":[{"embeddable":true,"href":"https:\/\/www.europesays.com\/es\/wp-json\/wp\/v2\/users\/2"}],"replies":[{"embeddable":true,"href":"https:\/\/www.europesays.com\/es\/wp-json\/wp\/v2\/comments?post=319866"}],"version-history":[{"count":0,"href":"https:\/\/www.europesays.com\/es\/wp-json\/wp\/v2\/posts\/319866\/revisions"}],"wp:featuredmedia":[{"embeddable":true,"href":"https:\/\/www.europesays.com\/es\/wp-json\/wp\/v2\/media\/319867"}],"wp:attachment":[{"href":"https:\/\/www.europesays.com\/es\/wp-json\/wp\/v2\/media?parent=319866"}],"wp:term":[{"taxonomy":"category","embeddable":true,"href":"https:\/\/www.europesays.com\/es\/wp-json\/wp\/v2\/categories?post=319866"},{"taxonomy":"post_tag","embeddable":true,"href":"https:\/\/www.europesays.com\/es\/wp-json\/wp\/v2\/tags?post=319866"}],"curies":[{"name":"wp","href":"https:\/\/api.w.org\/{rel}","templated":true}]}}