{"id":319885,"date":"2026-01-02T22:48:11","date_gmt":"2026-01-02T22:48:11","guid":{"rendered":"https:\/\/www.europesays.com\/es\/319885\/"},"modified":"2026-01-02T22:48:11","modified_gmt":"2026-01-02T22:48:11","slug":"la-iconica-respuesta-de-amaia-montero-a-las-criticas-con-una-tajante-imagen","status":"publish","type":"post","link":"https:\/\/www.europesays.com\/es\/319885\/","title":{"rendered":"La ic\u00f3nica respuesta de Amaia Montero a las cr\u00edticas con una tajante imagen"},"content":{"rendered":"<p data-journey-content=\"true\" data-node-id=\"3\" class=\"css-6wxqfj emevuu60\"><a href=\"https:\/\/www.diezminutos.es\/famosos-corazon\/famosos-espanoles\/a69041472\/la-oreja-de-van-gogh-amaia-montero-regreso\/\" target=\"_blank\" data-vars-ga-outbound-link=\"https:\/\/www.diezminutos.es\/famosos-corazon\/famosos-espanoles\/a69041472\/la-oreja-de-van-gogh-amaia-montero-regreso\/\" data-vars-ga-ux-element=\"Hyperlink\" data-vars-ga-call-to-action=\"La vuelta de Amaia Montero a &#039;La Oreja de Van Gogh&#039;\" data-node-id=\"3.0\" data-mrf-link=\"https:\/\/www.diezminutos.es\/famosos-corazon\/famosos-espanoles\/a69041472\/la-oreja-de-van-gogh-amaia-montero-regreso\/\" class=\"body-link css-177bzfx emevuu60\" rel=\"nofollow noopener\">La vuelta de<strong data-node-id=\"3.0.1\"> Amaia Montero<\/strong> a &#8216;La Oreja de Van Gogh&#8217;<\/a> casi 18 a\u00f1os despu\u00e9s de dejar la banda<a href=\"https:\/\/www.diezminutos.es\/famosos-corazon\/famosos-espanoles\/a69083557\/primera-reaccion-de-leire-martinez-sobre-la-vuelta-de-la-oreja-de-van-gogh\/\" target=\"_blank\" data-vars-ga-outbound-link=\"https:\/\/www.diezminutos.es\/famosos-corazon\/famosos-espanoles\/a69083557\/primera-reaccion-de-leire-martinez-sobre-la-vuelta-de-la-oreja-de-van-gogh\/\" data-vars-ga-ux-element=\"Hyperlink\" data-vars-ga-call-to-action=\" no estuvo exenta de pol\u00e9mica\" data-node-id=\"3.2\" class=\"body-link css-177bzfx emevuu60\" rel=\"nofollow noopener\"> no estuvo exenta de pol\u00e9mica<\/a>, como tampoco lo ha estado <strong data-node-id=\"3.4\">su primera actuaci\u00f3n con Amaia Montero como vocalista<\/strong> 17 a\u00f1os despu\u00e9s de haber tomado caminos por separado. Fue en el especial de Nochevieja de TVE cuando la banda donostiarra present\u00f3 su nuevo y esperad\u00edsimo single &#8216;Todos estamos bailando la misma canci\u00f3n&#8217;. Desde el emblem\u00e1tico Palacio de Miramar de San Sebasti\u00e1n, frente a la bah\u00eda de La Concha, volvieron a cantar todos juntos otra vez. Sin embargo, <strong data-node-id=\"3.6\">la actuaci\u00f3n y en single quedaron eclipsados por el look elegido por Amaia Montero<\/strong> para su esperad\u00edsima vuelta. <\/p>\n<p data-journey-content=\"true\" data-node-id=\"7\" class=\"css-6wxqfj emevuu60\"><strong data-node-id=\"7.0\">La cantante apareci\u00f3 en escena vestida con un abultado y acolchado abrigo blanco XXL,<\/strong> capucha abultada sobre la cabeza que ha sido carne de meme en redes sociales. La sentencia del pueblo fue generalizada y el comentario m\u00e1s repetido en los hogares de los espa\u00f1oles<strong data-node-id=\"7.2\"> fue que el abrigo de Amaia Montero era un edred\u00f3n.<\/strong> La cantante lleg\u00f3 incluso a generar <a href=\"https:\/\/www.diezminutos.es\/teleprograma\/programas-tv\/a69903582\/cristina-pedroche-responde-criticas-imagen-inedita\/\" target=\"_blank\" data-vars-ga-outbound-link=\"https:\/\/www.diezminutos.es\/teleprograma\/programas-tv\/a69903582\/cristina-pedroche-responde-criticas-imagen-inedita\/\" data-vars-ga-ux-element=\"Hyperlink\" data-vars-ga-call-to-action=\"m\u00e1s cr\u00edticas que el vestido de Cristina Pedroche\" data-node-id=\"7.4\" class=\"body-link css-177bzfx emevuu60\" rel=\"nofollow noopener\">m\u00e1s cr\u00edticas que el vestido de Cristina Pedroche<\/a>, inundando de memes las redes sociales. <\/p>\n<p data-journey-content=\"true\" data-node-id=\"11\" class=\"css-6wxqfj emevuu60\">Ella, lejos de tomarse las cr\u00edticas mal, <strong data-node-id=\"11.1\">ha querido tirar de humor e iron\u00eda y marcarse una ic\u00f3nica respuesta<\/strong>. \u00abUN EDRED\u00d3N, A MI MANERA \ud83d\ude02\ud83d\ude02\ud83d\ude02\ud83d\udc99\ud83d\udc96\ud83d\udc9b\ud83d\udc9d\ud83d\udc9a\ud83d\udda4\ud83d\udc97\ud83e\ude75\ud83d\udc98\ud83d\udc9e\ud83d\udc93\ud83d\udc95\ud83d\udc9c\ud83e\ude76\ud83e\ude77\u2665\ufe0f\u00bb, escribe la cantante vasca junto a una imagen en la que aparece <strong data-node-id=\"11.3\">tumbada en la cama en pijama de cuadros rojos,<\/strong> con gafas de sol de pinchos y envuelta en el vestido que llev\u00f3 para la presentaci\u00f3n de &#8216;Todos estamos bailando la misma canci\u00f3n&#8217;. <\/p>\n<p data-journey-content=\"true\" data-node-id=\"15\" class=\"css-6wxqfj emevuu60\"><strong data-node-id=\"15.0\">Una tajante imagen y una contundente respuesta <\/strong>a todos aquellos que han querido criticar su vestido obra de la dise\u00f1adora donostiarra Isabel Zarpadiez, especializada en dise\u00f1os nupciales. Nadie va a amargar el dulce momento que atraviesa tras regresar a la banda que la catapult\u00f3 a la fama cuando era una ni\u00f1a y con la que se volvi\u00f3 a reencontrar tras 17 a\u00f1os de carrera en solitario. <\/p>\n<p data-journey-content=\"true\" data-node-id=\"18\" class=\"css-6wxqfj emevuu60\">El v<strong data-node-id=\"18.1\">estido que eligi\u00f3 Amaia para su vuelta a los escenarios con &#8216;La Oreja de Van Gogh&#8217;<\/strong> se trata de \u00abuna estructura envolvente, construida a partir de 56 metros de tejido, donde el neopreno blanco permite controlar el volumen y definir una silueta s\u00f3lida y protector\u00bb, tal y como se\u00f1ala la creadora de esta pieza. <\/p>\n<p><img src=\"https:\/\/www.europesays.com\/es\/wp-content\/uploads\/2026\/01\/1767394091_967_4104b2dc-9d92-4a2f-a41f-327dc6377620_1734436473.jpg\" alt=\"Headshot of Valentina Vera\" title=\"Headshot of Valentina Vera\" width=\"100%\" height=\"100%\" decoding=\"async\" loading=\"lazy\" class=\"css-o0wq4v ev8dhu53\"\/><\/p>\n<p>Valentina Vera es una periodista experta en cr\u00f3nica rosa, realidad, &#8216;reality&#8217;, moda y belleza. Siempre al d\u00eda de las \u00faltimas novedades de los famosos nacionales e internacionales y de las casas reales europeas. Su trabajo como redactora le permite ser testigo de las bodas de los personajes m\u00e1s relevantes del panorama social; de alfombras rojas; de funerales de Estado o de acontecimientos hist\u00f3ricos: como la proclamaci\u00f3n de Felipe VI como Rey o la coronaci\u00f3n de Carlos III de Inglaterra.<br \/>\nLicenciada en Periodismo por la Universidad Complutense de Madrid. Comenz\u00f3 su andadura en el mundo del coraz\u00f3n en el a\u00f1o 2013 en la revista \u00a1Hola! Y desde 2014 forma parte del grupo Hearst, donde ha ido adquiriendo experiencia tanto en la edici\u00f3n impresa como en el formato web de la revista Diez Minutos.<br \/>\nEl medio digital le apasiona por la inmediatez en la que sus lectores pueden ser testigos de lo que sucede en la vida de los famosos desde cualquier parte del mundo. Instagram, Twitter y TikTok se han convertido en una herramienta m\u00e1s de informaci\u00f3n a la hora de crear, gestionar y organizar el contenido, ya que le permiten conocer la \u00faltima hora de lo que sucede en la vida de los famosos.<br \/>\nEn constante formaci\u00f3n de estrategias y t\u00e9cnicas de optimizaci\u00f3n digital para su trabajo como redactora, en la actualidad tambi\u00e9n se encuentra estudiando Diet\u00e9tica. Llevar un estilo de vida saludable es algo que le apasiona y cree que la nutrici\u00f3n es una parte fundamental.<\/p>\n","protected":false},"excerpt":{"rendered":"La vuelta de Amaia Montero a &#8216;La Oreja de Van Gogh&#8217; casi 18 a\u00f1os despu\u00e9s de dejar la&hellip;\n","protected":false},"author":2,"featured_media":319886,"comment_status":"","ping_status":"","sticky":false,"template":"","format":"standard","meta":{"footnotes":""},"categories":[91],"tags":[253,146,147,25,24,23],"class_list":{"0":"post-319885","1":"post","2":"type-post","3":"status-publish","4":"format-standard","5":"has-post-thumbnail","7":"category-entretenimiento","8":"tag-discover","9":"tag-entertainment","10":"tag-entretenimiento","11":"tag-es","12":"tag-espana","13":"tag-spain"},"share_on_mastodon":{"url":"https:\/\/pubeurope.com\/@es\/115827946999242711","error":""},"_links":{"self":[{"href":"https:\/\/www.europesays.com\/es\/wp-json\/wp\/v2\/posts\/319885","targetHints":{"allow":["GET"]}}],"collection":[{"href":"https:\/\/www.europesays.com\/es\/wp-json\/wp\/v2\/posts"}],"about":[{"href":"https:\/\/www.europesays.com\/es\/wp-json\/wp\/v2\/types\/post"}],"author":[{"embeddable":true,"href":"https:\/\/www.europesays.com\/es\/wp-json\/wp\/v2\/users\/2"}],"replies":[{"embeddable":true,"href":"https:\/\/www.europesays.com\/es\/wp-json\/wp\/v2\/comments?post=319885"}],"version-history":[{"count":0,"href":"https:\/\/www.europesays.com\/es\/wp-json\/wp\/v2\/posts\/319885\/revisions"}],"wp:featuredmedia":[{"embeddable":true,"href":"https:\/\/www.europesays.com\/es\/wp-json\/wp\/v2\/media\/319886"}],"wp:attachment":[{"href":"https:\/\/www.europesays.com\/es\/wp-json\/wp\/v2\/media?parent=319885"}],"wp:term":[{"taxonomy":"category","embeddable":true,"href":"https:\/\/www.europesays.com\/es\/wp-json\/wp\/v2\/categories?post=319885"},{"taxonomy":"post_tag","embeddable":true,"href":"https:\/\/www.europesays.com\/es\/wp-json\/wp\/v2\/tags?post=319885"}],"curies":[{"name":"wp","href":"https:\/\/api.w.org\/{rel}","templated":true}]}}