{"id":319887,"date":"2026-01-02T22:49:10","date_gmt":"2026-01-02T22:49:10","guid":{"rendered":"https:\/\/www.europesays.com\/es\/319887\/"},"modified":"2026-01-02T22:49:10","modified_gmt":"2026-01-02T22:49:10","slug":"que-es-el-perihelio-la-tierra-y-el-sol-viviran-pronto-este-fenomeno-y-asi-afecta-al-planeta","status":"publish","type":"post","link":"https:\/\/www.europesays.com\/es\/319887\/","title":{"rendered":"\u00bfQu\u00e9 es el perihelio? La Tierra y el Sol vivir\u00e1n pronto este fen\u00f3meno y as\u00ed afecta al planeta"},"content":{"rendered":"<p class=\"description\"><b>Especial Navidad<\/b>: Suscr\u00edbete hoy a National Geographic por solo <b>1\u20ac\/mes<\/b>. \u00a1\u00daltima oportunidad al -75%!<\/p>\n<p class=\"description\"><b>\u00a1NOVEDAD!<\/b> Ya disponible la edici\u00f3n especial <b>El cerebro infantil<\/b> de la colecci\u00f3n Los Secretos del Cerebro de National Geographic.<\/p>\n<p>A principios de a\u00f1o, la Tierra alcanzar\u00e1 silenciosamente un hito en su \u00f3rbita alrededor del Sol. Conocido como perihelio, <strong>este es el momento en el que nuestro planeta est\u00e1 m\u00e1s cerca del Sol que en cualquier otro momento del a\u00f1o<\/strong>.\u00a0En 2026, el perihelio de la Tierra tendr\u00e1 lugar el 3 de enero a las 12:15 p. m. EST o 17:15 UTC. Este evento astron\u00f3mico ocurre aproximadamente dos semanas despu\u00e9s del solsticio de diciembre. La fecha exacta <strong>var\u00eda ligeramente<\/strong> de un a\u00f1o a otro debido a que\u00a0\u00a0el calendario gregoriano\u00a0\u00a0no coincide perfectamente con la \u00f3rbita terrestre. Sin embargo,\u00a0los a\u00f1os bisiestos\u00a0explican parte de esta discrepancia.\u00a0\u00a0<\/p>\n<p>Puede parecer contradictorio\u00a0para algunos que la Tierra <strong>est\u00e9 m\u00e1s cerca del Sol ahora mismo<\/strong>; despu\u00e9s de todo, enero es invierno en gran parte del hemisferio norte. Pero la inclinaci\u00f3n del eje terrestre es, en realidad, el factor determinante de las estaciones, no la distancia de la Tierra al Sol.<strong>\u00a0<\/strong><strong>El perihelio influye en la Tierra<\/strong>, desde la velocidad con la que nuestro planeta se desplaza por el espacio hasta la duraci\u00f3n de cada estaci\u00f3n. Sin embargo, no significa que el Sol se vea mucho m\u00e1s grande en el cielo. Aqu\u00ed tienes todo lo que necesitas saber sobre este evento astron\u00f3mico anual.<\/p>\n<p>\u00a0<\/p>\n<p>\u00bfQu\u00e9 es el perihelio?<\/p>\n<p>Aunque se podr\u00eda esperar que la trayectoria de la Tierra alrededor del Sol sea un c\u00edrculo perfecto, en realidad es una elipse, con el Sol ligeramente descentrado.\u00a0\u00a0Como resultado, <strong>la distancia entre la Tierra y el Sol cambia<\/strong> continuamente a lo largo de un a\u00f1o.\u00a0\u00abEn su forma m\u00e1s simple, el perihelio es el punto en la \u00f3rbita de un planeta, cometa u otro cuerpo astron\u00f3mico donde est\u00e1 m\u00e1s cerca del Sol\u00bb, afirma\u00a0<a data-testid=\"prism-linkbase\" dir=\"ltr\" href=\"https:\/\/solarsystem.nasa.gov\/ambassadors\/2751\/\" target=\"_blank\" rel=\"nofollow noopener\">Seth McGowan<\/a>\u00a0, presidente del\u00a0<a data-testid=\"prism-linkbase\" dir=\"ltr\" href=\"https:\/\/www.adirondackskycenter.org\/about-us\" target=\"_blank\" rel=\"nofollow noopener\">Adirondack Sky Center<\/a>\u00a0en el norte del estado de Nueva York. Su contraparte es el afelio, o la distancia m\u00e1s lejana de un cuerpo celeste al Sol.\u00a0<\/p>\n<p>&#13;<img decoding=\"async\" src=\"https:\/\/www.europesays.com\/es\/wp-content\/uploads\/2026\/01\/una-pareja-que-ha-tenido-una-discusion_a9708f42_251230151504_800x800.webp.webp\" alt=\"Una pareja que ha tenido una discusi\u00f3n\" class=\"image lazyload\"\/><\/p>\n<p>Sin embargo, el cambio en la distancia de la Tierra al Sol es bastante m\u00ednimo, y el perihelio no es algo que se note a simple vista. En el perihelio, <strong>la Tierra se encuentra a unos 147 millones de kil\u00f3metros del Sol<\/strong>, en comparaci\u00f3n con los aproximadamente 151 millones de kil\u00f3metros del afelio en julio.\u00a0<\/p>\n<p>\u00abLa \u00f3rbita de la Tierra tambi\u00e9n cambia constantemente debido a las interacciones con los otros planetas del sistema solar, especialmente la Luna y J\u00fapiter, por lo que el tiempo del perihelio puede variar algunas horas\u00bb, dice\u00a0Jason Steffen\u00a0, profesor asistente de f\u00edsica en la Universidad de Nevada, Las Vegas.\u00a0<\/p>\n<p>\u00bfQu\u00e9 cambia (y qu\u00e9 no) el perihelio?<\/p>\n<p>Si bien la distancia cambiante de la Tierra al Sol afecta nuestro clima, <strong>el perihelio<\/strong> no tiene un impacto dr\u00e1stico en nuestras estaciones.\u00a0\u00a0\u00abLa inclinaci\u00f3n axial de 23,5 grados de <strong>la Tierra es el principal factor que influye<\/strong> en los cambios clim\u00e1ticos y de temperatura\u00bb, afirma McGowan. A medida que la Tierra orbita alrededor del Sol, su eje inclinado hace que cada hemisferio se incline alternativamente hacia \u00e9l o alej\u00e1ndose de \u00e9l. Cuando <strong>un hemisferio se inclina hacia el Sol<\/strong>,\u00a0<a data-testid=\"prism-linkbase\" dir=\"ltr\" href=\"https:\/\/www.nationalgeographic.com\/science\/article\/summer-solstice\" target=\"_blank\" rel=\"nofollow noopener\">los d\u00edas se alargan<\/a>\u00a0y la luz solar incide sobre la superficie de forma m\u00e1s directa. Cuando se inclina en direcci\u00f3n contraria,\u00a0<a data-testid=\"prism-linkbase\" dir=\"ltr\" href=\"https:\/\/www.nationalgeographic.com\/science\/article\/daylight-saving-time\" target=\"_blank\" rel=\"nofollow noopener\">los d\u00edas se acortan<\/a>\u00a0y la luz solar llega con un \u00e1ngulo m\u00e1s suave. En conjunto, estos<strong> efectos modifican la cantidad de energ\u00eda solar <\/strong>que llega a la superficie terrestre en aproximadamente un 50 % en las latitudes medias, y mucho m\u00e1s en las latitudes altas.\u00a0\u00a0<\/p>\n<p>&#13;<img decoding=\"async\" src=\"https:\/\/www.europesays.com\/es\/wp-content\/uploads\/2026\/01\/nicklas-brendborg_109f3973_251204155209_800x800.webp.webp\" alt=\"Nicklas Brendborg\" class=\"image lazyload\"\/><\/p>\n<p>En comparaci\u00f3n, el perihelio aumenta la intensidad de la luz solar que llega a la Tierra en aproximadamente\u00a0<a data-testid=\"prism-linkbase\" dir=\"ltr\" href=\"https:\/\/vcresearch.berkeley.edu\/news\/earth-sun-distance-dramatically-alters-seasons-equatorial-pacific-22000-year-cycle%23:~:text=As%2520a%2520result%252C%2520sunlight%2520is%2520about%25207%2525%2520more%2520intense%2520at%2520perihelion%2520than%2520at%2520aphelion.\" target=\"_blank\" rel=\"nofollow noopener\">un siete por ciento<\/a>\u00a0en comparaci\u00f3n con el afelio.\u00a0Dado que <strong>el perihelio ocurre en enero<\/strong>, esa energ\u00eda adicional afecta principalmente al hemisferio sur, que est\u00e1 inclinado hacia el sol en ese momento. Si bien esto significa que los veranos del hemisferio sur son ligeramente m\u00e1s intensos que los del hemisferio norte, el impacto en la temperatura sigue siendo moderado.\u00a0\u00abEl hemisferio sur <strong>est\u00e1 compuesto principalmente de agua<\/strong>, que no experimenta las grandes oscilaciones de temperatura de la tierra\u00bb, afirma Steffen.\u00a0<\/p>\n<p>Aunque el perihelio no causa las estaciones,<strong> s\u00ed influye en su duraci\u00f3n.<\/strong> Uno de los efectos m\u00e1s importantes de la \u00f3rbita el\u00edptica de la Tierra alrededor del Sol es la velocidad orbital. A medida que la Tierra se acerca al Sol, se acelera, una consecuencia de la gravedad descrita por la\u00a0<a data-testid=\"prism-linkbase\" dir=\"ltr\" href=\"https:\/\/science.nasa.gov\/resource\/orbits-and-keplers-laws\/%23:~:text=Kepler%2527s%2520Second%2520Law,slowest%2520at%2520aphelion.\" target=\"_blank\" rel=\"nofollow noopener\">segunda ley de Kepler del movimiento planetario<\/a>\u00a0. \u00abLa Tierra <strong>viaja aproximadamente 3200 kil\u00f3metros<\/strong> por hora m\u00e1s r\u00e1pido en el perihelio que en el afelio\u00bb, afirma McGowan.\u00a0Debido a que la Tierra se mueve m\u00e1s r\u00e1pido a principios de enero, las estaciones transcurren m\u00e1s r\u00e1pidamente.\u00a0\u00a0\u00abEsto hace que el verano <strong>en el hemisferio sur sea ligeramente m\u00e1s largo que el invierno<\/strong>, y el invierno en el hemisferio norte ligeramente m\u00e1s corto que el verano, pero solo por unos pocos d\u00edas\u00bb, afirma Steffen.<\/p>\n<p>&#13;<img decoding=\"async\" src=\"https:\/\/www.europesays.com\/es\/wp-content\/uploads\/2026\/01\/imagenes-de-microscopia-electronica-de-barrido-de-electrodos-nuevos-a-la-izquierda-y-usados-a-la-der.webp\" alt=\"Imagenes de microscop\u00eda electr\u00f3nica de barrido de electrodos nuevos, a la izquierda, y usados, a la derecha, despu\u00e9s de 24 horas\" class=\"image lazyload\"\/><\/p>\n<p>En escalas de tiempo mucho m\u00e1s largas,<strong> el perihelio\u00a0<\/strong><strong>\u00a0incluso influye\u00a0\u00a0<\/strong><strong>en las tendencias clim\u00e1ticas de la Tierra<\/strong>.\u00a0<a data-testid=\"prism-linkbase\" dir=\"ltr\" href=\"https:\/\/science.nasa.gov\/science-research\/earth-science\/milankovitch-orbital-cycles-and-their-role-in-earths-climate\/\" target=\"_blank\" rel=\"nofollow noopener\">Seg\u00fan la NASA<\/a>\u00a0, la excentricidad de la \u00f3rbita el\u00edptica terrestre var\u00eda ligeramente en un ciclo de 100.000 a\u00f1os. Actualmente, est\u00e1 disminuyendo ligeramente. El cient\u00edfico serbio\u00a0<strong><a data-testid=\"prism-linkbase\" dir=\"ltr\" href=\"https:\/\/science.nasa.gov\/earth\/earth-observatory\/milutin-milankovitch\/\" target=\"_blank\" rel=\"nofollow noopener\">Milutin Milankovitch<\/a><\/strong>\u00a0teoriz\u00f3 que este cambio, en combinaci\u00f3n con los cambios c\u00edclicos en la inclinaci\u00f3n del eje terrestre, es <strong>lo que ha desencadenado los per\u00edodos de glaciaci\u00f3n a lo largo de la historia<\/strong> de la Tierra. Comprobado por muestras de n\u00facleos de hielo de Groenlandia y la Ant\u00e1rtida, estos ciclos orbitales se conocen ahora como ciclos de Milankovitch.\u00a0\u00a0<\/p>\n<p>Por qu\u00e9 es importante este peque\u00f1o cambio orbital<\/p>\n<p>Aunque el perihelio y el afelio no causan\u00a0<a data-testid=\"prism-linkbase\" dir=\"ltr\" href=\"https:\/\/www.nationalgeographic.com\/environment\/article\/heat-waves-climate-change-home-health\" target=\"_blank\" rel=\"nofollow noopener\">olas de calor<\/a>\u00a0ni ventiscas, los cient\u00edficos siguen siguiendo de <strong>cerca la \u00f3rbita de la Tierra<\/strong>. \u00abEs \u00fatil saber d\u00f3nde se encuentra la Tierra en su \u00f3rbita\u00bb, afirma Steffen. \u00abHay diversas razones, la m\u00e1s importante es que cuando descubrimos asteroides que cruzan la \u00f3rbita terrestre, queremos saber si nos van a impactar\u00bb.\u00a0\u00a0<\/p>\n<p>McGowan se\u00f1ala otras aplicaciones. \u00abLas agencias espaciales como <strong>la NASA deben tener en cuenta los cambios en la velocidad<\/strong> y la posici\u00f3n de la Tierra para el posicionamiento de sat\u00e9lites y las trayectorias de las misiones en el espacio profundo\u00bb, afirma.\u00a0El perihelio puede pasar sin ning\u00fan espect\u00e1culo, pero es un fascinante recordatorio de que la coreograf\u00eda del sistema solar \u2014y su efecto en nuestras vidas\u2014 es m\u00e1s complicada de lo que uno podr\u00eda pensar.<\/p>\n","protected":false},"excerpt":{"rendered":"Especial Navidad: Suscr\u00edbete hoy a National Geographic por solo 1\u20ac\/mes. \u00a1\u00daltima oportunidad al -75%! \u00a1NOVEDAD! Ya disponible la&hellip;\n","protected":false},"author":2,"featured_media":319888,"comment_status":"","ping_status":"","sticky":false,"template":"","format":"standard","meta":{"footnotes":""},"categories":[81],"tags":[119,123,124,25,24,1408,448,1407,1409,117,121,122,23,118,120,226],"class_list":{"0":"post-319887","1":"post","2":"type-post","3":"status-publish","4":"format-standard","5":"has-post-thumbnail","7":"category-ciencia-y-tecnologia","8":"tag-ciencia","9":"tag-ciencia-y-tecnologia","10":"tag-cienciaytecnologia","11":"tag-es","12":"tag-espana","13":"tag-geographic","14":"tag-historia","15":"tag-national","16":"tag-naturaleza","17":"tag-science","18":"tag-science-and-technology","19":"tag-scienceandtechnology","20":"tag-spain","21":"tag-technology","22":"tag-tecnologia","23":"tag-viajes"},"share_on_mastodon":{"url":"https:\/\/pubeurope.com\/@es\/115827950544617346","error":""},"_links":{"self":[{"href":"https:\/\/www.europesays.com\/es\/wp-json\/wp\/v2\/posts\/319887","targetHints":{"allow":["GET"]}}],"collection":[{"href":"https:\/\/www.europesays.com\/es\/wp-json\/wp\/v2\/posts"}],"about":[{"href":"https:\/\/www.europesays.com\/es\/wp-json\/wp\/v2\/types\/post"}],"author":[{"embeddable":true,"href":"https:\/\/www.europesays.com\/es\/wp-json\/wp\/v2\/users\/2"}],"replies":[{"embeddable":true,"href":"https:\/\/www.europesays.com\/es\/wp-json\/wp\/v2\/comments?post=319887"}],"version-history":[{"count":0,"href":"https:\/\/www.europesays.com\/es\/wp-json\/wp\/v2\/posts\/319887\/revisions"}],"wp:featuredmedia":[{"embeddable":true,"href":"https:\/\/www.europesays.com\/es\/wp-json\/wp\/v2\/media\/319888"}],"wp:attachment":[{"href":"https:\/\/www.europesays.com\/es\/wp-json\/wp\/v2\/media?parent=319887"}],"wp:term":[{"taxonomy":"category","embeddable":true,"href":"https:\/\/www.europesays.com\/es\/wp-json\/wp\/v2\/categories?post=319887"},{"taxonomy":"post_tag","embeddable":true,"href":"https:\/\/www.europesays.com\/es\/wp-json\/wp\/v2\/tags?post=319887"}],"curies":[{"name":"wp","href":"https:\/\/api.w.org\/{rel}","templated":true}]}}