{"id":319891,"date":"2026-01-02T22:51:08","date_gmt":"2026-01-02T22:51:08","guid":{"rendered":"https:\/\/www.europesays.com\/es\/319891\/"},"modified":"2026-01-02T22:51:08","modified_gmt":"2026-01-02T22:51:08","slug":"lo-que-hay-que-saber-sobre-las-protestas-masivas-en-iran-dw-02-01-2026","status":"publish","type":"post","link":"https:\/\/www.europesays.com\/es\/319891\/","title":{"rendered":"Lo que hay que saber sobre las protestas masivas en Ir\u00e1n \u2013 DW \u2013 02\/01\/2026"},"content":{"rendered":"<p>Del descontento social surge una protesta abierta contra la c\u00fapula del poder. En enfrentamientos entre manifestantes y fuerzas de seguridad en el oeste del pa\u00eds <a class=\"internal-link\" href=\"https:\/\/www.dw.com\/es\/al-menos-seis-muertos-en-protestas-sociales-en-ir\u00e1n\/a-75362858\" rel=\"nofollow noopener\" target=\"_blank\">murieron hasta seis personas<\/a>, seg\u00fan medios iran\u00edes.<\/p>\n<p>Las protestas comenzaron el domingo y al principio fueron pac\u00edficas. Desde hace d\u00edas, miles de personas se manifiestan en <a class=\"internal-link\" href=\"https:\/\/www.dw.com\/es\/ir\u00e1n\/t-63346395\" rel=\"nofollow noopener\" target=\"_blank\">Ir\u00e1n<\/a>contra el dram\u00e1tico desplome de la moneda y la hist\u00f3rica crisis econ\u00f3mica. Lo que empez\u00f3 como una huelga de comerciantes deriva cada vez m\u00e1s en ira pol\u00edtica, con consignas como \u00abmuerte al dictador\u00bb. Las protestas se han extendido de Teher\u00e1n a otras ciudades como Isfah\u00e1n y Mashhad.<\/p>\n<p>\u00bfEs el actual colapso cambiario una crisis inflacionaria?<\/p>\n<p>Los iran\u00edes deben pagar hoy unos 1,45 millones de riales por un d\u00f3lar estadounidense; hace un a\u00f1o eran unos 820.000. Con su salario mensual a tiempo completo, un iran\u00ed medio apenas alcanza algo m\u00e1s de 100 d\u00f3lares. La consecuencia: incluso comprar alimentos b\u00e1sicos consume un sueldo entero.<\/p>\n<p>En un pa\u00eds dependiente de las importaciones como Ir\u00e1n, un shock inflacionario as\u00ed tiene un efecto social desestabilizador inmediato. La abogada de derechos humanos Gissou Nia, del Atlantic Council, ve en el derrumbe econ\u00f3mico el detonante, pero no el n\u00facleo de las protestas: \u00abComo en las protestas desde diciembre de 2017, suele haber un desencadenante econ\u00f3mico; pero si se escuchan las consignas y se observa la magnitud, se trata de una profunda insatisfacci\u00f3n con el r\u00e9gimen y del deseo de que desaparezca\u00bb. Muchos iran\u00edes ya no interpretan el colapso como una crisis corregible, sino como un fallo sist\u00e9mico del r\u00e9gimen en torno al envejecido l\u00edder supremo <a class=\"internal-link\" href=\"https:\/\/www.dw.com\/es\/jamenei-al\u00ed\/t-36498402\" rel=\"nofollow noopener\" target=\"_blank\">Ali Jamenei<\/a>.<\/p>\n<p><img data-format=\"MASTER_LANDSCAPE\" data-id=\"75331712\" data-url=\"https:\/\/static.dw.com\/image\/75331712_${formatId}.jpg\" data-aspect-ratio=\"16\/9\" alt=\"Coches y personas en un puente en Ir\u00e1n\" style=\"padding-bottom: 56.25%; height: 0; max-height: 0;\"\/>Comerciantes y vendedores ambulantes protestan contra el aumento de los precios y la inflaci\u00f3n.Imagen: Farsnews<\/p>\n<p>\u00bfQu\u00e9 distingue estas protestas de levantamientos anteriores?<\/p>\n<p>Las protestas de finales de 2025 condensan varios ciclos: la ira social (2017-2019), la experiencia de violencia extrema (2019) y la cr\u00edtica cultural al sistema (2022). Esta densidad aumenta el alcance y la capacidad de resistencia del movimiento.<\/p>\n<p>En conversaci\u00f3n con DW, Nia subraya la radicalidad y continuidad de las consignas: \u00abSe oyen lemas como \u2018Zan, Zendegi, Azadi&#8217; -mujer, vida, libertad- en referencia a 2022. Tambi\u00e9n \u2018muerte al dictador&#8217;. El r\u00e9gimen debe irse\u00bb. Las demandas de reformas han desaparecido en gran medida; el objetivo es el propio sistema, con un repertorio com\u00fan que conecta a distintas generaciones.<\/p>\n<p>\u00bfQu\u00e9 papel juega el bazar?<\/p>\n<p>Que las protestas comenzaran en el bazar marca una ruptura hist\u00f3rica. Durante d\u00e9cadas fue la arteria econ\u00f3mica y un ancla de estabilidad pol\u00edtica del sistema, adem\u00e1s de un indicador temprano y multiplicador potencial del descontento. La Revoluci\u00f3n Isl\u00e1mica de 1979 tambi\u00e9n estuvo ligada a una huelga del bazar.<\/p>\n<p>Las huelgas all\u00ed afectan no solo al abastecimiento, sino al n\u00facleo conservador de la rep\u00fablica. Nia habla de la \u00absangre vital de los mercados centrales de Ir\u00e1n\u00bb: los comerciantes y otros se movilizaron porque la situaci\u00f3n econ\u00f3mica ya no es sostenible.<\/p>\n<p>\u00bfCon qu\u00e9 dureza golpea la crisis a la poblaci\u00f3n?<\/p>\n<p>La crisis econ\u00f3mica es ya social e infraestructural. Los ahorros se deval\u00faan, alimentos y medicamentos son dif\u00edciles de pagar o conseguir, y aumentan los cortes de agua y electricidad. Ya no se ven afectados solo los m\u00e1rgenes, sino amplios sectores de la clase media urbana.<\/p>\n<p>\u00abLa realidad es que la gente no puede permitirse alimentos; muchas cosas son impagables\u00bb, analiza Nia. En las ciudades, el agua se corta regularmente desde hace tiempo. Esto probablemente facilite la movilizaci\u00f3n: quien ya no tiene nada material que perder est\u00e1 m\u00e1s dispuesto a asumir el riesgo de la violencia estatal.<\/p>\n<p>\u00bfC\u00f3mo puede el r\u00e9gimen frenar las protestas?<\/p>\n<p>La c\u00fapula pol\u00edtica en Teher\u00e1n env\u00eda se\u00f1ales de apaciguamiento, mientras las fuerzas de seguridad han empezado a reprimir con violencia. A diferencia de olas anteriores, el r\u00e9gimen intenta intimidar desde una fase temprana, se\u00f1al de gran nerviosismo. \u00abVemos v\u00eddeos en l\u00ednea de gases lacrim\u00f3genos y de disparos contra manifestantes pac\u00edficos\u00bb, dice Nia.<\/p>\n<p>El c\u00e1lculo es delicado: cuanto antes recurre el Estado a la violencia, m\u00e1s claramente muestra debilidad. La rutina represiva ya no disuade; para muchos confirma que el r\u00e9gimen no ofrece soluciones pol\u00edticas.<\/p>\n<p>\u00bfQu\u00e9 papel juegan los servicios secretos extranjeros?<\/p>\n<p>El r\u00e9gimen iran\u00ed ha atribuido en el pasado las protestas a la intervenci\u00f3n de servicios secretos extranjeros, especialmente de <a class=\"internal-link\" href=\"https:\/\/www.dw.com\/es\/estados-unidos\/t-17411942\" rel=\"nofollow noopener\" target=\"_blank\">Estados Unidos<\/a> y del archienemigo <a class=\"internal-link\" href=\"https:\/\/www.dw.com\/es\/israel\/t-17412656\" rel=\"nofollow noopener\" target=\"_blank\">Israel<\/a>, al que niega el derecho a existir. Tras el llamado p\u00fablico del Mossad a apoyar las protestas, medios estatales y \u00f3rganos de seguridad reactivaron el relato de una \u00abdesestabilizaci\u00f3n dirigida\u00bb.<\/p>\n<p>Sin embargo, ni la velocidad ni la amplitud social de la movilizaci\u00f3n pueden controlarse de forma realista desde fuera. Para muchos iran\u00edes, la referencia a \u00abconspiraciones extranjeras\u00bb no demuestra fortaleza, sino la desconexi\u00f3n de la realidad por parte del liderazgo iran\u00ed.<\/p>\n<p>(gg\/lgc)<\/p>\n","protected":false},"excerpt":{"rendered":"Del descontento social surge una protesta abierta contra la c\u00fapula del poder. En enfrentamientos entre manifestantes y fuerzas&hellip;\n","protected":false},"author":2,"featured_media":319892,"comment_status":"","ping_status":"","sticky":false,"template":"","format":"standard","meta":{"footnotes":""},"categories":[42],"tags":[17,18,13,14,11,61,62,63,64,19,20,9,10,15,16,12,21,22,65,66,67],"class_list":{"0":"post-319891","1":"post","2":"type-post","3":"status-publish","4":"format-standard","5":"has-post-thumbnail","7":"category-internacional","8":"tag-breaking-news","9":"tag-breakingnews","10":"tag-featured-news","11":"tag-featurednews","12":"tag-headlines","13":"tag-internacional","14":"tag-international","15":"tag-international-news","16":"tag-internationalnews","17":"tag-latest-news","18":"tag-latestnews","19":"tag-news","20":"tag-noticias","21":"tag-noticias-destacadas","22":"tag-noticiasdestacadas","23":"tag-titulares","24":"tag-ultimas-noticias","25":"tag-ultimasnoticias","26":"tag-world","27":"tag-world-news","28":"tag-worldnews"},"share_on_mastodon":{"url":"https:\/\/pubeurope.com\/@es\/115827958283977081","error":""},"_links":{"self":[{"href":"https:\/\/www.europesays.com\/es\/wp-json\/wp\/v2\/posts\/319891","targetHints":{"allow":["GET"]}}],"collection":[{"href":"https:\/\/www.europesays.com\/es\/wp-json\/wp\/v2\/posts"}],"about":[{"href":"https:\/\/www.europesays.com\/es\/wp-json\/wp\/v2\/types\/post"}],"author":[{"embeddable":true,"href":"https:\/\/www.europesays.com\/es\/wp-json\/wp\/v2\/users\/2"}],"replies":[{"embeddable":true,"href":"https:\/\/www.europesays.com\/es\/wp-json\/wp\/v2\/comments?post=319891"}],"version-history":[{"count":0,"href":"https:\/\/www.europesays.com\/es\/wp-json\/wp\/v2\/posts\/319891\/revisions"}],"wp:featuredmedia":[{"embeddable":true,"href":"https:\/\/www.europesays.com\/es\/wp-json\/wp\/v2\/media\/319892"}],"wp:attachment":[{"href":"https:\/\/www.europesays.com\/es\/wp-json\/wp\/v2\/media?parent=319891"}],"wp:term":[{"taxonomy":"category","embeddable":true,"href":"https:\/\/www.europesays.com\/es\/wp-json\/wp\/v2\/categories?post=319891"},{"taxonomy":"post_tag","embeddable":true,"href":"https:\/\/www.europesays.com\/es\/wp-json\/wp\/v2\/tags?post=319891"}],"curies":[{"name":"wp","href":"https:\/\/api.w.org\/{rel}","templated":true}]}}