{"id":319893,"date":"2026-01-02T22:52:20","date_gmt":"2026-01-02T22:52:20","guid":{"rendered":"https:\/\/www.europesays.com\/es\/319893\/"},"modified":"2026-01-02T22:52:20","modified_gmt":"2026-01-02T22:52:20","slug":"zaragoza-estrena-un-espacio-inclusivo-tea-en-la-cabalgata-de-reyes-2026-noticia-ayuntamiento-de-zaragoza","status":"publish","type":"post","link":"https:\/\/www.europesays.com\/es\/319893\/","title":{"rendered":"Zaragoza estrena un Espacio Inclusivo TEA en la Cabalgata de Reyes 2026. Noticia. Ayuntamiento de Zaragoza"},"content":{"rendered":"<p>      Cuerpo de la noticia<\/p>\n<p data-end=\"843\" data-start=\"405\">El Ayuntamiento de Zaragoza, en colaboraci\u00f3n con ATADES, pone en marcha un proyecto piloto para hacer la Cabalgata de Reyes 2026 m\u00e1s accesible a todos los ni\u00f1os y ni\u00f1as. El <strong data-end=\"626\" data-start=\"601\">Espacio Inclusivo TEA<\/strong>, ubicado al inicio del recorrido en la avenida Anselmo Clav\u00e9 junto a CaixaForum, ofrecer\u00e1 un tramo silencioso sin m\u00fasica ni sonidos estridentes, pensado para un entorno m\u00e1s amable desde el punto de vista sensorial.<\/p>\n<p data-end=\"1115\" data-start=\"845\">Este espacio tiene capacidad para <strong data-end=\"894\" data-start=\"879\">60 personas<\/strong>, distribuidas entre 30 menores de hasta 14 a\u00f1os y 30 acompa\u00f1antes, seleccionados mediante sorteo entre las asociaciones de Autismo Zaragoza: Autismo, Autismo Arag\u00f3n, Asperger Arag\u00f3n, Teadir Arag\u00f3n y Asociaci\u00f3n Valemos.<\/p>\n<p data-end=\"1299\" data-start=\"1117\">La iniciativa refuerza el compromiso de la ciudad con la <strong data-end=\"1216\" data-start=\"1174\">inclusi\u00f3n y la accesibilidad universal<\/strong>, y, de resultar positiva, podr\u00eda ampliarse en futuras ediciones de la cabalgata.<\/p>\n<p data-end=\"1502\" data-start=\"1301\">Adem\u00e1s, como en a\u00f1os anteriores, la Cabalgata contar\u00e1 con <strong data-end=\"1372\" data-start=\"1359\">zonas PMR<\/strong> para personas con movilidad reducida, ubicadas estrat\u00e9gicamente para garantizar visibilidad y comodidad a todos los asistentes.<\/p>\n<p data-end=\"1890\" data-start=\"1504\">El desfile partir\u00e1 del <strong data-end=\"1549\" data-start=\"1527\">CEIP Joaqu\u00edn Costa<\/strong> a las 17:30 h (cabalgata comercial) y 18:00 h (cabalgata art\u00edstica), recorriendo General Mayand\u00eda, Avenida Anselmo Clav\u00e9, Paseo Teruel, Puerta del Carmen, C\u00e9sar Augusto, Coso y la calle Alfonso hasta la <strong data-end=\"1772\" data-start=\"1753\">Plaza del Pilar<\/strong>, donde los Reyes visitar\u00e1n el Bel\u00e9n, entregar\u00e1n regalos y dirigir\u00e1n unas palabras desde el balc\u00f3n del Ayuntamiento.<\/p>\n","protected":false},"excerpt":{"rendered":"Cuerpo de la noticia El Ayuntamiento de Zaragoza, en colaboraci\u00f3n con ATADES, pone en marcha un proyecto piloto&hellip;\n","protected":false},"author":2,"featured_media":319894,"comment_status":"","ping_status":"","sticky":false,"template":"","format":"standard","meta":{"footnotes":""},"categories":[8],"tags":[17,18,25,24,13,14,11,19,20,9,10,15,16,23,12,21,22],"class_list":{"0":"post-319893","1":"post","2":"type-post","3":"status-publish","4":"format-standard","5":"has-post-thumbnail","7":"category-espana","8":"tag-breaking-news","9":"tag-breakingnews","10":"tag-es","11":"tag-espana","12":"tag-featured-news","13":"tag-featurednews","14":"tag-headlines","15":"tag-latest-news","16":"tag-latestnews","17":"tag-news","18":"tag-noticias","19":"tag-noticias-destacadas","20":"tag-noticiasdestacadas","21":"tag-spain","22":"tag-titulares","23":"tag-ultimas-noticias","24":"tag-ultimasnoticias"},"share_on_mastodon":{"url":"https:\/\/pubeurope.com\/@es\/115827962276498342","error":""},"_links":{"self":[{"href":"https:\/\/www.europesays.com\/es\/wp-json\/wp\/v2\/posts\/319893","targetHints":{"allow":["GET"]}}],"collection":[{"href":"https:\/\/www.europesays.com\/es\/wp-json\/wp\/v2\/posts"}],"about":[{"href":"https:\/\/www.europesays.com\/es\/wp-json\/wp\/v2\/types\/post"}],"author":[{"embeddable":true,"href":"https:\/\/www.europesays.com\/es\/wp-json\/wp\/v2\/users\/2"}],"replies":[{"embeddable":true,"href":"https:\/\/www.europesays.com\/es\/wp-json\/wp\/v2\/comments?post=319893"}],"version-history":[{"count":0,"href":"https:\/\/www.europesays.com\/es\/wp-json\/wp\/v2\/posts\/319893\/revisions"}],"wp:featuredmedia":[{"embeddable":true,"href":"https:\/\/www.europesays.com\/es\/wp-json\/wp\/v2\/media\/319894"}],"wp:attachment":[{"href":"https:\/\/www.europesays.com\/es\/wp-json\/wp\/v2\/media?parent=319893"}],"wp:term":[{"taxonomy":"category","embeddable":true,"href":"https:\/\/www.europesays.com\/es\/wp-json\/wp\/v2\/categories?post=319893"},{"taxonomy":"post_tag","embeddable":true,"href":"https:\/\/www.europesays.com\/es\/wp-json\/wp\/v2\/tags?post=319893"}],"curies":[{"name":"wp","href":"https:\/\/api.w.org\/{rel}","templated":true}]}}