{"id":320009,"date":"2026-01-03T00:23:07","date_gmt":"2026-01-03T00:23:07","guid":{"rendered":"https:\/\/www.europesays.com\/es\/320009\/"},"modified":"2026-01-03T00:23:07","modified_gmt":"2026-01-03T00:23:07","slug":"los-destinos-que-daran-que-hablar-en-2026-de-los-dolomitas-a-la-mitica-route-66-y-algun-completo-desconocido-el-mundo","status":"publish","type":"post","link":"https:\/\/www.europesays.com\/es\/320009\/","title":{"rendered":"Los destinos que dar\u00e1n que hablar en 2026: de los Dolomitas a la m\u00edtica Route 66 y alg\u00fan completo desconocido &#8211; El Mundo"},"content":{"rendered":"<ol>\n<li><a href=\"https:\/\/news.google.com\/rss\/articles\/CBMihAFBVV95cUxNT0tZUkhULTNGbTh4YUtFVkNqSmh6cy1mX2xuVG81QlA5QldKUk91THhkekQzVDJqeWhobnVhTnF1Qk5zbDl3WjIxRWVleHBydld2aFNTT0UtbG5xSW1ndFE1VE53MzFZNmhFWVdsYWtWYUdFQWVBbGdIUmh3dDRSNHFvSmPSAYQBQVVfeXFMTmJ0dU05SUVubHZIMENSSklJdTYwWEpRdVZOV2lqcTJhVjk5SGM4d2c3VENpdHlGcXpBdzBLd1lxYnVraHpEZ0p3TUZCYzYxOGZDU2hsVW50anY2QTZ0T3l3OXVuWmhHWmREMTBmdkJmOTNPcVpRSUZhLVU3ZG11QU5CekpK?oc=5\" target=\"_blank\" rel=\"nofollow noopener\">Los destinos que dar\u00e1n que hablar en 2026: de los Dolomitas a la m\u00edtica Route 66 y alg\u00fan completo desconocido<\/a>&nbsp;&nbsp;El Mundo<\/li>\n<li><a href=\"https:\/\/news.google.com\/rss\/articles\/CBMi1AFBVV95cUxQOTRSY2IxbGl3NkxsWG5Dcktsd0VIdkxUQXFOT05ZcXY2Um9KX3NRTHZsWUl2bEhxX0RySlIzNm1YckFlVnByRXdTNUF3UWRZaTJyR1FqSGNUSU40VXdWell1OXJyeW5iWG5vM2M2NVFZY1VZWmFwY0lIdTNvU1h5R3RDd01ZenhJRWV1WE1OTzFISDBGRm1ENjNMYnNvQTF4MnRNUmJXX0l2WXYtWGdGSHJzTHhBNl9TcDNHalVCM0ZtYVpPTmJwWXhzOEtKRnhqdGFWYQ?oc=5\" target=\"_blank\" rel=\"nofollow noopener\">De Sri Lanka a Huesca: 36 planes divididos por meses para disfrutar de un 2026 lleno de viajes<\/a>&nbsp;&nbsp;EL PA\u00cdS<\/li>\n<li><a href=\"https:\/\/news.google.com\/rss\/articles\/CBMiuAFBVV95cUxQdmdOSDFCN1hWMXRCV0wyWVlYZlhnRWlfUTAtRll6Yk8tdXNfUTk5eXdYNFEwbTRyN2E3NHVtWTZRRU9BMVUxM3RTNlZXMzFiTWRiZTlqb3NHWUtSODhQX2M5N3NSMFhIS1hwQXhWTldxX0J1RmQ3LU9aXzVHZnRxWGdKbmVaUGFXODdBVEwteGNEeU0yc3BhRWZTUEdBejhHZUZ5Z005alRmUGVhN3ZSblVrN1JzV2FV?oc=5\" target=\"_blank\" rel=\"nofollow noopener\">12 meses, 12 destinos: los mejores sitios que visitar este 2026 seg\u00fan un viajero experimentado<\/a>&nbsp;&nbsp;elDiario.es<\/li>\n<li><a href=\"https:\/\/news.google.com\/rss\/articles\/CBMidEFVX3lxTE1pTzh3a01BT2VteDVzTXB2T3I3X0hsRkl4b283SDU0MzVESVEtWTc5d3BHU3F5UHR1YjFNaU50VnptMTY0QzQ3bjh1c05EOU9WMkpfdTJzeWVJTUMxR1VUWXc1ZW1LcmlxdmdWa3VEZ3dPSkdG?oc=5\" target=\"_blank\" rel=\"nofollow noopener\">Mejores destinos de Europa 2026: dinos qu\u00e9 buscas y te diremos d\u00f3nde viajar<\/a>&nbsp;&nbsp;Vogue Espa\u00f1a<\/li>\n<li><a href=\"https:\/\/news.google.com\/rss\/articles\/CBMihgFBVV95cUxOWUR5WWstRV95T29CNzkwcm1FLWgxZ0dIQTBCWV9SZ2tEaFlZQ3FFZ25YSDRXRHZvOEk1RTg2aV9wcW9tNEpob3J6M0lTckowSFdKZ3U1ZUFyV0lkYVBNeUh3b0E0R0wxWkRkYWhka1MwaXh4eWxGc2ZIQTA0b1JFRUlsMTFxZw?oc=5\" target=\"_blank\" rel=\"nofollow noopener\">Estos son los mejores pa\u00edses para viajar en 2026<\/a>&nbsp;&nbsp;Vozp\u00f3puli<\/li>\n<\/ol>\n","protected":false},"excerpt":{"rendered":"Los destinos que dar\u00e1n que hablar en 2026: de los Dolomitas a la m\u00edtica Route 66 y alg\u00fan&hellip;\n","protected":false},"author":2,"featured_media":320010,"comment_status":"","ping_status":"","sticky":false,"template":"","format":"standard","meta":{"footnotes":""},"categories":[42],"tags":[17,18,36030,7900,13,14,11,61,62,63,64,19,20,9,10,15,16,12,4664,21,22,226,74552,65,66,67],"class_list":{"0":"post-320009","1":"post","2":"type-post","3":"status-publish","4":"format-standard","5":"has-post-thumbnail","7":"category-internacional","8":"tag-breaking-news","9":"tag-breakingnews","10":"tag-escapadas","11":"tag-estilo-de-vida","12":"tag-featured-news","13":"tag-featurednews","14":"tag-headlines","15":"tag-internacional","16":"tag-international","17":"tag-international-news","18":"tag-internationalnews","19":"tag-latest-news","20":"tag-latestnews","21":"tag-news","22":"tag-noticias","23":"tag-noticias-destacadas","24":"tag-noticiasdestacadas","25":"tag-titulares","26":"tag-turismo","27":"tag-ultimas-noticias","28":"tag-ultimasnoticias","29":"tag-viajes","30":"tag-viajes-el-baul","31":"tag-world","32":"tag-world-news","33":"tag-worldnews"},"share_on_mastodon":{"url":"https:\/\/pubeurope.com\/@es\/115828320057244568","error":""},"_links":{"self":[{"href":"https:\/\/www.europesays.com\/es\/wp-json\/wp\/v2\/posts\/320009","targetHints":{"allow":["GET"]}}],"collection":[{"href":"https:\/\/www.europesays.com\/es\/wp-json\/wp\/v2\/posts"}],"about":[{"href":"https:\/\/www.europesays.com\/es\/wp-json\/wp\/v2\/types\/post"}],"author":[{"embeddable":true,"href":"https:\/\/www.europesays.com\/es\/wp-json\/wp\/v2\/users\/2"}],"replies":[{"embeddable":true,"href":"https:\/\/www.europesays.com\/es\/wp-json\/wp\/v2\/comments?post=320009"}],"version-history":[{"count":0,"href":"https:\/\/www.europesays.com\/es\/wp-json\/wp\/v2\/posts\/320009\/revisions"}],"wp:featuredmedia":[{"embeddable":true,"href":"https:\/\/www.europesays.com\/es\/wp-json\/wp\/v2\/media\/320010"}],"wp:attachment":[{"href":"https:\/\/www.europesays.com\/es\/wp-json\/wp\/v2\/media?parent=320009"}],"wp:term":[{"taxonomy":"category","embeddable":true,"href":"https:\/\/www.europesays.com\/es\/wp-json\/wp\/v2\/categories?post=320009"},{"taxonomy":"post_tag","embeddable":true,"href":"https:\/\/www.europesays.com\/es\/wp-json\/wp\/v2\/tags?post=320009"}],"curies":[{"name":"wp","href":"https:\/\/api.w.org\/{rel}","templated":true}]}}