{"id":320011,"date":"2026-01-03T00:24:38","date_gmt":"2026-01-03T00:24:38","guid":{"rendered":"https:\/\/www.europesays.com\/es\/320011\/"},"modified":"2026-01-03T00:24:38","modified_gmt":"2026-01-03T00:24:38","slug":"celebrado-el-tradicional-sorteo-en-la-gasolinera-tamoil-antes-del-dia-de-reyes","status":"publish","type":"post","link":"https:\/\/www.europesays.com\/es\/320011\/","title":{"rendered":"Celebrado el tradicional sorteo en la gasolinera Tamoil antes del D\u00eda de Reyes"},"content":{"rendered":"<p>Como tambi\u00e9n ocurri\u00f3 hace unos d\u00edas con motivo de la Navidad, la gasolinera de la Tamoil, de Combustibles del Estrecho (Codes), ha realizado este viernes un sorteo de productos entre sus clientes, en esta ocasi\u00f3n por la cercan\u00eda a la festividad de los Reyes Magos. Entre los testigos del sorteo se encontraba el teniente de alcalde de Estaci\u00f3n, Taraguilla y Miraflores, Juan Serv\u00e1n, y los concejales, Roc\u00edo Fern\u00e1ndez y Abel Heredia. Para obtener las papeletas de estos sorteos hab\u00eda que consumir por un precio m\u00ednimo fijado por Codes tanto en la gasolinera como en el restaurante.<\/p>\n<p>El teniente de alcalde de Estaci\u00f3n, Taraguilla y Miraflores, Juan Serv\u00e1n, se felicit\u00f3 por la larga historia de estos sorteos, que alegar en estos d\u00edas de fiestas a los usuarios de la Estaci\u00f3n de servicio.<\/p>\n","protected":false},"excerpt":{"rendered":"Como tambi\u00e9n ocurri\u00f3 hace unos d\u00edas con motivo de la Navidad, la gasolinera de la Tamoil, de Combustibles&hellip;\n","protected":false},"author":2,"featured_media":320012,"comment_status":"","ping_status":"","sticky":false,"template":"","format":"standard","meta":{"footnotes":""},"categories":[8],"tags":[1250,17,18,2193,2191,25,24,13,14,2190,11,19,20,9,10,15,16,2186,2189,2185,2187,23,2192,12,2188,21,22],"class_list":{"0":"post-320011","1":"post","2":"type-post","3":"status-publish","4":"format-standard","5":"has-post-thumbnail","7":"category-espana","8":"tag-ayuntamiento","9":"tag-breaking-news","10":"tag-breakingnews","11":"tag-cadiz","12":"tag-campamento","13":"tag-es","14":"tag-espana","15":"tag-featured-news","16":"tag-featurednews","17":"tag-guadiaro","18":"tag-headlines","19":"tag-latest-news","20":"tag-latestnews","21":"tag-news","22":"tag-noticias","23":"tag-noticias-destacadas","24":"tag-noticiasdestacadas","25":"tag-roque","26":"tag-san-enrique","27":"tag-san-roque","28":"tag-soto-grande","29":"tag-spain","30":"tag-taraguilla","31":"tag-titulares","32":"tag-torreguadiaro","33":"tag-ultimas-noticias","34":"tag-ultimasnoticias"},"share_on_mastodon":{"url":"https:\/\/pubeurope.com\/@es\/115828324087065125","error":""},"_links":{"self":[{"href":"https:\/\/www.europesays.com\/es\/wp-json\/wp\/v2\/posts\/320011","targetHints":{"allow":["GET"]}}],"collection":[{"href":"https:\/\/www.europesays.com\/es\/wp-json\/wp\/v2\/posts"}],"about":[{"href":"https:\/\/www.europesays.com\/es\/wp-json\/wp\/v2\/types\/post"}],"author":[{"embeddable":true,"href":"https:\/\/www.europesays.com\/es\/wp-json\/wp\/v2\/users\/2"}],"replies":[{"embeddable":true,"href":"https:\/\/www.europesays.com\/es\/wp-json\/wp\/v2\/comments?post=320011"}],"version-history":[{"count":0,"href":"https:\/\/www.europesays.com\/es\/wp-json\/wp\/v2\/posts\/320011\/revisions"}],"wp:featuredmedia":[{"embeddable":true,"href":"https:\/\/www.europesays.com\/es\/wp-json\/wp\/v2\/media\/320012"}],"wp:attachment":[{"href":"https:\/\/www.europesays.com\/es\/wp-json\/wp\/v2\/media?parent=320011"}],"wp:term":[{"taxonomy":"category","embeddable":true,"href":"https:\/\/www.europesays.com\/es\/wp-json\/wp\/v2\/categories?post=320011"},{"taxonomy":"post_tag","embeddable":true,"href":"https:\/\/www.europesays.com\/es\/wp-json\/wp\/v2\/tags?post=320011"}],"curies":[{"name":"wp","href":"https:\/\/api.w.org\/{rel}","templated":true}]}}