{"id":320027,"date":"2026-01-03T00:38:09","date_gmt":"2026-01-03T00:38:09","guid":{"rendered":"https:\/\/www.europesays.com\/es\/320027\/"},"modified":"2026-01-03T00:38:09","modified_gmt":"2026-01-03T00:38:09","slug":"nueva-york-se-transforma-en-navidad","status":"publish","type":"post","link":"https:\/\/www.europesays.com\/es\/320027\/","title":{"rendered":"Nueva York se transforma en Navidad"},"content":{"rendered":"<p class=\"mce\">El destino de esta semana es una de las ciudades m\u00e1s vibrantes y diversas del mundo: <strong class=\"mce\">Nueva York<\/strong>. Adem\u00e1s, la visitamos en una de las \u00e9pocas donde se transforma de manera muy especial, en Navidad.<\/p>\n<p class=\"mce\">En este viaje no nos perderemos actividades \u00fanicas como patinar sobre hielo en el Rockefeller o en Bryant Park. Pasearemos por <strong class=\"mce\">Central Park, el Empire State o los mercadillos navide\u00f1os.<\/strong><\/p>\n<p class=\"mce\"><strong class=\"mce\">Conrado, Maria y Luli,<\/strong> nuestros madrile\u00f1os en Nueva York, nos acompa\u00f1ar\u00e1n en este viaje en el que la Navidad cobra un protagonismo \u00fanico en esta ciudad de ensue\u00f1o.<\/p>\n","protected":false},"excerpt":{"rendered":"El destino de esta semana es una de las ciudades m\u00e1s vibrantes y diversas del mundo: Nueva York.&hellip;\n","protected":false},"author":2,"featured_media":320028,"comment_status":"","ping_status":"","sticky":false,"template":"","format":"standard","meta":{"footnotes":""},"categories":[171],"tags":[517,209,168,95,2666,146,147,25,24,2661,2660,2665,2659,2667,2663,2662,2664,492,23,214,21],"class_list":{"0":"post-320027","1":"post","2":"type-post","3":"status-publish","4":"format-standard","5":"has-post-thumbnail","7":"category-tv","8":"tag-actualidad","9":"tag-cultura","10":"tag-deportes","11":"tag-economia","12":"tag-emision-en-directo","13":"tag-entertainment","14":"tag-entretenimiento","15":"tag-es","16":"tag-espana","17":"tag-internacionales","18":"tag-nacionales","19":"tag-noticias-de-hoy","20":"tag-noticias-de-madrid","21":"tag-podcast","22":"tag-programas-de-telemadrid","23":"tag-programas-de-television","24":"tag-programas-onda-madrid","25":"tag-sociedad","26":"tag-spain","27":"tag-tv","28":"tag-ultimas-noticias"},"share_on_mastodon":{"url":"https:\/\/pubeurope.com\/@es\/115828378965434988","error":""},"_links":{"self":[{"href":"https:\/\/www.europesays.com\/es\/wp-json\/wp\/v2\/posts\/320027","targetHints":{"allow":["GET"]}}],"collection":[{"href":"https:\/\/www.europesays.com\/es\/wp-json\/wp\/v2\/posts"}],"about":[{"href":"https:\/\/www.europesays.com\/es\/wp-json\/wp\/v2\/types\/post"}],"author":[{"embeddable":true,"href":"https:\/\/www.europesays.com\/es\/wp-json\/wp\/v2\/users\/2"}],"replies":[{"embeddable":true,"href":"https:\/\/www.europesays.com\/es\/wp-json\/wp\/v2\/comments?post=320027"}],"version-history":[{"count":0,"href":"https:\/\/www.europesays.com\/es\/wp-json\/wp\/v2\/posts\/320027\/revisions"}],"wp:featuredmedia":[{"embeddable":true,"href":"https:\/\/www.europesays.com\/es\/wp-json\/wp\/v2\/media\/320028"}],"wp:attachment":[{"href":"https:\/\/www.europesays.com\/es\/wp-json\/wp\/v2\/media?parent=320027"}],"wp:term":[{"taxonomy":"category","embeddable":true,"href":"https:\/\/www.europesays.com\/es\/wp-json\/wp\/v2\/categories?post=320027"},{"taxonomy":"post_tag","embeddable":true,"href":"https:\/\/www.europesays.com\/es\/wp-json\/wp\/v2\/tags?post=320027"}],"curies":[{"name":"wp","href":"https:\/\/api.w.org\/{rel}","templated":true}]}}