{"id":320081,"date":"2026-01-03T01:26:15","date_gmt":"2026-01-03T01:26:15","guid":{"rendered":"https:\/\/www.europesays.com\/es\/320081\/"},"modified":"2026-01-03T01:26:15","modified_gmt":"2026-01-03T01:26:15","slug":"el-adios-mas-doloroso-de-suenos-de-libertad-y-la-huella-profunda-que-ha-dejado-en-la-historia-de-la-serie","status":"publish","type":"post","link":"https:\/\/www.europesays.com\/es\/320081\/","title":{"rendered":"El adi\u00f3s m\u00e1s doloroso de &#8216;Sue\u00f1os de Libertad&#8217; y la huella profunda que ha dejado en la historia de la serie"},"content":{"rendered":"<p data-journey-content=\"true\" data-node-id=\"3\" class=\"css-6wxqfj emevuu60\">Entre todos los giros, despedidas y sobresaltos que ha dejado &#8216;<a href=\"https:\/\/www.diezminutos.es\/suenos-de-libertad\/\" target=\"_blank\" data-vars-ga-outbound-link=\"https:\/\/www.diezminutos.es\/suenos-de-libertad\/\" data-vars-ga-ux-element=\"Hyperlink\" data-vars-ga-call-to-action=\"Sue\u00f1os de Libertad\" data-node-id=\"3.1\" class=\"body-link css-177bzfx emevuu60\" rel=\"nofollow noopener\">Sue\u00f1os de Libertad<\/a>&#8216; en los \u00faltimos meses, hay uno que ha calado de forma especialmente profunda en la audiencia: la marcha de Alba Brunet, la actriz que da vida a Fina. Su adi\u00f3s no solo ha sido uno de los m\u00e1s dolorosos de la serie, sino tambi\u00e9n <strong data-node-id=\"3.3\">uno de los que m\u00e1s ha marcado la evoluci\u00f3n de la historia<\/strong>. Y aunque todo apunte a que su ausencia ser\u00e1 temporal \u2014la actriz se encuentra de baja por maternidad\u2014, el vac\u00edo que deja su personaje es imposible de ignorar.<\/p>\n<p data-journey-content=\"true\" data-node-id=\"6\" class=\"css-6wxqfj emevuu60\"><a href=\"https:\/\/www.diezminutos.es\/telenovela\/espanolas\/a65857285\/suenos-de-libertad-muerte-santiago-fina-despedida-alba-brunet-serie-antena-3\/\" target=\"_blank\" data-vars-ga-outbound-link=\"https:\/\/www.diezminutos.es\/telenovela\/espanolas\/a65857285\/suenos-de-libertad-muerte-santiago-fina-despedida-alba-brunet-serie-antena-3\/\" data-vars-ga-ux-element=\"Hyperlink\" data-vars-ga-call-to-action=\"Fina (Alba Brunet)\" data-node-id=\"6.0\" class=\"body-link css-177bzfx emevuu60\" rel=\"nofollow noopener\">Fina (Alba Brunet)<\/a> ha sido, desde el inicio, uno de los corazones emocionales de la ficci\u00f3n. Su mezcla de fortaleza, vulnerabilidad y dignidad silenciosa la convirti\u00f3 en un personaje imprescindible dentro del universo de la colonia. <strong data-node-id=\"6.2\">Representaba la lucha diaria de tantas mujeres invisibles<\/strong>, atrapadas entre las normas sociales y sus propios deseos, pero tambi\u00e9n la esperanza de que la bondad y la resistencia pueden abrirse camino incluso en los entornos m\u00e1s hostiles. Por eso su despedida ha dolido tanto: porque no se marcha solo una trama, sino una presencia que sosten\u00eda a muchos otros personajes.<\/p>\n<p><img draggable=\"true\" alt=\"mafin\" title=\"Mafin\" loading=\"lazy\" width=\"3500\" height=\"2333\" decoding=\"async\" data-nimg=\"1\" style=\"color:transparent;width:100%;height:auto;\"   src=\"https:\/\/www.europesays.com\/es\/wp-content\/uploads\/2026\/01\/mafin-67175403a9c04.jpg\" class=\"css-0 e1g79fud0\"\/><\/p>\n<p>Manuel Fiestas Moreno<\/p>\n<p data-journey-content=\"true\" data-node-id=\"9\" class=\"css-6wxqfj emevuu60\">Narrativamente, su salida ha actuado como un terremoto. Ha reconfigurado relaciones, ha dejado heridas abiertas y ha obligado a otros personajes a enfrentarse a sus propios l\u00edmites. La ausencia de Fina ha puesto en evidencia cu\u00e1nto depend\u00edan de ella algunos equilibrios internos, y c\u00f3mo su mirada \u2014<strong data-node-id=\"9.1\">siempre honesta, siempre sensible<\/strong>\u2014 funcionaba como br\u00fajula moral en un entorno lleno de tensiones. Su marcha ha permitido que afloren conflictos latentes y ha a\u00f1adido una capa de melancol\u00eda que atraviesa la serie de forma silenciosa pero constante.<\/p>\n<p>El adi\u00f3s temporal de Alba Brunet a la ficci\u00f3n &#8216;Sue\u00f1os de libertad&#8217;<img draggable=\"true\" alt=\"suenos de libertad fina\" title=\"suenos de libertad fina\" loading=\"lazy\" width=\"3500\" height=\"2333\" decoding=\"async\" data-nimg=\"1\" style=\"color:transparent;width:100%;height:auto;\"   src=\"https:\/\/www.europesays.com\/es\/wp-content\/uploads\/2025\/08\/alta-sdl-t03-e376-09-17-3-25-cmanuelfiestas-1415-689e30f62cf34.jpg\" class=\"css-0 e1g79fud0\"\/><\/p>\n<p>Antena3<\/p>\n<p data-journey-content=\"true\" data-node-id=\"15\" class=\"css-6wxqfj emevuu60\">Sin embargo, el impacto de su adi\u00f3s tambi\u00e9n tiene un reverso esperanzador. Porque, aunque la historia la despida por ahora, todo apunta a que Fina regresar\u00e1 a la ficci\u00f3n una vez que <a href=\"https:\/\/www.diezminutos.es\/telenovela\/espanolas\/a65856620\/alba-brunet-actriz-suenos-de-libertad-madre-primera-vez-pareja-pep-ambros\/\" target=\"_blank\" data-vars-ga-outbound-link=\"https:\/\/www.diezminutos.es\/telenovela\/espanolas\/a65856620\/alba-brunet-actriz-suenos-de-libertad-madre-primera-vez-pareja-pep-ambros\/\" data-vars-ga-ux-element=\"Hyperlink\" data-vars-ga-call-to-action=\"Alba Brunet\" data-node-id=\"15.1\" class=\"body-link css-177bzfx emevuu60\" rel=\"nofollow noopener\">Alba Brunet<\/a> retome su actividad. Y ese posible retorno se siente ya como una promesa narrativa: la oportunidad de cerrar heridas, de reactivar v\u00ednculos y de devolver a la serie una de sus voces m\u00e1s humanas. <strong data-node-id=\"15.3\">Su vuelta podr\u00eda convertirse en uno de los momentos m\u00e1s esperados de 2026<\/strong>, un reencuentro capaz de reordenar la trama y de ofrecer a los espectadores la catarsis que ahora mismo parece suspendida. El adi\u00f3s de Fina ha marcado &#8216;<a href=\"https:\/\/www.diezminutos.es\/telenovela\/espanolas\/a69867609\/suenos-de-libertad-capitulos-avance-giro-inesperado\/\" target=\"_blank\" data-vars-ga-outbound-link=\"https:\/\/www.diezminutos.es\/telenovela\/espanolas\/a69867609\/suenos-de-libertad-capitulos-avance-giro-inesperado\/\" data-vars-ga-ux-element=\"Hyperlink\" data-vars-ga-call-to-action=\"Sue\u00f1os de Libertad\" data-node-id=\"15.5\" class=\"body-link css-177bzfx emevuu60\" rel=\"nofollow noopener\">Sue\u00f1os de Libertad<\/a>&#8216; porque ha tocado algo esencial: la importancia de los personajes que no necesitan grandes gestos para dejar huella. Y cuando regrese, si lo hace, la historia tendr\u00e1 la oportunidad de latir de nuevo con esa sensibilidad que solo ella sabe aportar.<\/p>\n<p><img src=\"https:\/\/www.europesays.com\/es\/wp-content\/uploads\/2026\/01\/1767403575_503_43af9b8f-983e-4e74-8e74-9a7479b0966b_1681831601.file.png\" alt=\"Headshot of Pilar Mart\u00ednez\" title=\"Headshot of Pilar Mart\u00ednez\" width=\"100%\" height=\"100%\" decoding=\"async\" loading=\"lazy\" class=\"css-o0wq4v ev8dhu53\"\/><\/p>\n<p>Pilar Mart\u00ednez es periodista especializada en contenidos de televisi\u00f3n y cultura, se gradu\u00f3 en la carrera en Periodismo en la Facultad de Ciencias de la Informaci\u00f3n (Universidad Complutense de Madrid) en el a\u00f1o 2018. Desde entonces ha pasado por las redacciones de Ecoteuve (El Economista), donde realiz\u00f3 sus primeras pr\u00e1cticas durante el verano del 2016.<\/p>\n<p>Posteriormente, concretamente, en el a\u00f1o 2017 se pas\u00f3 al grupo Hearst Espa\u00f1a, donde comenz\u00f3 su andadura en las revistas de televisi\u00f3n: Supertele, Teleprograma, Telenovela. Ahora colabora con Diez Minutos, en su versi\u00f3n web, donde se encarga de realizar los avances semanales de las ficciones diarias de moda, as\u00ed como entrevistas y art\u00edculos sobre los melodramas o telenovelas que aterrizan en nuestro pa\u00eds y aquellos que est\u00e1n por venir.<\/p>\n<p>Toda una cazadora de exclusivas. A esto, se suma su puesto como redactora jefe de la secci\u00f3n de novela narrativa en la revista Culturamas, medio digital de alto impacto al que lleva unida desde el a\u00f1o 2013. \u00c1vida lectora, cin\u00e9fila y seri\u00e9fila de primer nivel, ha hecho de su vocaci\u00f3n su oficio. \u00a0<\/p>\n","protected":false},"excerpt":{"rendered":"Entre todos los giros, despedidas y sobresaltos que ha dejado &#8216;Sue\u00f1os de Libertad&#8216; en los \u00faltimos meses, hay&hellip;\n","protected":false},"author":2,"featured_media":320082,"comment_status":"","ping_status":"","sticky":false,"template":"","format":"standard","meta":{"footnotes":""},"categories":[171],"tags":[253,146,147,25,24,23,214],"class_list":{"0":"post-320081","1":"post","2":"type-post","3":"status-publish","4":"format-standard","5":"has-post-thumbnail","7":"category-tv","8":"tag-discover","9":"tag-entertainment","10":"tag-entretenimiento","11":"tag-es","12":"tag-espana","13":"tag-spain","14":"tag-tv"},"share_on_mastodon":{"url":"https:\/\/pubeurope.com\/@es\/115828567793962784","error":""},"_links":{"self":[{"href":"https:\/\/www.europesays.com\/es\/wp-json\/wp\/v2\/posts\/320081","targetHints":{"allow":["GET"]}}],"collection":[{"href":"https:\/\/www.europesays.com\/es\/wp-json\/wp\/v2\/posts"}],"about":[{"href":"https:\/\/www.europesays.com\/es\/wp-json\/wp\/v2\/types\/post"}],"author":[{"embeddable":true,"href":"https:\/\/www.europesays.com\/es\/wp-json\/wp\/v2\/users\/2"}],"replies":[{"embeddable":true,"href":"https:\/\/www.europesays.com\/es\/wp-json\/wp\/v2\/comments?post=320081"}],"version-history":[{"count":0,"href":"https:\/\/www.europesays.com\/es\/wp-json\/wp\/v2\/posts\/320081\/revisions"}],"wp:featuredmedia":[{"embeddable":true,"href":"https:\/\/www.europesays.com\/es\/wp-json\/wp\/v2\/media\/320082"}],"wp:attachment":[{"href":"https:\/\/www.europesays.com\/es\/wp-json\/wp\/v2\/media?parent=320081"}],"wp:term":[{"taxonomy":"category","embeddable":true,"href":"https:\/\/www.europesays.com\/es\/wp-json\/wp\/v2\/categories?post=320081"},{"taxonomy":"post_tag","embeddable":true,"href":"https:\/\/www.europesays.com\/es\/wp-json\/wp\/v2\/tags?post=320081"}],"curies":[{"name":"wp","href":"https:\/\/api.w.org\/{rel}","templated":true}]}}