{"id":320120,"date":"2026-01-03T01:57:12","date_gmt":"2026-01-03T01:57:12","guid":{"rendered":"https:\/\/www.europesays.com\/es\/320120\/"},"modified":"2026-01-03T01:57:12","modified_gmt":"2026-01-03T01:57:12","slug":"catalana-occidente-deja-de-cotizar-desde-el-proximo-lunes-dia-5-expansion","status":"publish","type":"post","link":"https:\/\/www.europesays.com\/es\/320120\/","title":{"rendered":"Catalana Occidente deja de cotizar desde el pr\u00f3ximo lunes, d\u00eda 5 &#8211; Expansi\u00f3n"},"content":{"rendered":"<ol>\n<li><a href=\"https:\/\/news.google.com\/rss\/articles\/CBMiiwFBVV95cUxNdjhWOUNVYl81R19wSlhTU3dCcy1Db19icXhfaTBTSGtZelh5QXppT2dCTU9QR2hXUEFVOEFBWDRVcDlTeGZockhyYkxYY3VXRENqNkFyZy1OQXVXbmtxWGd3Z3ZDeEZwMWpOTl9NbWp3Z0ctVXlNc1c2VlVRUzlLUXJvUW1aRVpwd1pR?oc=5\" target=\"_blank\" rel=\"nofollow noopener\">Catalana Occidente deja de cotizar desde el pr\u00f3ximo lunes, d\u00eda 5<\/a>&nbsp;&nbsp;Expansi\u00f3n<\/li>\n<li><a href=\"https:\/\/news.google.com\/rss\/articles\/CBMi5AFBVV95cUxQWEQzcTlYTFBBbndKLW9HUTMzNWZTYm5mZXhWd3NwYS1hSmRqb25zMF9xZnpkZVhyYWl5QWFWTmhlcW4waW14WW5fZzJqbGdlbXBRWXhhN2lsWWZIMG9XRWxEVGZlSGZoQmZzY3ozaXBlM256U2ZwSWJ0dW91eTZ2NnNxLW5wRHo0MHNHdkZmVUdEcU9lajI1bk8takxUYUM3THpMVHhaR3hxWG1FdUEzaTFkOEJLMTFtSFZ6U0taMDI3RHVDcFloNm5UNmJ3cVN2Ujh6S1lUWmF6Z1ppLUczd0xMX04?oc=5\" target=\"_blank\" rel=\"nofollow noopener\">La aseguradora Catalana Occidente deja de cotizar y pone fin a casi 30 a\u00f1os en Bolsa<\/a>&nbsp;&nbsp;Cinco D\u00edas<\/li>\n<li><a href=\"https:\/\/news.google.com\/rss\/articles\/CBMi1wFBVV95cUxQUXQ3b05fSWpxMXJtWFpqdl95LUYzMTBwQmpodWh2SDdjVkdDdTZvNWkycm84V1A4SndvWlU0dVNvVEpGUDhLYzFXQ0FBeTBZbDluXzRfdXpEaUlhQ2s3Z0E4Vi1ZaWxNNmg5YjZFc3VEMU5UUWloU0tYRVBMUEJ6aTJRREtnMG1Xd2NQc2d0TGY3cUQ0aVltQ1J1UklIN19JUGpDTHhna1hNMDk3OEU1Zk5MbkVIOUUyUkJEeTFxbkZtdzBWZGVuUWpyLUVJTldKaG9LQWFLTQ?oc=5\" target=\"_blank\" rel=\"nofollow noopener\">Catalana Occidente encara su salida de la bolsa al ejecutar Inocsa el \u00faltimo tr\u00e1mite Por EFE<\/a>&nbsp;&nbsp;Investing.com Espa\u00f1ol<\/li>\n<li><a href=\"https:\/\/news.google.com\/rss\/articles\/CBMiyAFBVV95cUxNUXdQYnc3TDRUTnktX216VzR6MzNxTDVhYjNnWTc1dEdFaXNVaHpWLUxTdWxCbnlHd2d5NzVoMFZPdXNPOERiSlN6QXdGRFlJdWM2c2NIY2ZqN25TMXZkZjFLRml2R3I4ekJfUE54QW9DRjdINjNpWHhadkpfYkhvek04b0hHT3ZhTjZWQXdxaFJqY1gybEtvVmozQkFGRW01OWNGMEltVktWbms3Y0UtMlZ5V1NVU2VJaW16RkZVcElmNnBqMFhFMg?oc=5\" target=\"_blank\" rel=\"nofollow noopener\">Grupo Catalana Occidente ser\u00e1 excluido de negociaci\u00f3n en Bolsa desde el 5 de enero<\/a>&nbsp;&nbsp;Valencia Plaza<\/li>\n<li><a href=\"https:\/\/news.google.com\/rss\/articles\/CBMikgFBVV95cUxPZEpoN3lhUmk5c2sxZ0ZuT3FTckxuS0lOalJPbDZBYUNuN0lydW1jSHJ3Vm1OV3poOGVuYUp4Z3BaNkNpNkdyTXM4NGU1cnFsclJGWmVPYkRoTEh3bnVhUFV0Rk1qU183U3h3a1JQUk0yY1BrT1R2aEN5NHVqWWhiN21qZ2ZvNWpCTjRidGw0cU1Edw?oc=5\" target=\"_blank\" rel=\"nofollow noopener\">Occidente dejar\u00e1 de cotizar en bolsa el pr\u00f3ximo lunes<\/a>&nbsp;&nbsp;Diari ARA<\/li>\n<\/ol>\n","protected":false},"excerpt":{"rendered":"Catalana Occidente deja de cotizar desde el pr\u00f3ximo lunes, d\u00eda 5&nbsp;&nbsp;Expansi\u00f3n La aseguradora Catalana Occidente deja de cotizar&hellip;\n","protected":false},"author":2,"featured_media":320121,"comment_status":"","ping_status":"","sticky":false,"template":"","format":"standard","meta":{"footnotes":""},"categories":[80],"tags":[82,95,94,2308,74566,25,24,10741,23],"class_list":{"0":"post-320120","1":"post","2":"type-post","3":"status-publish","4":"format-standard","5":"has-post-thumbnail","7":"category-economia","8":"tag-business","9":"tag-economia","10":"tag-economy","11":"tag-empresas","12":"tag-empresas-seguros","13":"tag-es","14":"tag-espana","15":"tag-seguros","16":"tag-spain"},"share_on_mastodon":{"url":"https:\/\/pubeurope.com\/@es\/115828689665694494","error":""},"_links":{"self":[{"href":"https:\/\/www.europesays.com\/es\/wp-json\/wp\/v2\/posts\/320120","targetHints":{"allow":["GET"]}}],"collection":[{"href":"https:\/\/www.europesays.com\/es\/wp-json\/wp\/v2\/posts"}],"about":[{"href":"https:\/\/www.europesays.com\/es\/wp-json\/wp\/v2\/types\/post"}],"author":[{"embeddable":true,"href":"https:\/\/www.europesays.com\/es\/wp-json\/wp\/v2\/users\/2"}],"replies":[{"embeddable":true,"href":"https:\/\/www.europesays.com\/es\/wp-json\/wp\/v2\/comments?post=320120"}],"version-history":[{"count":0,"href":"https:\/\/www.europesays.com\/es\/wp-json\/wp\/v2\/posts\/320120\/revisions"}],"wp:featuredmedia":[{"embeddable":true,"href":"https:\/\/www.europesays.com\/es\/wp-json\/wp\/v2\/media\/320121"}],"wp:attachment":[{"href":"https:\/\/www.europesays.com\/es\/wp-json\/wp\/v2\/media?parent=320120"}],"wp:term":[{"taxonomy":"category","embeddable":true,"href":"https:\/\/www.europesays.com\/es\/wp-json\/wp\/v2\/categories?post=320120"},{"taxonomy":"post_tag","embeddable":true,"href":"https:\/\/www.europesays.com\/es\/wp-json\/wp\/v2\/tags?post=320120"}],"curies":[{"name":"wp","href":"https:\/\/api.w.org\/{rel}","templated":true}]}}