{"id":320311,"date":"2026-01-03T04:52:55","date_gmt":"2026-01-03T04:52:55","guid":{"rendered":"https:\/\/www.europesays.com\/es\/320311\/"},"modified":"2026-01-03T04:52:55","modified_gmt":"2026-01-03T04:52:55","slug":"la-movilidad-urbana-entra-en-una-nueva-etapa-de-seguridad-en-2026-con-nuevas-obligaciones-para-los-patinetes-electricos","status":"publish","type":"post","link":"https:\/\/www.europesays.com\/es\/320311\/","title":{"rendered":"La movilidad urbana entra en una nueva etapa de seguridad en 2026 con nuevas obligaciones para los patinetes el\u00e9ctricos"},"content":{"rendered":"<p>Descripci\u00f3n<\/p>\n<ul class=\"cmListDisc\">\n<li>\nLa experiencia de ciudades como Valladolid donde se han anticipado esta normativa desde hace meses, aporta claves sobre c\u00f3mo mejorar la convivencia entre peatones, veh\u00edculos y patinetes.\n<\/li>\n<li>\nEl Ayuntamiento urge a la DGT a activar el registro y el seguro de los patinetes y recuerda que el casco y la prohibici\u00f3n de aceras ya est\u00e1n en vigor.\n<\/li>\n<\/ul>\n<p class=\"cmParagraph cmAlignjustify\">El a\u00f1o 2026 marca un punto de inflexi\u00f3n en la regulaci\u00f3n de los patinetes el\u00e9ctricos y otros Veh\u00edculos de Movilidad Personal (VMP) en Espa\u00f1a. Desde ma\u00f1ana, 2 de enero entra en vigor un nuevo marco estatal que establece obligaciones comunes en todo el territorio, con el objetivo de reforzar la seguridad vial, mejorar la convivencia en el espacio urbano y garantizar la responsabilidad de los usuarios.<\/p>\n<p class=\"cmParagraph cmAlignjustify\">La normativa estatal introduce como principales novedades la obligatoriedad del seguro de responsabilidad civil, la identificaci\u00f3n y registro de los VMP y un refuerzo de las normas de circulaci\u00f3n, especialmente en lo relativo al uso de espacios no habilitados y a la protecci\u00f3n de peatones. Estas medidas responden a una realidad consolidada en las ciudades, donde el patinete el\u00e9ctrico se ha convertido en un medio de transporte habitual, pero tambi\u00e9n en un nuevo reto para la seguridad y la convivencia vial.<\/p>\n<p class=\"cmParagraph cmAlignjustify\">En paralelo el Ayuntamiento de Valladolid ha instado a la Direcci\u00f3n General de Tr\u00e1fico (DGT) y al Gobierno de Espa\u00f1a a acelerar la aprobaci\u00f3n del Real Decreto que debe regular el registro estatal y el seguro obligatorio de los veh\u00edculos de movilidad personal (VMP), ante la confusi\u00f3n generada entre los usuarios de patinetes el\u00e9ctricos por la falta de desarrollo reglamentario de la normativa estatal.<\/p>\n<p class=\"cmParagraph cmAlignjustify\">El concejal de Tr\u00e1fico y Movilidad, Alberto Guti\u00e9rrez, ha reclamado que \u00abel Estado d\u00e9 cuanto antes seguridad jur\u00eddica tanto a los usuarios como a los ayuntamientos\u00bb, y ha subrayado que \u00abno tiene sentido exigir obligaciones que dependen de un registro estatal que todav\u00eda no est\u00e1 operativo\u00bb.<\/p>\n<p class=\"cmParagraph cmAlignjustify\"><strong>La experiencia acumulada en las calles vallisoletanas<\/strong><\/p>\n<p class=\"cmParagraph cmAlignjustify\">La experiencia acumulada en ciudades como Valladolid permite entender este refuerzo normativo. Los datos de los servicios de emergencia y de la Polic\u00eda Local reflejan que entre 2019 y 2024 se registraron m\u00e1s de 720 atropellos en la capital vallisoletana, con un incremento cercano al 10% en el \u00faltimo lustro. Aunque la mayor\u00eda de estos siniestros son protagonizados por veh\u00edculos tradicionales, los responsables de Tr\u00e1fico vinculan parte de este aumento a la irrupci\u00f3n progresiva de los patinetes el\u00e9ctricos y a las dificultades iniciales de convivencia con peatones y bicicletas, especialmente cuando se producen usos indebidos.<\/p>\n<p class=\"cmParagraph cmAlignjustify\">Los responsables policiales se\u00f1alan que el incremento de la siniestralidad no responde a un \u00fanico factor, sino a una combinaci\u00f3n de elementos comunes a muchas ciudades espa\u00f1olas: aumento del n\u00famero de VMP en circulaci\u00f3n, falta de adaptaci\u00f3n inicial a las normas, circulaci\u00f3n por espacios no permitidos y necesidad de reforzar la cultura de convivencia vial. Esta evoluci\u00f3n ha reforzado la importancia de anticiparse mediante regulaci\u00f3n, informaci\u00f3n y planificaci\u00f3n, desde un enfoque preventivo y de seguridad colectiva.<\/p>\n<p class=\"cmParagraph cmAlignjustify\"><strong>Criterios extensibles a toda Espa\u00f1a<\/strong><\/p>\n<p class=\"cmParagraph cmAlignjustify\">Valladolid aplica desde hace meses criterios que ahora se extienden al conjunto del pa\u00eds. El Ayuntamiento ha integrado los VMP en la calzada, ha prohibido su circulaci\u00f3n por aceras, ha reforzado las zonas de circulaci\u00f3n a 30 kil\u00f3metros\/hora y ha desarrollado campa\u00f1as informativas dirigidas tanto a usuarios de patinetes como a peatones. Las autoridades municipales subrayan que estas medidas buscan proteger a todos los usuarios del espacio p\u00fablico y reducir los conflictos derivados de una movilidad urbana cada vez m\u00e1s diversa.La entrada en vigor de la normativa estatal permite ahora homogeneizar estos criterios en toda Espa\u00f1a. Aunque los datos de siniestralidad var\u00edan entre ciudades, la experiencia apunta a que los incrementos observados en Valladolid responden a causas presentes en muchos entornos urbanos del pa\u00eds, lo que refuerza la utilidad de una regulaci\u00f3n com\u00fan y clara.<\/p>\n<p class=\"cmParagraph cmAlignjustify\"><strong>Con m\u00e1s de dos meses de campa\u00f1a informativa previa<\/strong><\/p>\n<p class=\"cmParagraph cmAlignjustify\">El nuevo marco normativo abre una etapa en la que la informaci\u00f3n al ciudadano, el cumplimiento de las obligaciones y la coordinaci\u00f3n entre administraciones resultan determinantes para avanzar hacia una movilidad urbana m\u00e1s segura, ordenada y compatible con todos los usos. En Valladolid, esta labor informativa se encuentra ya en marcha desde hace meses, con un marcado car\u00e1cter pedag\u00f3gico y preventivo.<\/p>\n<p class=\"cmParagraph cmAlignjustify\">El alcalde de Valladolid, Jes\u00fas Julio Carnero, destac\u00f3 en la presentaci\u00f3n de estas medidas su orientaci\u00f3n did\u00e1ctica. \u00abQueremos que los ciudadanos conozcan las normas y las asuman como una responsabilidad compartida. Valladolid apuesta por una movilidad moderna y sostenible, pero tambi\u00e9n por una movilidad segura. El cumplimiento de la normativa es la mejor garant\u00eda para una convivencia pac\u00edfica en nuestras calles\u00bb, se\u00f1al\u00f3 el regidor.<\/p>\n<p><\/p>\n","protected":false},"excerpt":{"rendered":"Descripci\u00f3n La experiencia de ciudades como Valladolid donde se han anticipado esta normativa desde hace meses, aporta claves&hellip;\n","protected":false},"author":2,"featured_media":320312,"comment_status":"","ping_status":"","sticky":false,"template":"","format":"standard","meta":{"footnotes":""},"categories":[5],"tags":[4115,4109,249,1250,17,18,4107,4114,777,4110,25,24,13,14,260,11,19,20,4108,9,4112,10,15,16,4111,4116,4113,23,12,21,22,1607],"class_list":{"0":"post-320311","1":"post","2":"type-post","3":"status-publish","4":"format-standard","5":"has-post-thumbnail","7":"category-titulares","8":"tag-agendas","9":"tag-alcaldia","10":"tag-ayudas","11":"tag-ayuntamiento","12":"tag-breaking-news","13":"tag-breakingnews","14":"tag-castilla","15":"tag-centros","16":"tag-ciudad","17":"tag-corporacion","18":"tag-es","19":"tag-espana","20":"tag-featured-news","21":"tag-featurednews","22":"tag-gente","23":"tag-headlines","24":"tag-latest-news","25":"tag-latestnews","26":"tag-leon","27":"tag-news","28":"tag-normativas","29":"tag-noticias","30":"tag-noticias-destacadas","31":"tag-noticiasdestacadas","32":"tag-presupuestos","33":"tag-publicaciones","34":"tag-servicios","35":"tag-spain","36":"tag-titulares","37":"tag-ultimas-noticias","38":"tag-ultimasnoticias","39":"tag-valladolid"},"share_on_mastodon":{"url":"","error":"Validation failed: Text character limit of 500 exceeded"},"_links":{"self":[{"href":"https:\/\/www.europesays.com\/es\/wp-json\/wp\/v2\/posts\/320311","targetHints":{"allow":["GET"]}}],"collection":[{"href":"https:\/\/www.europesays.com\/es\/wp-json\/wp\/v2\/posts"}],"about":[{"href":"https:\/\/www.europesays.com\/es\/wp-json\/wp\/v2\/types\/post"}],"author":[{"embeddable":true,"href":"https:\/\/www.europesays.com\/es\/wp-json\/wp\/v2\/users\/2"}],"replies":[{"embeddable":true,"href":"https:\/\/www.europesays.com\/es\/wp-json\/wp\/v2\/comments?post=320311"}],"version-history":[{"count":0,"href":"https:\/\/www.europesays.com\/es\/wp-json\/wp\/v2\/posts\/320311\/revisions"}],"wp:featuredmedia":[{"embeddable":true,"href":"https:\/\/www.europesays.com\/es\/wp-json\/wp\/v2\/media\/320312"}],"wp:attachment":[{"href":"https:\/\/www.europesays.com\/es\/wp-json\/wp\/v2\/media?parent=320311"}],"wp:term":[{"taxonomy":"category","embeddable":true,"href":"https:\/\/www.europesays.com\/es\/wp-json\/wp\/v2\/categories?post=320311"},{"taxonomy":"post_tag","embeddable":true,"href":"https:\/\/www.europesays.com\/es\/wp-json\/wp\/v2\/tags?post=320311"}],"curies":[{"name":"wp","href":"https:\/\/api.w.org\/{rel}","templated":true}]}}