{"id":320315,"date":"2026-01-03T05:02:09","date_gmt":"2026-01-03T05:02:09","guid":{"rendered":"https:\/\/www.europesays.com\/es\/320315\/"},"modified":"2026-01-03T05:02:09","modified_gmt":"2026-01-03T05:02:09","slug":"el-barca-vuelve-al-trabajo-en-2026-con-una-sesion-de-reactivacion","status":"publish","type":"post","link":"https:\/\/www.europesays.com\/es\/320315\/","title":{"rendered":"El Bar\u00e7a vuelve al trabajo en 2026 con una sesi\u00f3n de reactivaci\u00f3n"},"content":{"rendered":"<p class=\"ft-text\">El FC Barcelona volvi\u00f3 este viernes al trabajo tras el par\u00f3n navide\u00f1o con una sesi\u00f3n de reactivaci\u00f3n marcada por el componente f\u00edsico y la adaptaci\u00f3n individual. <strong>Fue el primer entrenamiento despu\u00e9s de las vacaciones y tambi\u00e9n el primero de 2026, planteado como una jornada introductoria para empezar a cargar progresivamente<\/strong> tras varios d\u00edas de descanso.<\/p>\n<p class=\"ft-text\">La sesi\u00f3n estuvo dise\u00f1ada en funci\u00f3n de las necesidades de cada futbolista. <strong>Mientras algunas jugadoras realizaron trabajo espec\u00edfico de recuperaci\u00f3n sobre el c\u00e9sped, otras centraron la jornada en el gimnasio o en ejercicios f\u00edsicos controlados<\/strong>, siguiendo un plan personalizado para volver poco a poco a la din\u00e1mica habitual.<\/p>\n<p class=\"ft-text\">En este contexto, el cuerpo t\u00e9cnico de <strong>Pere Romeu<\/strong> sigue recuperando efectivos. Si en los \u00faltimos partidos ya reapareci\u00f3 <strong>Kika Nazareth<\/strong>, tanto <strong>Salma Paralluelo<\/strong> como <strong>Patri Guijarro<\/strong> contin\u00faan con trabajo individual en el campo y con bal\u00f3n, con una evoluci\u00f3n satisfactoria tras lesiones de mayor duraci\u00f3n (solo quedar\u00eda <strong>Aitana Bonmat\u00ed <\/strong>en ese grupo). En la misma l\u00ednea se encuentra <strong>Ona Batlle<\/strong>, que sigue avanzando seg\u00fan los plazos previstos.<\/p>\n<p class=\"ft-text\">El par\u00f3n ha servido para recargar energ\u00edas despu\u00e9s de un inicio de temporada muy exigente, condicionado por una plantilla corta y varias bajas. <strong>Tras el \u00faltimo partido del a\u00f1o, disputado el 21 de diciembre en Copa, las jugadoras disfrutaron de unos d\u00edas de descanso antes de retomar la actividad <\/strong>en un ambiente positivo y de trabajo conjunto.<\/p>\n<p class=\"ft-text\"><strong>El equipo ya mira al exigente calendario de enero, con el regreso a la competici\u00f3n el pr\u00f3ximo d\u00eda 10 ante el Madrid CFF y la Supercopa <\/strong>como uno de los primeros grandes objetivos del a\u00f1o. El objetivo es claro: recuperar sensaciones, ajustar cargas y preparar un 2026 repleto de retos manteniendo la din\u00e1mica positiva del primer tramo de la temporada<\/p>\n","protected":false},"excerpt":{"rendered":"El FC Barcelona volvi\u00f3 este viernes al trabajo tras el par\u00f3n navide\u00f1o con una sesi\u00f3n de reactivaci\u00f3n marcada&hellip;\n","protected":false},"author":2,"featured_media":320316,"comment_status":"","ping_status":"","sticky":false,"template":"","format":"standard","meta":{"footnotes":""},"categories":[268],"tags":[2296,210,74601,168,3735,25,24,4649,280,282,46235,54685,31438,2596,32833,281,23,167],"class_list":{"0":"post-320315","1":"post","2":"type-post","3":"status-publish","4":"format-standard","5":"has-post-thumbnail","7":"category-futbol","8":"tag-barca","9":"tag-barcelona","10":"tag-batlle","11":"tag-deportes","12":"tag-entrenamientos","13":"tag-es","14":"tag-espana","15":"tag-femenino","16":"tag-football","17":"tag-futbol","18":"tag-guijarro","19":"tag-ona-batlle","20":"tag-patri","21":"tag-regreso","22":"tag-salma","23":"tag-soccer","24":"tag-spain","25":"tag-sports"},"share_on_mastodon":{"url":"https:\/\/pubeurope.com\/@es\/115829417138528469","error":""},"_links":{"self":[{"href":"https:\/\/www.europesays.com\/es\/wp-json\/wp\/v2\/posts\/320315","targetHints":{"allow":["GET"]}}],"collection":[{"href":"https:\/\/www.europesays.com\/es\/wp-json\/wp\/v2\/posts"}],"about":[{"href":"https:\/\/www.europesays.com\/es\/wp-json\/wp\/v2\/types\/post"}],"author":[{"embeddable":true,"href":"https:\/\/www.europesays.com\/es\/wp-json\/wp\/v2\/users\/2"}],"replies":[{"embeddable":true,"href":"https:\/\/www.europesays.com\/es\/wp-json\/wp\/v2\/comments?post=320315"}],"version-history":[{"count":0,"href":"https:\/\/www.europesays.com\/es\/wp-json\/wp\/v2\/posts\/320315\/revisions"}],"wp:featuredmedia":[{"embeddable":true,"href":"https:\/\/www.europesays.com\/es\/wp-json\/wp\/v2\/media\/320316"}],"wp:attachment":[{"href":"https:\/\/www.europesays.com\/es\/wp-json\/wp\/v2\/media?parent=320315"}],"wp:term":[{"taxonomy":"category","embeddable":true,"href":"https:\/\/www.europesays.com\/es\/wp-json\/wp\/v2\/categories?post=320315"},{"taxonomy":"post_tag","embeddable":true,"href":"https:\/\/www.europesays.com\/es\/wp-json\/wp\/v2\/tags?post=320315"}],"curies":[{"name":"wp","href":"https:\/\/api.w.org\/{rel}","templated":true}]}}