{"id":320411,"date":"2026-01-03T06:48:42","date_gmt":"2026-01-03T06:48:42","guid":{"rendered":"https:\/\/www.europesays.com\/es\/320411\/"},"modified":"2026-01-03T06:48:42","modified_gmt":"2026-01-03T06:48:42","slug":"ni-en-mis-mejores-suenos","status":"publish","type":"post","link":"https:\/\/www.europesays.com\/es\/320411\/","title":{"rendered":"Ni en mis mejores sue\u00f1os"},"content":{"rendered":"<p class=\"paragraph\">Este viernes 2 de enero La 1 emitir\u00e1 a partir de las 22.00 <b>el concierto de despedida de los escenarios <\/b>que ofreci\u00f3 Joaqu\u00edn Sabina el pasado 30 de noviembre en el Movistar Arena de Madrid. <a href=\"https:\/\/www.heraldo.es\/noticias\/ocio-y-cultura\/2026\/01\/01\/ultimo-concierto-joaquin-sabina-madrid-horario-donde-ver-television-gratis-1875443.html\" title=\"Horario y d\u00f3nde ver gratis el \u00faltimo concierto de Joaqu\u00edn Sabina en televisi\u00f3n: una emotiva despedida\" rel=\"nofollow noopener\" target=\"_blank\">Un show en el que particip\u00f3 un aragon\u00e9s como integrante de la banda del cantautor de \u00dabeda. <\/a>Un privilegio del que lleva disfrutando durante las dos \u00faltimas d\u00e9cadas.\u00a0<\/p>\n<p class=\"paragraph\"><b>Se trata de Josemi Segaste, un talentoso multiinstrumentalista<\/b> establecido en Ejea de los Caballeros, que en la reciente gira con Sabina ha tocado el saxof\u00f3n, pero tambi\u00e9n la flauta, el clarinete, el acorde\u00f3n y ocasionalmente teclados y percusi\u00f3n.<\/p>\n<p class=\"paragraph\">El zaragozano ha estado en cada uno de los 71 conciertos de un itinerario que arranc\u00f3 el pasado enero en Ciudad de M\u00e9xico, que recorri\u00f3 Am\u00e9rica y que culmin\u00f3 en Espa\u00f1a y en capitales europeas como Londres y Par\u00eds. <b>Una marchar triunfal en la que el p\u00fablico se ha volcado<\/b> para decir adi\u00f3s al autor de &#8216;Princesa&#8217; y &#8217;19 d\u00edas y 500 noches&#8217;.\u00a0<\/p>\n<p class=\"paragraph\">Segaste ha grabado un v\u00eddeo dirigido a Joaqu\u00edn Sabina en el que sintetiza sus sentimientos y emociones ante lo vivido. \u00abDecirte que muchas gracias por todo. Ni en mis mejores sue\u00f1os hubiera so\u00f1ado que habr\u00edan pasado 20 a\u00f1os tan buenos. Darte las gracias por estos 20 a\u00f1os,<b> por lo que he aprendido, por el gran jefe que eres <\/b>y lo bien que te has portado conmigo\u00bb, proclama.<\/p>\n<p class=\"paragraph\">La relaci\u00f3n profesional entre ambos viene de largo. <b>\u201cLa primera vez que grab\u00e9 con \u00e9l fue en 2002, y la primera gira, en 2006. <\/b>Es media vida, tira cuentas: tengo 50 ahora, aunque en mi cabeza a\u00fan ando por los 35&#8243;, confes\u00f3 a HERALDO el pasado junio en la antesala de los dos conciertos en el pabell\u00f3n Pr\u00edncipe Felipe de Zaragoza.\u00a0<\/p>\n<p class=\"paragraph\">Unas elogiosas palabras a las que tambi\u00e9n se ha sumado Antonio Garc\u00eda de Diego, el director musical de Joaqu\u00edn Sabina y su compa\u00f1ero fiel durante muchas d\u00e9cadas. As\u00ed comienza su mensaje: \u00abYo no puedo decir si ha sido la mejor gira de Joaqu\u00edn Sabina. Lo que s\u00ed puedo decir es que<b> ha sido la m\u00e1s emotiva y emocionante\u00bb.\u00a0<\/b><\/p>\n<p class=\"paragraph\">Y concluye hablando del futuro: \u00abNosotros seguiremos como banda intentando seguir cantando las canciones de Joaqu\u00edn y haci\u00e9ndolas cantar a la gente. Eso es lo que nos queda. Nos quedamos con el recuerdo de haber trabajado con <b>el cantante m\u00e1s generoso\u00bb.\u00a0<\/b><\/p>\n","protected":false},"excerpt":{"rendered":"Este viernes 2 de enero La 1 emitir\u00e1 a partir de las 22.00 el concierto de despedida de&hellip;\n","protected":false},"author":2,"featured_media":320412,"comment_status":"","ping_status":"","sticky":false,"template":"","format":"standard","meta":{"footnotes":""},"categories":[91],"tags":[204,146,147,25,24,31320,74640,23],"class_list":{"0":"post-320411","1":"post","2":"type-post","3":"status-publish","4":"format-standard","5":"has-post-thumbnail","7":"category-entretenimiento","8":"tag-despedida","9":"tag-entertainment","10":"tag-entretenimiento","11":"tag-es","12":"tag-espana","13":"tag-joaquin-sabina","14":"tag-josemio-segaste","15":"tag-spain"},"share_on_mastodon":{"url":"https:\/\/pubeurope.com\/@es\/115829834220297910","error":""},"_links":{"self":[{"href":"https:\/\/www.europesays.com\/es\/wp-json\/wp\/v2\/posts\/320411","targetHints":{"allow":["GET"]}}],"collection":[{"href":"https:\/\/www.europesays.com\/es\/wp-json\/wp\/v2\/posts"}],"about":[{"href":"https:\/\/www.europesays.com\/es\/wp-json\/wp\/v2\/types\/post"}],"author":[{"embeddable":true,"href":"https:\/\/www.europesays.com\/es\/wp-json\/wp\/v2\/users\/2"}],"replies":[{"embeddable":true,"href":"https:\/\/www.europesays.com\/es\/wp-json\/wp\/v2\/comments?post=320411"}],"version-history":[{"count":0,"href":"https:\/\/www.europesays.com\/es\/wp-json\/wp\/v2\/posts\/320411\/revisions"}],"wp:featuredmedia":[{"embeddable":true,"href":"https:\/\/www.europesays.com\/es\/wp-json\/wp\/v2\/media\/320412"}],"wp:attachment":[{"href":"https:\/\/www.europesays.com\/es\/wp-json\/wp\/v2\/media?parent=320411"}],"wp:term":[{"taxonomy":"category","embeddable":true,"href":"https:\/\/www.europesays.com\/es\/wp-json\/wp\/v2\/categories?post=320411"},{"taxonomy":"post_tag","embeddable":true,"href":"https:\/\/www.europesays.com\/es\/wp-json\/wp\/v2\/tags?post=320411"}],"curies":[{"name":"wp","href":"https:\/\/api.w.org\/{rel}","templated":true}]}}